{"id":469028,"date":"2020-05-21T00:01:09","date_gmt":"2020-05-21T05:01:09","guid":{"rendered":"https:\/\/www.diarioimagen.net\/?p=469028"},"modified":"2020-05-21T00:28:03","modified_gmt":"2020-05-21T05:28:03","slug":"militarizacion","status":"publish","type":"post","link":"https:\/\/www.diarioimagen.net\/?p=469028","title":{"rendered":"Militarizaci\u00f3n"},"content":{"rendered":"<h2>De pe a pa<\/h2>\n<h5>Alberto Vieyra G.<\/h5>\n<p>&nbsp;<\/p>\n<p>Durante la campa\u00f1a electoral, Andr\u00e9s Manuel L\u00f3pez Obrador acatarr\u00f3 a los mexicanos con el cuento de que mandar\u00eda al Ej\u00e9rcito y la Armada de M\u00e9xico a sus cuarteles, en virtud de que las fuerzas armadas estaban realizando labores policiacas que no les confer\u00eda, pero a 18 meses de cobrar como Presidente de la Rep\u00fablica nos sale con que <em>dijo mi am\u00e1 que siempre no <\/em>y a trav\u00e9s de otro ilegal decretazo anuncia que nuestros <em>juanes<\/em> seguir\u00e1n en las calles en labores de seguridad p\u00fablica a partir del pasado martes 12 de mayo.<\/p>\n<p>\u00bfQu\u00e9 nos dice semejante contrariedad de AMLO?<\/p>\n<p>En primer lugar, nos dice que su demencial estrategia de combatir a las mafias con \u201cabrazos y no con balazos\u201d, fue un monumental dislate mental que le ha merecido todo g\u00e9nero de chungas y que la creaci\u00f3n de la Guardia Nacional fue todo un fracaso y, en suma, nos dice que inexplicablemente M\u00e9xico se militariza, \u00bfa qu\u00e9 se debe esa acelerada militarizaci\u00f3n que sigue los pasos de su antecesor, el panista Felipe Calder\u00f3n? \u00bfno que AMLO es un reformador que marca pautas y no sigue corrientes del pasado que probaron su ineptitud? \u00bfesa militarizaci\u00f3n decretada por AMLO obedece a dictados del pent\u00e1gono norteamericano? \u00bfAMLO es un pelele al servicio de Donald Trump?<\/p>\n<p>Nos queda muy claro que la Guardia Nacional fue creada para contener a la migraci\u00f3n centroamericana, pues Donald Trump ha dicho hasta el cansancio que su \u201camigo AMLO\u201d le puso m\u00e1s de 27 mil soldados para frenar la creciente migraci\u00f3n centroamericana en la frontera con Guatemala y a lo largo de las rutas que llevan al vecino pa\u00eds del norte, y que ante la creciente criminalidad de M\u00e9xico, se hace urgente que las Fuerzas Armadas militaricen la rep\u00fablica para contener a las malvadas bandas criminales que como nunca tiene como reh\u00e9n al pa\u00eds, pues la creciente ola macabra es imparable y pareciera que, tanto elementos de la Guardia Nacional como polic\u00edas estatales, est\u00e1n de adorno y en ocasiones al servicio de los malosos.<\/p>\n<p>Pero hay algo m\u00e1s importante en el fondo en la militarizaci\u00f3n del pa\u00eds: A Estados Unidos le urge y le requeteconviene el deterioro del Ej\u00e9rcito mexicano reducido a cumplir labores polic\u00edacas porque de esa forma, el Pent\u00e1gono estar\u00e1 en posibilidades de conformar una fuerza militar hemisf\u00e9rica para patrullar todo el continente americano. Estamos ante un asunto muy peligroso de soberan\u00eda nacional, pero no se descarta que ante la crisis social que dejar\u00e1 la pandemia del coronavirus con un desempleo de m\u00e1s de 1 mill\u00f3n y medio de compatriotas y la quiebra de casi un mill\u00f3n de micros y medianas empresas, podr\u00edan producirse estallidos sociales que preocupan al <em>T\u00edo Sam<\/em>.<\/p>\n<p>As\u00ed que, el no de AMLO, se convirti\u00f3 en un s\u00ed y esa inestabilidad emocional y pol\u00edtica del Presidente genera mucha desconfianza a los mexicanos y quiz\u00e1 ello explique el porqu\u00e9 est\u00e1 militarizando a la naci\u00f3n azteca. Veremos si los soldados mexicanos aguantan hasta 2024 realizando labores de alba\u00f1iles, polic\u00edas y muchas otras ocurrencias del Presidente de la Rep\u00fablica.<\/p>\n<p><em><a href=\"mailto:info@agenciamn.com\" target=\"_blank\" rel=\"noopener noreferrer\">info@agenciamn.com<\/a><\/em><\/p>\n","protected":false},"excerpt":{"rendered":"<p><span style=\"color: #005497;\"><strong>Alberto Vieyra G.<\/strong><\/span><\/p>\n","protected":false},"author":3,"featured_media":0,"comment_status":"open","ping_status":"open","sticky":false,"template":"","format":"standard","meta":{"_monsterinsights_skip_tracking":false,"_monsterinsights_sitenote_active":false,"_monsterinsights_sitenote_note":"","_monsterinsights_sitenote_category":0,"footnotes":""},"categories":[4596],"tags":[43697,4597,43674],"class_list":["post-469028","post","type-post","status-publish","format-standard","hentry","category-alberto-vieyra-g","tag-alberto-vieyra-g","tag-de-pe-a-pa","tag-opinion"],"_links":{"self":[{"href":"https:\/\/www.diarioimagen.net\/index.php?rest_route=\/wp\/v2\/posts\/469028","targetHints":{"allow":["GET"]}}],"collection":[{"href":"https:\/\/www.diarioimagen.net\/index.php?rest_route=\/wp\/v2\/posts"}],"about":[{"href":"https:\/\/www.diarioimagen.net\/index.php?rest_route=\/wp\/v2\/types\/post"}],"author":[{"embeddable":true,"href":"https:\/\/www.diarioimagen.net\/index.php?rest_route=\/wp\/v2\/users\/3"}],"replies":[{"embeddable":true,"href":"https:\/\/www.diarioimagen.net\/index.php?rest_route=%2Fwp%2Fv2%2Fcomments&post=469028"}],"version-history":[{"count":0,"href":"https:\/\/www.diarioimagen.net\/index.php?rest_route=\/wp\/v2\/posts\/469028\/revisions"}],"wp:attachment":[{"href":"https:\/\/www.diarioimagen.net\/index.php?rest_route=%2Fwp%2Fv2%2Fmedia&parent=469028"}],"wp:term":[{"taxonomy":"category","embeddable":true,"href":"https:\/\/www.diarioimagen.net\/index.php?rest_route=%2Fwp%2Fv2%2Fcategories&post=469028"},{"taxonomy":"post_tag","embeddable":true,"href":"https:\/\/www.diarioimagen.net\/index.php?rest_route=%2Fwp%2Fv2%2Ftags&post=469028"}],"curies":[{"name":"wp","href":"https:\/\/api.w.org\/{rel}","templated":true}]}}