{"id":469098,"date":"2020-05-22T00:05:43","date_gmt":"2020-05-22T05:05:43","guid":{"rendered":"https:\/\/www.diarioimagen.net\/?p=469098"},"modified":"2020-05-22T02:20:18","modified_gmt":"2020-05-22T07:20:18","slug":"atencion-dental-debe-ser-unicamente-por-emergencias","status":"publish","type":"post","link":"https:\/\/www.diarioimagen.net\/?p=469098","title":{"rendered":"Atenci\u00f3n dental debe ser \u00fanicamente por emergencias"},"content":{"rendered":"<ul>\n<li><strong><em>Ante la contingencia sanitaria por coronavirus<\/em><\/strong><\/li>\n<\/ul>\n<p>&nbsp;<\/p>\n<div id=\"attachment_469166\" style=\"width: 470px\" class=\"wp-caption aligncenter\"><a href=\"https:\/\/www.diarioimagen.net\/?attachment_id=469166\" rel=\"attachment wp-att-469166\"><img loading=\"lazy\" decoding=\"async\" aria-describedby=\"caption-attachment-469166\" class=\"size-large wp-image-469166\" src=\"https:\/\/www.diarioimagen.net\/wp-content\/uploads\/2020\/05\/UAEM22-460x259.jpg\" alt=\"\" width=\"460\" height=\"259\" srcset=\"https:\/\/www.diarioimagen.net\/wp-content\/uploads\/2020\/05\/UAEM22-460x259.jpg 460w, https:\/\/www.diarioimagen.net\/wp-content\/uploads\/2020\/05\/UAEM22-240x135.jpg 240w, https:\/\/www.diarioimagen.net\/wp-content\/uploads\/2020\/05\/UAEM22-235x132.jpg 235w, https:\/\/www.diarioimagen.net\/wp-content\/uploads\/2020\/05\/UAEM22-202x114.jpg 202w, https:\/\/www.diarioimagen.net\/wp-content\/uploads\/2020\/05\/UAEM22-350x196.jpg 350w, https:\/\/www.diarioimagen.net\/wp-content\/uploads\/2020\/05\/UAEM22-220x123.jpg 220w, https:\/\/www.diarioimagen.net\/wp-content\/uploads\/2020\/05\/UAEM22-237x132.jpg 237w, https:\/\/www.diarioimagen.net\/wp-content\/uploads\/2020\/05\/UAEM22.jpg 480w\" sizes=\"auto, (max-width: 460px) 100vw, 460px\" \/><\/a><p id=\"caption-attachment-469166\" class=\"wp-caption-text\">En casos no graves se recomienda a los profesionales de la salud bucal ofrecer a los pacientes pautas de medicaci\u00f3n y recetas digitales.<\/p><\/div>\n<p>&nbsp;<\/p>\n<p><strong>Toluca, Estado de M\u00e9xico.\u2013. <\/strong>Ante la contingencia sanitaria por la Covid-19, la atenci\u00f3n dental debe ser \u00fanicamente por emergencias y en casos no graves los dentistas deben atender v\u00eda telef\u00f3nica o por internet, destac\u00f3 el odont\u00f3logo de la Cl\u00ednica Multidisciplinaria de Salud de la Universidad Aut\u00f3noma del Estado de M\u00e9xico, Juan Francisco Nogales Cano.<\/p>\n<p>El especialista universitario indic\u00f3 que en seguimiento a la normatividad sanitaria mexicana y de grupos internacionales como la Asociaci\u00f3n Dental Americana, los casos de emergencia se clasifican en dolor que impide dormir, absceso con fiebre alta y traumatismo; sin embargo, de acuerdo con la gravedad, dichos casos pueden remitirse a hospitales.<\/p>\n<p>En casos no graves, precis\u00f3, se recomienda a los profesionales de la salud bucal ofrecer a los pacientes pautas de medicaci\u00f3n y recetas digitales, as\u00ed como consejos odontol\u00f3gicos a trav\u00e9s de llamadas telef\u00f3nicas o en video.<\/p>\n<p>Nogales Cano puntualiz\u00f3 que para la atenci\u00f3n en consultorio, los profesionales deben regirse por la Norma Oficial Mexicana NOM-013, la cual indica que para evitar contagios todos los pacientes deben considerarse como potencialmente infecciosos, por lo que los materiales empleados durante la consulta deben tratarse como residuos peligrosos biol\u00f3gico infecciosos.<\/p>\n<p>Para su protecci\u00f3n y evitar contagios, manifest\u00f3, los odont\u00f3logos deben usar cubrebocas N95 o KN95, guantes desechables, careta y lentes protectores, as\u00ed como bata con mangas desechables.<\/p>\n<p>En consultorios dentales o cl\u00ednicas, sostuvo, la sala de espera deber\u00e1 estar libre de objetos, revistas y juguetes, mientras que los pacientes deber\u00e1n ir solos o en caso de ser necesario, acompa\u00f1ados de una persona.<\/p>\n<p>Juan Francisco Nogales Cano recomend\u00f3 reforzar la higiene dental durante el confinamiento por la Covid-19 y practicar las t\u00e9cnicas de cepillado, as\u00ed como evitar alimentos azucarados o gaseosos, a fin de impedir que incremente la probabilidad de contraer caries.<\/p>\n","protected":false},"excerpt":{"rendered":"<p>Ante la contingencia sanitaria por la Covid-19, la atenci\u00f3n dental debe ser \u00fanicamente por emergencias y en casos no graves los dentistas deben atender v\u00eda telef\u00f3nica o por internet, destac\u00f3 el odont\u00f3logo de la Cl\u00ednica Multidisciplinaria de Salud de la Universidad Aut\u00f3noma del Estado de M\u00e9xico, Juan Francisco Nogales Cano.<\/p>\n","protected":false},"author":3,"featured_media":469166,"comment_status":"open","ping_status":"open","sticky":false,"template":"","format":"standard","meta":{"_monsterinsights_skip_tracking":false,"_monsterinsights_sitenote_active":false,"_monsterinsights_sitenote_note":"","_monsterinsights_sitenote_category":0,"footnotes":""},"categories":[5],"tags":[90021,89459,43675,29516,452],"class_list":["post-469098","post","type-post","status-publish","format-standard","has-post-thumbnail","hentry","category-estado-de-mexico","tag-covid-19","tag-dentista","tag-estado-de-mexico","tag-pandemia","tag-toluca"],"_links":{"self":[{"href":"https:\/\/www.diarioimagen.net\/index.php?rest_route=\/wp\/v2\/posts\/469098","targetHints":{"allow":["GET"]}}],"collection":[{"href":"https:\/\/www.diarioimagen.net\/index.php?rest_route=\/wp\/v2\/posts"}],"about":[{"href":"https:\/\/www.diarioimagen.net\/index.php?rest_route=\/wp\/v2\/types\/post"}],"author":[{"embeddable":true,"href":"https:\/\/www.diarioimagen.net\/index.php?rest_route=\/wp\/v2\/users\/3"}],"replies":[{"embeddable":true,"href":"https:\/\/www.diarioimagen.net\/index.php?rest_route=%2Fwp%2Fv2%2Fcomments&post=469098"}],"version-history":[{"count":0,"href":"https:\/\/www.diarioimagen.net\/index.php?rest_route=\/wp\/v2\/posts\/469098\/revisions"}],"wp:featuredmedia":[{"embeddable":true,"href":"https:\/\/www.diarioimagen.net\/index.php?rest_route=\/wp\/v2\/media\/469166"}],"wp:attachment":[{"href":"https:\/\/www.diarioimagen.net\/index.php?rest_route=%2Fwp%2Fv2%2Fmedia&parent=469098"}],"wp:term":[{"taxonomy":"category","embeddable":true,"href":"https:\/\/www.diarioimagen.net\/index.php?rest_route=%2Fwp%2Fv2%2Fcategories&post=469098"},{"taxonomy":"post_tag","embeddable":true,"href":"https:\/\/www.diarioimagen.net\/index.php?rest_route=%2Fwp%2Fv2%2Ftags&post=469098"}],"curies":[{"name":"wp","href":"https:\/\/api.w.org\/{rel}","templated":true}]}}