{"id":469121,"date":"2020-05-22T00:02:44","date_gmt":"2020-05-22T05:02:44","guid":{"rendered":"https:\/\/www.diarioimagen.net\/?p=469121"},"modified":"2020-05-21T23:54:30","modified_gmt":"2020-05-22T04:54:30","slug":"extinguir-44-fideicomisos-otra-ocurrencia-de-la-llamada-cuarta-transformacion","status":"publish","type":"post","link":"https:\/\/www.diarioimagen.net\/?p=469121","title":{"rendered":"Extinguir 44 fideicomisos, otra ocurrencia de la llamada Cuarta Transformaci\u00f3n"},"content":{"rendered":"<h2>La Retaguardia<\/h2>\n<h5>Adriana Moreno Cordero<\/h5>\n<p>&nbsp;<\/p>\n<p>&nbsp;<\/p>\n<p>Tiene toda la raz\u00f3n el coordinador de la bancada del PRI en la C\u00e1mara de Diputados, <strong>Ren\u00e9 Ju\u00e1rez Cisneros<\/strong>, cuando dice que el gobierno que encabeza la llamada cuarta transformaci\u00f3n, es uno de puras ocurrencias. La m\u00e1s reciente es sin duda muy grave y corri\u00f3 a cargo de la diputada, -ahora destacada morenista-, <strong>Mar\u00eda de los Dolores Padierna Luna<\/strong>, quien sin empacho alguno, propuso extinguir 44 Fideicomisos, incluidos el que apoya al Cine y la Cultura, as\u00ed como el Fondo de Desastres, sobre todo ahora que viene la \u00e9poca de ciclones, am\u00e9n de que M\u00e9xico no est\u00e1 exento de los temblores,<\/p>\n<p>Y el argumento que utiliza la diputada, es que el gobierno necesita dinero para enfrentar la pandemia del Covid-19 (\u00a1s\u00ed, como lo han hecho taaan bien!). De inmediato la locura, (\u00a1perd\u00f3n!), la iniciativa propuesta por la exdelegada en Cuauht\u00e9moc, pas\u00f3 a la Comisi\u00f3n de Presupuesto y Cuenta P\u00fablica, s\u00ed, esa que presidi\u00f3 alg\u00fan tiempo el hoy flamante dirigente de Morena, <strong>Alfonso Ram\u00edrez Cu\u00e9llar<\/strong>, al que tambi\u00e9n, por cierto, se le ocurre cada cosa\u2026<\/p>\n<p>El grave riesgo de esta iniciativa propuesta por la esposa de <strong>Ren\u00e9 Juvenal Bejarano<\/strong>, mejor conocido como \u201cel se\u00f1or de las ligas\u201d, -as\u00ed la calidad moral de los legisladores del partido en el poder-, es que, impulsada por la bancada morenista en San L\u00e1zaro que coordina <strong>Mario Mart\u00edn Delgado<\/strong>, solo requiere la mayor\u00eda simple para pasar y esa, sin problema alguno la re\u00fane Morena.<\/p>\n<p>La oposici\u00f3n en la C\u00e1mara de Diputados, de inmediato se manifest\u00f3 en contra de esta nueva atrocidad y por ello, el diputado Delgado, junto con el coordinador de la fracci\u00f3n morenista en el Senado de la Rep\u00fablica, <strong>Ricardo Monreal<\/strong>, ofreci\u00f3 analizar la controvertida propuesta.<\/p>\n<p>Qui\u00e9n sabe si el coordinador en San L\u00e1zaro cumpla su ofrecimiento, porque es bien sabido que est\u00e1 a las \u00f3rdenes del presidente <strong>Andr\u00e9s Manuel L\u00f3pez Obrado<\/strong>r.<\/p>\n<p style=\"text-align: center;\"><strong>MUNICIONES<\/strong><\/p>\n<p>*** Por cierto, esta semana salieron a relucir las cifras oficiales del Gobierno federal y contrario a lo que supon\u00edan algunos conocedores de los n\u00fameros, las estad\u00edsticas dieron un leve, pero significativo giro en los delitos cometidos en contra de la ciudadan\u00eda en esta temporada de encierro. Resulta que las famosas averiguaciones previas, que en los \u00faltimos a\u00f1os cambiaron de nombre al de carpetas de investigaci\u00f3n, legalmente son los documentos oficiales que registran las denuncias ciudadanas. M\u00e1s all\u00e1 de que las autoridades federales dieron a conocer un descenso en las cifras del Sistema Nacional de Seguridad P\u00fablica, por parte del secretario <strong>Alfonso Durazo<\/strong>, en la mayor\u00eda de los delitos que reportan las fiscal\u00edas estatales, ser\u00e1 importante conocer tambi\u00e9n cu\u00e1l es la responsabilidad que tienen las autoridades estatales para prevenir, combatir e investigar los ataques que sufren los mexicanos en todo el pa\u00eds. Hoy en d\u00eda poco o nada\u00a0 se sabe de qu\u00e9 es lo que hacen las autoridades en los municipios y entidades federativas para proteger el patrimonio de sus gobernados. \u00bfAcaso ser\u00e1 que en esta temporada de pandemia nacional, los gobernadores y presidentes municipales prefieren no asomar la cabeza, y mucho menos en materia de seguridad? al fin y al cabo la federaci\u00f3n se ech\u00f3 en la espalda toda la responsabilidad de los embates de la delincuencia. \u00a1Y por eso hay muchos que se hacen que la virgen les habla!<\/p>\n<p>*** Buen arreglo al que habr\u00e1 llegado ni m\u00e1s ni menos que el alcalde en Benito Ju\u00e1rez, el panista <strong>Santiago Taboada<\/strong> con el gobierno de la Ciudad de M\u00e9xico que encabeza <strong>Claudia Sheinbaum<\/strong>, o, \u00bfde qu\u00e9 otra manera puede interpretarse que una persona que pertenecer\u00eda al gobierno capitalino aparezca posando para la foto supuestamente sanitizando \u00e1reas como parques en dicha jurisdicci\u00f3n? Como dice por sus redes el excandidato a la C\u00e1mara de Diputados, <strong>Esteban Ruiz Carballido<\/strong>, resulta pat\u00e9tico que personal de dicha alcald\u00eda tomen fotograf\u00edas para aparentar que el alcalde Taboada se preocupa por sanitizar espacios p\u00fablicos en Benito Ju\u00e1rez, vali\u00e9ndose de personal del gobierno de la CDMX, as\u00ed que volvemos a lo mismo, por lo visto, el funcionario panista tiene prioridades como \u201cla foto y los reflectores\u201d.<\/p>\n<p>*** Por cierto y hablando de los panistas, uno que afortunadamente y a diferencia del alcalde Taboada-, si \u201cpinta su rayita\u201d con respecto a la llamada cuarta transformaci\u00f3n, es el senador <strong>Gustavo Enrique Madero Mu\u00f1oz<\/strong>, quien se\u00f1al\u00f3 que la situaci\u00f3n que vive M\u00e9xico ante la crisis sanitaria, sin duda,\u00a0 tambi\u00e9n ha llevado a una crisis econ\u00f3mica y social. En conferencia de prensa virtual, el senador por Chihuahua dijo que se entrar\u00e1 en la mayor recesi\u00f3n y la m\u00e1s profunda que ha vivido M\u00e9xico, con una p\u00e9rdida entre el 7 y 10 por ciento del PIB en este a\u00f1o (lo bueno es que en M\u00e9xico, ya \u201cdomamos\u201d la pandemia. Agreg\u00f3 que, \u201cEl presidente L\u00f3pez Obrador ha provocado, primero, que tengamos la mayor tasa de letalidad en Am\u00e9rica Latina. Esto es una evidencia de que no estamos preparados y no se est\u00e1n tomando las medidas adecuadas en el sistema. No se est\u00e1 apoyando con los recursos, con los equipos, con las preparaciones de respiradores para hacerle frente\u201d, indic\u00f3. Adem\u00e1s, hizo \u00e9nfasis en que aumentar\u00e1 la pobreza en M\u00e9xico, con m\u00e1s de 10 millones de nuevos pobres, y m\u00e1s de 35 millones de mexicanos no tendr\u00e1n los ingresos suficientes para adquirir la canasta b\u00e1sica.<\/p>\n<p>*** La Confederaci\u00f3n Patronal de la Rep\u00fablica Mexicana (COPARMEX) y SAP, empresa alemana, l\u00edder en software empresarial, lanzaron un programa de capacitaci\u00f3n gratuita sobre comercio electr\u00f3nico, optimizaci\u00f3n del trabajo remoto, t\u00e9cnicas de marketing digital y acceso a cadenas de suministro globales, como<strong>\u00a0<\/strong>herramientas digitales de car\u00e1cter vital para que las PyMEs, emprendedores y empresarios superen la crisis y se adapten as\u00ed al nuevo entorno econ\u00f3mico. Desde el 1 de abril, m\u00e1s de 650 emprendedores y empresarios han participado en las sesiones de capacitaci\u00f3n en l\u00ednea, destacando micro, peque\u00f1as y medianas empresas de Oaxaca, Guerrero, Chihuahua, Nayarit, CDMX y Baj\u00edo, entre otras. Asimismo, ha habido presencia de compa\u00f1\u00edas del sector tur\u00edstico, entretenimiento, log\u00edstica, transporte y productos de consumo, de todo el pa\u00eds. Los temas previstos est\u00e1n focalizados a sectores espec\u00edficos como Retail y Automotriz, adem\u00e1s de salud y administraci\u00f3n del talento. Actualmente, s\u00f3lo el 30% de las empresas cuentan con una estrategia de ventas en l\u00ednea, y \u00fanicamente 5% de las organizaciones en crecimiento en M\u00e9xico, utilizan tecnolog\u00eda y datos para tomar mejores decisiones en tiempo real.<\/p>\n<p><u><a href=\"mailto:morcora@gmail.com\" target=\"_blank\" rel=\"noopener noreferrer\"><em>morcora@gmail.com<\/em><\/a><\/u><\/p>\n","protected":false},"excerpt":{"rendered":"<p><span style=\"color: #005497;\"><strong>Adriana Moreno Cordero<\/strong><\/span><\/p>\n","protected":false},"author":3,"featured_media":0,"comment_status":"open","ping_status":"open","sticky":false,"template":"","format":"standard","meta":{"_monsterinsights_skip_tracking":false,"_monsterinsights_sitenote_active":false,"_monsterinsights_sitenote_note":"","_monsterinsights_sitenote_category":0,"footnotes":""},"categories":[69370],"tags":[69369,69368,43674],"class_list":["post-469121","post","type-post","status-publish","format-standard","hentry","category-adriana-moreno-cordero","tag-adriana-moreno-cordero","tag-la-retaguardia","tag-opinion"],"_links":{"self":[{"href":"https:\/\/www.diarioimagen.net\/index.php?rest_route=\/wp\/v2\/posts\/469121","targetHints":{"allow":["GET"]}}],"collection":[{"href":"https:\/\/www.diarioimagen.net\/index.php?rest_route=\/wp\/v2\/posts"}],"about":[{"href":"https:\/\/www.diarioimagen.net\/index.php?rest_route=\/wp\/v2\/types\/post"}],"author":[{"embeddable":true,"href":"https:\/\/www.diarioimagen.net\/index.php?rest_route=\/wp\/v2\/users\/3"}],"replies":[{"embeddable":true,"href":"https:\/\/www.diarioimagen.net\/index.php?rest_route=%2Fwp%2Fv2%2Fcomments&post=469121"}],"version-history":[{"count":0,"href":"https:\/\/www.diarioimagen.net\/index.php?rest_route=\/wp\/v2\/posts\/469121\/revisions"}],"wp:attachment":[{"href":"https:\/\/www.diarioimagen.net\/index.php?rest_route=%2Fwp%2Fv2%2Fmedia&parent=469121"}],"wp:term":[{"taxonomy":"category","embeddable":true,"href":"https:\/\/www.diarioimagen.net\/index.php?rest_route=%2Fwp%2Fv2%2Fcategories&post=469121"},{"taxonomy":"post_tag","embeddable":true,"href":"https:\/\/www.diarioimagen.net\/index.php?rest_route=%2Fwp%2Fv2%2Ftags&post=469121"}],"curies":[{"name":"wp","href":"https:\/\/api.w.org\/{rel}","templated":true}]}}