{"id":469137,"date":"2020-05-22T00:00:39","date_gmt":"2020-05-22T05:00:39","guid":{"rendered":"https:\/\/www.diarioimagen.net\/?p=469137"},"modified":"2020-05-22T00:18:57","modified_gmt":"2020-05-22T05:18:57","slug":"blindan-playas-publicas-de-cancun-para-evitar-futuras-privatizaciones","status":"publish","type":"post","link":"https:\/\/www.diarioimagen.net\/?p=469137","title":{"rendered":"Blindan playas p\u00fablicas de Canc\u00fan para evitar futuras privatizaciones"},"content":{"rendered":"<h2>\u201cHora 14\u201d<\/h2>\n<h5>Mauricio Conde Olivares<\/h5>\n<p>&nbsp;<\/p>\n<p>Fonatur ha determinado que los predios colindantes a la playa p\u00fablica Delfines no ser\u00e1n vendidos y se destinar\u00e1n a espacios y servicios p\u00fablicos. Estamos hablando de cuatro lotes con un total de casi 20 mil metros cuadrados para lograr con esto que casi se duplique el \u00e1rea de la playa p\u00fablica original y as\u00ed ampliar El Mirador de esa gran ventana hacia el Mar Caribe.<\/p>\n<p>Con ello, Fonatur da fin a la pol\u00e9mica que se ha suscitado en Canc\u00fan, municipio de Benito Ju\u00e1rez, relacionada con Playa Delfines y las especulaciones sobre el estatus de las reservas territoriales propiedad de la federaci\u00f3n.<\/p>\n<p>La dependencia federal precis\u00f3 que estas acciones se implementar\u00e1n en estrecha coordinaci\u00f3n con el Municipio de Benito Ju\u00e1rez para garantizar el mejoramiento de los espacios p\u00fablicos de playa, con el equipamiento urbano que permita su \u00f3ptimo mantenimiento para permanecer como espacio recreativo, en beneficio de los ciudadanos y turistas en general.<\/p>\n<p>En este sentido, Fonatur trabaja con el Ayuntamiento de Benito Ju\u00e1rez para un programa integral de mejoramiento del espacio urbano en la zona hotelera.<\/p>\n<p>Mientras se establecen los candados legales necesarios para evitar futuras privatizaciones a las playas p\u00fablicas de Canc\u00fan el gobierno del estado ya ha gastado para atender la pandemia un total de 613 millones 841 mil 886 pesos y 56 centavos.<\/p>\n<p>No obstante, resulta que al d\u00eda de ayer se han registrado 280 defunciones como consecuencia del Covid-19, y se cuentan mil 441 casos positivos en lo que va de la pandemia. De los casos de personas actualmente convalecientes por el coronavirus, 240 personas est\u00e1n en aislamiento social y 144 tuvieron que ser hospitalizados.<\/p>\n<p>Por otra parte, le comento que en coordinaci\u00f3n, el Instituto de Acceso a la Informaci\u00f3n y Protecci\u00f3n de Datos Personales de Quintana Roo (IDAIPQROO) y el Comit\u00e9 de Participaci\u00f3n Ciudadana (CPC) del Sistema Anticorrupci\u00f3n del Estado de Quintana Roo, presentaron de manera virtual el reporte de avances en la estrategia para la transparencia proactiva para la rendici\u00f3n de cuentas de la gesti\u00f3n financiera ante la pandemia por Covid-19.<\/p>\n<p>Ante 80 participantes en plataforma virtual, Jos\u00e9 Orlando Espinosa Rodr\u00edguez, Comisionado Presidente de IDAIPQROO y Cynthia Dehesa Guzm\u00e1n, Presidenta del CPC expusieron a periodistas, titulares de las unidades de transparencia de Sujetos Obligados y personas interesadas, el seguimiento que se ha dado al micrositio http:\/\/www.idaipqroo.org.mx\/covid19\/pdf\/pres_prensa_cpc_idaip_20052020.pdf<\/p>\n<p>Espinosa Rodr\u00edguez explic\u00f3 que la informaci\u00f3n reflejada en este ejercicio de transparencia proactiva es resultado de la colaboraci\u00f3n de los Sujetos Obligados Quintanarroenses que se suman a la rendici\u00f3n de cuentas.<\/p>\n<p>Dehesa Guzm\u00e1n se\u00f1al\u00f3 la importancia en la vigilancia del destino de los recursos p\u00fablicos, pues si es cierto que en estos momentos la poblaci\u00f3n de Quintana Roo requiere de apoyos, tambi\u00e9n necesita que le rindan cuentas\u201d.<\/p>\n<p>La Presidenta del CPC hizo un llamado a la poblaci\u00f3n para realizar solicitudes de informaci\u00f3n a los Sujetos Obligados y los conmin\u00f3 a estar pendientes del manejo de los recursos.<\/p>\n<p>Al corte del d\u00eda, se reporta informaci\u00f3n de 52 Sujetos Obligados de los 107 existentes. De esta manera, han presentado cifras y conceptos 08 Municipios, 10 Dependencias del Ejecutivo, 01 Unidad de apoyo al Gobernador, 22 Organismos Descentralizados, 04 \u00d3rganos Desconcentrados, 06 \u00d3rganos Aut\u00f3nomos y 1 ASEQROO que arrojan un total de 3 millones 55 mil 329 acciones a la poblaci\u00f3n atendida, es decir, hay ciudadanos que pudieron recibir apoyo de varios entes al mismo tiempo como despensa, atenci\u00f3n m\u00e9dica y vale de gas por se\u00f1alar algunos.<\/p>\n<p>Asimismo, el uso de los recursos p\u00fablicos destinados a la contingencia suman un total de 613 millones 841 mil 886 pesos y 56 centavos.<\/p>\n<p>Son al momento, la Secretar\u00eda de Desarrollo Social, la Oficial\u00eda Mayor y los Municipios de Benito Ju\u00e1rez, Solidaridad, Puerto Morelos, Tulum, L\u00e1zaro C\u00e1rdenas y Felipe Carrillo Puerto los que reportan apoyo alimentario a la poblaci\u00f3n.<\/p>\n<p>Los conceptos de las principales erogaciones fueron por adquisici\u00f3n de despensas, servicio de sanitizaci\u00f3n, m\u00e9dicos, ventilador-respirador, art\u00edculos de limpieza, material hospitalario, guantes y cubrebocas, entre otros.<\/p>\n<p>Cabe se\u00f1alar que el micrositio tiene como objetivo contribuir con el ejercicio del derecho de acceso a la informaci\u00f3n para atender principios de transparencia, claridad y m\u00e1xima publicidad a trav\u00e9s de la generaci\u00f3n de mecanismos para que la ciudadan\u00eda y los medios de comunicaci\u00f3n puedan monitorear los registros contables y contrataciones p\u00fablicas para la adquisici\u00f3n de bienes y servicios orientados a dar atenci\u00f3n a la contingencia sanitaria.<\/p>\n<p>A su vez, Grupo Xcaret dispuso reprogramar la apertura de su Parque Xcaret y del Hotel Xcaret M\u00e9xico al 15 de junio, y sus dem\u00e1s parques y tours recreativos para el primero de julio.<\/p>\n<p>Lo anterior, bajo el precepto de que la prioridad es salvaguardar la salud y seguridad de sus visitantes.<\/p>\n<p>Por lo pronto, este grupo de inversionistas aprovech\u00f3 el tiempo para acciones de capacitaci\u00f3n y la implementaci\u00f3n de nuevos procesos con la finalidad de ofrecer un ambiente de \u00a8Xeguridad 360\u00ba\u00a8, conforme su protocolo sanitario.<\/p>\n<p>Tambi\u00e9n le informo que la crisis sanitaria que se est\u00e1 viviendo en M\u00e9xico debido al brote de Covid-19 ha revelado la vulnerabilidad en la que se encuentran los agricultores, siendo este sector uno de los m\u00e1s afectados del pa\u00eds. Por esta raz\u00f3n, Grupo Modelo y Cerveza Modelo, la cerveza premium l\u00edder en el mercado mexicano, anunci\u00f3 que refrend\u00f3 su compromiso con los agricultores y sus familias a trav\u00e9s de la compra de cebada durante la pandemia.<\/p>\n<p>La industria cervecera genera en M\u00e9xico m\u00e1s de 600 mil empleos directos e indirectos; sin embargo, debido a la situaci\u00f3n que vive hoy este sector, el campo enfrenta retos mayores. Cerveza Modelo reforz\u00f3 su solidaridad con m\u00e1s de 4 mil agricultores y m\u00e1s de 12 mil familias en la cadena de valor.<\/p>\n<p>Una vez reanudadas las operaciones, Cerveza Modelo seleccionar\u00e1 la mejor cebada para elaborar una edici\u00f3n especial como tributo al campo mexicano, honrando la labor de aquellos que viven de cosechar las materias primas que hacen posible la elaboraci\u00f3n de un \u00edcono de las cervezas mexicanas. Esta edici\u00f3n especial, creada por maestros cerveceros mexicanos, llegar\u00e1 a complementar el portafolio de Cerveza Modelo: Modelo Especial, Negra Modelo, Modelo \u00c1mbar y Modelo Trigo.<\/p>\n<p>\u201cLa situaci\u00f3n que est\u00e1 viviendo la industria cervecera nos pide detenernos, pero ahora m\u00e1s que nunca demostramos nuestro compromiso con el campo, un sector clave para la producci\u00f3n de nuestros productos. Compramos la cebada en esta cosecha para que miles de agricultores y sus familias puedan seguir adelante\u201d, afirm\u00f3 Alejandro Guti\u00e9rrez, Director de Marcas Premium en Grupo Modelo.<\/p>\n<p>\u201cCon esta cebada, cosecharemos un mejor ma\u00f1ana para elaborar una nueva variedad de Cerveza Modelo que podamos disfrutar cuando nos encontremos de nuevo\u201d, finaliz\u00f3; empero, lo anterior ser\u00e1 motivo de posterior an\u00e1lisis en otra entrega de <strong><em>Hora 14<\/em><\/strong>.<\/p>\n<p><em><a href=\"mailto:%20mauricio_conde@msn.com\" target=\"_blank\" rel=\"noopener noreferrer\">mauricioconde59@outlook.com<\/a><\/em><br \/>\n<em><a href=\"https:\/\/twitter.com\/mauconde007\" target=\"_blank\" rel=\"noopener noreferrer\">@mauconde007<\/a> <\/em><br \/>\n<em><a href=\"https:\/\/mauriciocondeblog.wordpress.com\" target=\"_blank\" rel=\"noopener noreferrer\">https:\/\/mauriciocondeblog.wordpress.com<\/a><\/em><\/p>\n","protected":false},"excerpt":{"rendered":"<p><span style=\"color: #005497;\"><strong>Mauricio Conde Olivares<\/strong><\/span><\/p>\n","protected":false},"author":3,"featured_media":0,"comment_status":"open","ping_status":"open","sticky":false,"template":"","format":"standard","meta":{"_monsterinsights_skip_tracking":false,"_monsterinsights_sitenote_active":false,"_monsterinsights_sitenote_note":"","_monsterinsights_sitenote_category":0,"footnotes":""},"categories":[35889],"tags":[43712,43674,44860],"class_list":["post-469137","post","type-post","status-publish","format-standard","hentry","category-mauricio-conde-olivares","tag-mauricio-conde-olivares","tag-opinion","tag-hora-14"],"_links":{"self":[{"href":"https:\/\/www.diarioimagen.net\/index.php?rest_route=\/wp\/v2\/posts\/469137","targetHints":{"allow":["GET"]}}],"collection":[{"href":"https:\/\/www.diarioimagen.net\/index.php?rest_route=\/wp\/v2\/posts"}],"about":[{"href":"https:\/\/www.diarioimagen.net\/index.php?rest_route=\/wp\/v2\/types\/post"}],"author":[{"embeddable":true,"href":"https:\/\/www.diarioimagen.net\/index.php?rest_route=\/wp\/v2\/users\/3"}],"replies":[{"embeddable":true,"href":"https:\/\/www.diarioimagen.net\/index.php?rest_route=%2Fwp%2Fv2%2Fcomments&post=469137"}],"version-history":[{"count":0,"href":"https:\/\/www.diarioimagen.net\/index.php?rest_route=\/wp\/v2\/posts\/469137\/revisions"}],"wp:attachment":[{"href":"https:\/\/www.diarioimagen.net\/index.php?rest_route=%2Fwp%2Fv2%2Fmedia&parent=469137"}],"wp:term":[{"taxonomy":"category","embeddable":true,"href":"https:\/\/www.diarioimagen.net\/index.php?rest_route=%2Fwp%2Fv2%2Fcategories&post=469137"},{"taxonomy":"post_tag","embeddable":true,"href":"https:\/\/www.diarioimagen.net\/index.php?rest_route=%2Fwp%2Fv2%2Ftags&post=469137"}],"curies":[{"name":"wp","href":"https:\/\/api.w.org\/{rel}","templated":true}]}}