{"id":469219,"date":"2020-05-25T00:03:12","date_gmt":"2020-05-25T05:03:12","guid":{"rendered":"https:\/\/www.diarioimagen.net\/?p=469219"},"modified":"2020-05-25T00:28:15","modified_gmt":"2020-05-25T05:28:15","slug":"defensa-de-los-derechos-humanos-prioridad-en-nicolas-romero","status":"publish","type":"post","link":"https:\/\/www.diarioimagen.net\/?p=469219","title":{"rendered":"Defensa de los derechos humanos, prioridad en Nicol\u00e1s Romero"},"content":{"rendered":"<p><a href=\"https:\/\/www.diarioimagen.net\/?attachment_id=469272\" rel=\"attachment wp-att-469272\"><img loading=\"lazy\" decoding=\"async\" class=\"aligncenter size-large wp-image-469272\" src=\"https:\/\/www.diarioimagen.net\/wp-content\/uploads\/2020\/05\/nicolas-3-460x259.jpg\" alt=\"\" width=\"460\" height=\"259\" srcset=\"https:\/\/www.diarioimagen.net\/wp-content\/uploads\/2020\/05\/nicolas-3-460x259.jpg 460w, https:\/\/www.diarioimagen.net\/wp-content\/uploads\/2020\/05\/nicolas-3-240x135.jpg 240w, https:\/\/www.diarioimagen.net\/wp-content\/uploads\/2020\/05\/nicolas-3-235x132.jpg 235w, https:\/\/www.diarioimagen.net\/wp-content\/uploads\/2020\/05\/nicolas-3-202x114.jpg 202w, https:\/\/www.diarioimagen.net\/wp-content\/uploads\/2020\/05\/nicolas-3-350x196.jpg 350w, https:\/\/www.diarioimagen.net\/wp-content\/uploads\/2020\/05\/nicolas-3-220x123.jpg 220w, https:\/\/www.diarioimagen.net\/wp-content\/uploads\/2020\/05\/nicolas-3-237x132.jpg 237w, https:\/\/www.diarioimagen.net\/wp-content\/uploads\/2020\/05\/nicolas-3.jpg 480w\" sizes=\"auto, (max-width: 460px) 100vw, 460px\" \/><\/a><\/p>\n<p>&nbsp;<\/p>\n<p><strong>Nicol\u00e1s Romero, Estado de M\u00e9xico.-<\/strong> Para el alcalde Armando Navarrete L\u00f3pez, la defensa de los derechos humanos es uno de los ejes rectores de la actual administraci\u00f3n, por lo que frente a la pandemia causada por la enfermedad Covid-19, las acciones realizadas en materia de prevenci\u00f3n de contagios, se llevan a cabo con absoluto respeto a las garant\u00edas fundamentales de las y los nicolasromerenses.<\/p>\n<p>Por lo anterior, y en un acto de congruencia con los principios que promueve el ayuntamiento,\u00a0 el presidente municipal suscribi\u00f3 la aceptaci\u00f3n de la Recomendaci\u00f3n General 1\/2020 de la Comisi\u00f3n de Derechos Humanos del Estado de M\u00e9xico (CODHEM), misma que tiene por objetivo que la actual emergencia sanitaria se atienda, con perspectiva de Derechos Humanos.<\/p>\n","protected":false},"excerpt":{"rendered":"<p>Para el alcalde Armando Navarrete L\u00f3pez, la defensa de los derechos humanos es uno de los ejes rectores de la actual administraci\u00f3n, por lo que frente a la pandemia causada por la enfermedad Covid-19, las acciones realizadas en materia de prevenci\u00f3n de contagios, se llevan a cabo con absoluto respeto a las garant\u00edas fundamentales de las y los nicolasromerenses.<\/p>\n","protected":false},"author":3,"featured_media":469272,"comment_status":"open","ping_status":"open","sticky":false,"template":"","format":"standard","meta":{"_monsterinsights_skip_tracking":false,"_monsterinsights_sitenote_active":false,"_monsterinsights_sitenote_note":"","_monsterinsights_sitenote_category":0,"footnotes":""},"categories":[5],"tags":[43675,752,41588],"class_list":["post-469219","post","type-post","status-publish","format-standard","has-post-thumbnail","hentry","category-estado-de-mexico","tag-estado-de-mexico","tag-nicolas-romero","tag-prioridad"],"_links":{"self":[{"href":"https:\/\/www.diarioimagen.net\/index.php?rest_route=\/wp\/v2\/posts\/469219","targetHints":{"allow":["GET"]}}],"collection":[{"href":"https:\/\/www.diarioimagen.net\/index.php?rest_route=\/wp\/v2\/posts"}],"about":[{"href":"https:\/\/www.diarioimagen.net\/index.php?rest_route=\/wp\/v2\/types\/post"}],"author":[{"embeddable":true,"href":"https:\/\/www.diarioimagen.net\/index.php?rest_route=\/wp\/v2\/users\/3"}],"replies":[{"embeddable":true,"href":"https:\/\/www.diarioimagen.net\/index.php?rest_route=%2Fwp%2Fv2%2Fcomments&post=469219"}],"version-history":[{"count":0,"href":"https:\/\/www.diarioimagen.net\/index.php?rest_route=\/wp\/v2\/posts\/469219\/revisions"}],"wp:featuredmedia":[{"embeddable":true,"href":"https:\/\/www.diarioimagen.net\/index.php?rest_route=\/wp\/v2\/media\/469272"}],"wp:attachment":[{"href":"https:\/\/www.diarioimagen.net\/index.php?rest_route=%2Fwp%2Fv2%2Fmedia&parent=469219"}],"wp:term":[{"taxonomy":"category","embeddable":true,"href":"https:\/\/www.diarioimagen.net\/index.php?rest_route=%2Fwp%2Fv2%2Fcategories&post=469219"},{"taxonomy":"post_tag","embeddable":true,"href":"https:\/\/www.diarioimagen.net\/index.php?rest_route=%2Fwp%2Fv2%2Ftags&post=469219"}],"curies":[{"name":"wp","href":"https:\/\/api.w.org\/{rel}","templated":true}]}}