{"id":469223,"date":"2020-05-25T00:02:48","date_gmt":"2020-05-25T05:02:48","guid":{"rendered":"https:\/\/www.diarioimagen.net\/?p=469223"},"modified":"2020-05-25T00:29:08","modified_gmt":"2020-05-25T05:29:08","slug":"cabildo-de-cuautitlan-amplia-periodo-para-revalidacion-de-licencias-de-funcionamiento","status":"publish","type":"post","link":"https:\/\/www.diarioimagen.net\/?p=469223","title":{"rendered":"Cabildo de Cuautitl\u00e1n ampl\u00eda periodo para revalidaci\u00f3n de licencias de funcionamiento"},"content":{"rendered":"<ul>\n<li><strong><em>Apoyo a industrias, comercios y prestadores de servicios<\/em><\/strong><\/li>\n<\/ul>\n<p>&nbsp;<\/p>\n<div id=\"attachment_469277\" style=\"width: 470px\" class=\"wp-caption aligncenter\"><a href=\"https:\/\/www.diarioimagen.net\/?attachment_id=469277\" rel=\"attachment wp-att-469277\"><img loading=\"lazy\" decoding=\"async\" aria-describedby=\"caption-attachment-469277\" class=\"size-large wp-image-469277\" src=\"https:\/\/www.diarioimagen.net\/wp-content\/uploads\/2020\/05\/cuautitlan-7-460x259.jpg\" alt=\"\" width=\"460\" height=\"259\" srcset=\"https:\/\/www.diarioimagen.net\/wp-content\/uploads\/2020\/05\/cuautitlan-7-460x259.jpg 460w, https:\/\/www.diarioimagen.net\/wp-content\/uploads\/2020\/05\/cuautitlan-7-240x135.jpg 240w, https:\/\/www.diarioimagen.net\/wp-content\/uploads\/2020\/05\/cuautitlan-7-235x132.jpg 235w, https:\/\/www.diarioimagen.net\/wp-content\/uploads\/2020\/05\/cuautitlan-7-202x114.jpg 202w, https:\/\/www.diarioimagen.net\/wp-content\/uploads\/2020\/05\/cuautitlan-7-350x196.jpg 350w, https:\/\/www.diarioimagen.net\/wp-content\/uploads\/2020\/05\/cuautitlan-7-220x123.jpg 220w, https:\/\/www.diarioimagen.net\/wp-content\/uploads\/2020\/05\/cuautitlan-7-237x132.jpg 237w, https:\/\/www.diarioimagen.net\/wp-content\/uploads\/2020\/05\/cuautitlan-7.jpg 480w\" sizes=\"auto, (max-width: 460px) 100vw, 460px\" \/><\/a><p id=\"caption-attachment-469277\" class=\"wp-caption-text\">El cabildo de Cuautitl\u00e1n autoriz\u00f3 ampliar el periodo de revalidaci\u00f3n de licencia de funcionamiento del ejercicio fiscal 2020.<\/p><\/div>\n<p>&nbsp;<\/p>\n<p><strong>Cuautitl\u00e1n, Estado de M\u00e9xico<\/strong><strong>.- <\/strong>En apoyo al sector econ\u00f3mico local, el cabildo autoriz\u00f3 ampliar el periodo de revalidaci\u00f3n de licencia de funcionamiento del ejercicio fiscal 2020, como parte de las acciones de apoyo a las industrias, comercios y prestadores de servicios, destac\u00f3 el presidente municipal, Ariel Ju\u00e1rez Rodr\u00edguez.<\/p>\n<p>Durante la Quincuag\u00e9sima Cuarta Sesi\u00f3n Ordinaria de Cabildo, sus integrantes autorizaron ampliar la pr\u00f3rroga del periodo de revalidaci\u00f3n de la licencia de funcionamiento hasta el 31 de mayo, derivado de las condiciones generadas por la contingencia de salud en la demarcaci\u00f3n.<\/p>\n<p>Ju\u00e1rez Rodr\u00edguez, destac\u00f3 que estas medidas permitir\u00e1n a los propietarios, comerciantes y a quienes poseen peque\u00f1os negocios realizar sus pagos hasta el fin del mes de mayo, sin que les represente alguna erogaci\u00f3n extra por extemporaneidad.<\/p>\n<p>Cuautitl\u00e1n cuenta con 5 mil 200 unidades econ\u00f3micas de comercio establecido y este a\u00f1o \u00fanicamente se ha regularizado el 35 por ciento hasta la fecha y de las 126 son empresas dedicadas al almacenamiento de mercanc\u00edas y centros de distribuci\u00f3n solo el 50 por ciento ha regularizado hasta la fecha sus autorizaciones de funcionamiento, debido a las condiciones econ\u00f3micas, asever\u00f3.<\/p>\n<p>En los tres primeros meses del ejercicio fiscal 2019 m\u00e1s del 70 por ciento de las unidades econ\u00f3micas hab\u00eda revalidado sus licencias, sin embargo, este a\u00f1o como resultado de las afectaciones por las medidas preventivas y restricciones en las condiciones de venta de productos y servicios, ocasionaron repercusiones en las cadenas productivas y bajos ingresos.<\/p>\n<p>En este sentido el gobierno municipal continuar\u00e1 llevando a cabo medidas de apoyo al sector econ\u00f3mico, contado con la participaci\u00f3n de los integrantes del cabildo quienes reconocen la importancia del desarrollo comercial en la vida productiva de Cuautitl\u00e1n y que son el motor de la sociedad, coincidieron los ediles.<\/p>\n","protected":false},"excerpt":{"rendered":"<p>En apoyo al sector econ\u00f3mico local, el cabildo autoriz\u00f3 ampliar el periodo de revalidaci\u00f3n de licencia de funcionamiento del ejercicio fiscal 2020, como parte de las acciones de apoyo a las industrias, comercios y prestadores de servicios, destac\u00f3 el presidente municipal, Ariel Ju\u00e1rez Rodr\u00edguez.<\/p>\n","protected":false},"author":3,"featured_media":469277,"comment_status":"open","ping_status":"open","sticky":false,"template":"","format":"standard","meta":{"_monsterinsights_skip_tracking":false,"_monsterinsights_sitenote_active":false,"_monsterinsights_sitenote_note":"","_monsterinsights_sitenote_category":0,"footnotes":""},"categories":[5],"tags":[681,43675,70060],"class_list":["post-469223","post","type-post","status-publish","format-standard","has-post-thumbnail","hentry","category-estado-de-mexico","tag-cuautitlan","tag-estado-de-mexico","tag-funcionamiento"],"_links":{"self":[{"href":"https:\/\/www.diarioimagen.net\/index.php?rest_route=\/wp\/v2\/posts\/469223","targetHints":{"allow":["GET"]}}],"collection":[{"href":"https:\/\/www.diarioimagen.net\/index.php?rest_route=\/wp\/v2\/posts"}],"about":[{"href":"https:\/\/www.diarioimagen.net\/index.php?rest_route=\/wp\/v2\/types\/post"}],"author":[{"embeddable":true,"href":"https:\/\/www.diarioimagen.net\/index.php?rest_route=\/wp\/v2\/users\/3"}],"replies":[{"embeddable":true,"href":"https:\/\/www.diarioimagen.net\/index.php?rest_route=%2Fwp%2Fv2%2Fcomments&post=469223"}],"version-history":[{"count":0,"href":"https:\/\/www.diarioimagen.net\/index.php?rest_route=\/wp\/v2\/posts\/469223\/revisions"}],"wp:featuredmedia":[{"embeddable":true,"href":"https:\/\/www.diarioimagen.net\/index.php?rest_route=\/wp\/v2\/media\/469277"}],"wp:attachment":[{"href":"https:\/\/www.diarioimagen.net\/index.php?rest_route=%2Fwp%2Fv2%2Fmedia&parent=469223"}],"wp:term":[{"taxonomy":"category","embeddable":true,"href":"https:\/\/www.diarioimagen.net\/index.php?rest_route=%2Fwp%2Fv2%2Fcategories&post=469223"},{"taxonomy":"post_tag","embeddable":true,"href":"https:\/\/www.diarioimagen.net\/index.php?rest_route=%2Fwp%2Fv2%2Ftags&post=469223"}],"curies":[{"name":"wp","href":"https:\/\/api.w.org\/{rel}","templated":true}]}}