{"id":469224,"date":"2020-05-25T00:01:16","date_gmt":"2020-05-25T05:01:16","guid":{"rendered":"https:\/\/www.diarioimagen.net\/?p=469224"},"modified":"2020-05-25T00:31:55","modified_gmt":"2020-05-25T05:31:55","slug":"suteymistas-de-naucalpan-a-favor-de-la-continuidad-de-tomas-palomares-p","status":"publish","type":"post","link":"https:\/\/www.diarioimagen.net\/?p=469224","title":{"rendered":"Suteymistas de Naucalpan, a favor de la continuidad de Tom\u00e1s Palomares P."},"content":{"rendered":"<ul>\n<li><strong><em>\u201cA unos meses del cambio de dirigencia<\/em><\/strong><\/li>\n<\/ul>\n<p>&nbsp;<\/p>\n<div id=\"attachment_469282\" style=\"width: 470px\" class=\"wp-caption aligncenter\"><a href=\"https:\/\/www.diarioimagen.net\/?attachment_id=469282\" rel=\"attachment wp-att-469282\"><img loading=\"lazy\" decoding=\"async\" aria-describedby=\"caption-attachment-469282\" class=\"size-large wp-image-469282\" src=\"https:\/\/www.diarioimagen.net\/wp-content\/uploads\/2020\/05\/naucalpan-12-460x259.jpg\" alt=\"\" width=\"460\" height=\"259\" srcset=\"https:\/\/www.diarioimagen.net\/wp-content\/uploads\/2020\/05\/naucalpan-12-460x259.jpg 460w, https:\/\/www.diarioimagen.net\/wp-content\/uploads\/2020\/05\/naucalpan-12-240x135.jpg 240w, https:\/\/www.diarioimagen.net\/wp-content\/uploads\/2020\/05\/naucalpan-12-235x132.jpg 235w, https:\/\/www.diarioimagen.net\/wp-content\/uploads\/2020\/05\/naucalpan-12-202x114.jpg 202w, https:\/\/www.diarioimagen.net\/wp-content\/uploads\/2020\/05\/naucalpan-12-350x196.jpg 350w, https:\/\/www.diarioimagen.net\/wp-content\/uploads\/2020\/05\/naucalpan-12-220x123.jpg 220w, https:\/\/www.diarioimagen.net\/wp-content\/uploads\/2020\/05\/naucalpan-12-237x132.jpg 237w, https:\/\/www.diarioimagen.net\/wp-content\/uploads\/2020\/05\/naucalpan-12.jpg 480w\" sizes=\"auto, (max-width: 460px) 100vw, 460px\" \/><\/a><p id=\"caption-attachment-469282\" class=\"wp-caption-text\">La mayor\u00eda de\u00a0 agremiados del SUTEyM secci\u00f3n Naucalpan reconocen la gesti\u00f3n de su actual dirigente, Tom\u00e1s Palomares.<\/p><\/div>\n<p>&nbsp;<\/p>\n<p><strong>Naucalpan, Estado de M\u00e9xico<\/strong><strong>.- <\/strong>La clase trabajadora perteneciente al Sindicato \u00danico de Trabajadores del Estado y sus Municipios (SUTEyM) en esta localidad,\u00a0 a unos meses del cambio de dirigencia que encabeza Tom\u00e1s Palomares Parra , ya tom\u00f3 su decisi\u00f3n y \u00e9sta es: \u201ccontinuidad\u201d. Aseguran que\u00a0 \u201cno nesesitamos experimentar. Tom\u00e1s Palomares ha demostrado ser un dirgente preocupado y ocupado por el bienestar de las familias suteymistas\u201d. En redes sociales (facebook, twiter e instagram), la mayor\u00eda de\u00a0 agremiados a ese sindicato,\u00a0 reconocen la gesti\u00f3n de su actual dirigente en favor de los aproximadamente 4 mil empleados del gobierno que encabeza Patricia Dur\u00e1n Reveles.<\/p>\n<p>En algunos de ellos, sobre todo en Facebook, se le\u00e9: \u201cla unidad, fortalecimiento, mejora de prestaciones salariales, ambiente agradable en las diferetes \u00e1reas del gobierno, entre otras cosas, al interior del Sindicato \u00danico de Trabajadores del Estado y sus Municipios (SUTEyM) se han logrado gracias a la buena\u00a0 gesti\u00f3n de nuestro amigo y compa\u00f1ero, Tom\u00e1s Palomares Parra,\u00a0 es por ello que los sindicalizados de todas las \u00e1reas del gobierno y del Organismo de Agua Potable Alcantarillado y Saneamiento (OAPAS), estamos por la ampliaci\u00f3n de su mandato\u201d,<\/p>\n<p>En ese sentido, Asunci\u00f3n Rodr\u00edguez Arzate, delgado en el \u00e1rea de Comunicaci\u00f3n del Gobierno Municipal\u00a0 expres\u00f3 lo anterior,\u00a0 luego de reconocer las deferentes acciones que los suteymistas han logrado en el mendato de joven dirigente.<\/p>\n<p>\u201cHoy se respira un abiente de unidad interna y externa. La clase trabajadora est\u00e1 m\u00e1s que satisfecha por las conquistas laborales, es por ello que los poco m\u00e1s de 4 mil agremiados al SUTEyM estamos de acuerdo por la ampliaci\u00f3n en el mandato de Palomares Parra\u201d, dijo.<\/p>\n<p>Y es que, efectivamente, empleados administrativos y de campo,\u00a0 entrevistados sobre el particular, destacan que \u201c ha habido una buena coordinaci\u00f3n y ambiente laboral extraordinario y as\u00ed queremos que siga, es por ello que estamos de acuerdo en qu\u00e9 se ampl\u00ede su mandato\u201d, coincidieron.<\/p>\n<p>Trabajadores de\u00a0 \u00e1reas como son: Administraci\u00f3n, Tesorer\u00eda, Comunicaci\u00f3n Social, Servicios\u00a0 P\u00fablicos, Contro Vehicular, Secretaria y Gobierno,\u00a0 entre otras\u00a0 y aparte el Organismo de Agua, mostraron su benepl\u00e1cito por todas y cada una de las conquistas laborales a las que se\u00a0 han visto beneficiados.<\/p>\n<p>La demanda de la ampliaci\u00f3n en la dirigencia del SUTEyM secci\u00f3n Naucalpan, ha quedado evidenciada\u00a0 trav\u00e9s de distintos videos subidos a las redes sociales y en las qu dan a conocer el compromiso de Tom\u00e1s Palomares Parra, hacia los agremiados del SUTEyM. \u201c\u00a1Vamos por la apliaci\u00f3n!\u201d, se lee en decenas de perfiles tanto en Facebook, Twiter e Instagram.<\/p>\n<p>Finalmente, la clase trabajadora, insisti\u00f3 en apoyar la estabilidad laboral, la participaci\u00f3n en la toma de decisiones y fortalecer con dignidad como hasta ahora, el servicios p\u00fablico en cada una de las \u00e1reas de trabajo, para que la administraci\u00f3n municipal entregue buenas cuentas a la sociedad.<\/p>\n","protected":false},"excerpt":{"rendered":"<p>La clase trabajadora perteneciente al Sindicato \u00danico de Trabajadores del Estado y sus Municipios (SUTEyM) en esta localidad,\u00a0 a unos meses del cambio de dirigencia que encabeza Tom\u00e1s Palomares Parra , ya tom\u00f3 su decisi\u00f3n y \u00e9sta es: \u201ccontinuidad\u201d. Aseguran que\u00a0 \u201cno nesesitamos experimentar. Tom\u00e1s Palomares ha demostrado ser un dirgente preocupado y ocupado por el bienestar de las familias suteymistas\u201d. En redes sociales (facebook, twiter e instagram), la mayor\u00eda de\u00a0 agremiados a ese sindicato,\u00a0 reconocen la gesti\u00f3n de su actual dirigente en favor de los aproximadamente 4 mil empleados del gobierno que encabeza Patricia Dur\u00e1n Reveles.<\/p>\n","protected":false},"author":3,"featured_media":469282,"comment_status":"open","ping_status":"open","sticky":false,"template":"","format":"standard","meta":{"_monsterinsights_skip_tracking":false,"_monsterinsights_sitenote_active":false,"_monsterinsights_sitenote_note":"","_monsterinsights_sitenote_category":0,"footnotes":""},"categories":[5],"tags":[71973,50036,74561,970],"class_list":["post-469224","post","type-post","status-publish","format-standard","has-post-thumbnail","hentry","category-estado-de-mexico","tag-continuidad","tag-estdo-de-mexico","tag-favor","tag-naucalpan"],"_links":{"self":[{"href":"https:\/\/www.diarioimagen.net\/index.php?rest_route=\/wp\/v2\/posts\/469224","targetHints":{"allow":["GET"]}}],"collection":[{"href":"https:\/\/www.diarioimagen.net\/index.php?rest_route=\/wp\/v2\/posts"}],"about":[{"href":"https:\/\/www.diarioimagen.net\/index.php?rest_route=\/wp\/v2\/types\/post"}],"author":[{"embeddable":true,"href":"https:\/\/www.diarioimagen.net\/index.php?rest_route=\/wp\/v2\/users\/3"}],"replies":[{"embeddable":true,"href":"https:\/\/www.diarioimagen.net\/index.php?rest_route=%2Fwp%2Fv2%2Fcomments&post=469224"}],"version-history":[{"count":0,"href":"https:\/\/www.diarioimagen.net\/index.php?rest_route=\/wp\/v2\/posts\/469224\/revisions"}],"wp:featuredmedia":[{"embeddable":true,"href":"https:\/\/www.diarioimagen.net\/index.php?rest_route=\/wp\/v2\/media\/469282"}],"wp:attachment":[{"href":"https:\/\/www.diarioimagen.net\/index.php?rest_route=%2Fwp%2Fv2%2Fmedia&parent=469224"}],"wp:term":[{"taxonomy":"category","embeddable":true,"href":"https:\/\/www.diarioimagen.net\/index.php?rest_route=%2Fwp%2Fv2%2Fcategories&post=469224"},{"taxonomy":"post_tag","embeddable":true,"href":"https:\/\/www.diarioimagen.net\/index.php?rest_route=%2Fwp%2Fv2%2Ftags&post=469224"}],"curies":[{"name":"wp","href":"https:\/\/api.w.org\/{rel}","templated":true}]}}