{"id":469229,"date":"2020-05-25T00:01:58","date_gmt":"2020-05-25T05:01:58","guid":{"rendered":"https:\/\/www.diarioimagen.net\/?p=469229"},"modified":"2020-05-25T00:33:54","modified_gmt":"2020-05-25T05:33:54","slug":"la-aerolinea-panamena-copa-airlines-aplazara-el-reinicio-de-sus-operaciones-hasta-el-3-de-julio-proximo","status":"publish","type":"post","link":"https:\/\/www.diarioimagen.net\/?p=469229","title":{"rendered":"La aerol\u00ednea paname\u00f1a <em>Copa Airlines<\/em> aplazar\u00e1 el reinici\u00f3 de sus operaciones hasta el 3 de julio pr\u00f3ximo"},"content":{"rendered":"<h2>De cinco estrellas<\/h2>\n<h5>Victoria Gonz\u00e1lez Prado<\/h5>\n<p>&nbsp;<\/p>\n<ul>\n<li><strong><em>Hoy, lunes 25 los hoteles Riu Plaza Guadalajara y Riu Plaza Berl\u00edn reabrir\u00e1n con estrictas medidas de higiene<\/em><\/strong><\/li>\n<li><strong>Air Europa<em> oper\u00f3 el vuelo comercial de pasajeros m\u00e1s largo de Los \u00c1ngeles, Estados Unidos, a Bali, Indonesia<\/em><\/strong><\/li>\n<li><strong><em>\u201cSaniTamPro\u201d, programa que se ha empezado a implementar en el sector tur\u00edstico de Tamaulipas<\/em><\/strong><\/li>\n<\/ul>\n<p>&nbsp;<\/p>\n<div id=\"attachment_469288\" style=\"width: 470px\" class=\"wp-caption aligncenter\"><a href=\"https:\/\/www.diarioimagen.net\/?attachment_id=469288\" rel=\"attachment wp-att-469288\"><img loading=\"lazy\" decoding=\"async\" aria-describedby=\"caption-attachment-469288\" class=\"size-large wp-image-469288\" src=\"https:\/\/www.diarioimagen.net\/wp-content\/uploads\/2020\/05\/turismo-10-460x336.jpg\" alt=\"\" width=\"460\" height=\"336\" srcset=\"https:\/\/www.diarioimagen.net\/wp-content\/uploads\/2020\/05\/turismo-10-460x336.jpg 460w, https:\/\/www.diarioimagen.net\/wp-content\/uploads\/2020\/05\/turismo-10-240x176.jpg 240w, https:\/\/www.diarioimagen.net\/wp-content\/uploads\/2020\/05\/turismo-10-90x65.jpg 90w, https:\/\/www.diarioimagen.net\/wp-content\/uploads\/2020\/05\/turismo-10.jpg 700w\" sizes=\"auto, (max-width: 460px) 100vw, 460px\" \/><\/a><p id=\"caption-attachment-469288\" class=\"wp-caption-text\">La aerol\u00ednea paname\u00f1a aplaza el reinicio de operaciones.<\/p><\/div>\n<p>&nbsp;<\/p>\n<p><em>Copa Airlines<\/em> anunci\u00f3 que aplazar\u00e1 el reinicio de sus operaciones hasta el 3 de julio pr\u00f3ximo pues el gobierno paname\u00f1o, a trav\u00e9s de la Autoridad Aeron\u00e1utica Civil de Panam\u00e1, y con la intenci\u00f3n de hacer frente a la contingencia sanitaria del Covid-19, indic\u00f3 que la Resoluci\u00f3n 068\/2020 extiende el periodo de prohibici\u00f3n de vuelos regulares internacionales de pasajeros por 30 d\u00edas m\u00e1s, es decir, hasta el 22 de junio de este a\u00f1o,<\/p>\n<p>Previamente, la aerol\u00ednea hab\u00eda anunciado al 1 de junio como fecha para el reinicio de sus operaciones desde el <em>Hub<\/em> de las Am\u00e9ricas, ubicado en el Aeropuerto Internacional de Tocumen de Panam\u00e1, el cual se dar\u00eda de forma paulatina, comenzando con aproximadamente 10 por ciento del total de sus operaciones previas al impacto del Covid-19.<\/p>\n<p>\u2730\u2730\u2730\u2730\u2730 Hoy, lunes 25 de mayo los hoteles Riu Plaza Guadalajara, M\u00e9xico y Riu Plaza Berl\u00edn, Alemania y convierten en los primeros inmuebles de la cadena en reabrir tras el cierre total de todos sus establecimientos en el mes de marzo, debido a la crisis provocada por el coronavirus. Estos dos hoteles son los primeros en aplicar protocolos de seguridad recogidos en el Manual RIU para el hotel Post-Covid, que ofrece m\u00e1ximas garant\u00edas de seguridad para clientes y empleados.<\/p>\n<p>El hotel en Berl\u00edn, 357 habitaciones y 4 estrellas, fue inaugurado en 2015 ubicado en una de las mejores zonas de la ciudad, cerca de las principales embajadas, zonas comerciales y del centro hist\u00f3rico. Su reapertura se produce a escasos d\u00edas de la celebraci\u00f3n del Puente de Pentecost\u00e9s, festividad muy relevante en Alemania, as\u00ed como en pa\u00edses vecinos, en los que suelen aprovechar para viajar.<\/p>\n<p>Por lo que se refiere a Riu Plaza Guadalajara, inaugurado en 2011, est\u00e1 sobre la avenida L\u00f3pez Mateos, arteria que conecta con Expo Guadalajara, zonas industriales y el centro hist\u00f3rico. El hotel \u20144 estrellas y 550 habitaciones\u2014cuenta con centro de conferencias con 16 salas.<\/p>\n<p>Los empleados de ambos hoteles retoman su labor con la responsabilidad de ser los primeros equipos en aplicar los 17 protocolos creados por la cadena en colaboraci\u00f3n con la consultora <em>Preverisk<\/em>, que establece medidas de seguridad necesarias para ofrecer tranquilidad a sus clientes y empleados en esta primera fase de reapertura.<\/p>\n<p>Estos protocolos se adentran en el detalle de la operaci\u00f3n diaria para que cada empleado sepa c\u00f3mo actuar desde el momento en que se desplaza a su puesto de trabajo, hasta cuando realiza y finaliza sus tareas diarias.<\/p>\n<p>La cadena hotelera espa\u00f1ola, ha creado programa de formaci\u00f3n espec\u00edfica para la instauraci\u00f3n de los nuevos protocolos de seguridad, higiene y actuaci\u00f3n en todos sus hoteles de cara a la reapertura gradual de sus instalaciones. Las medidas son meticulosas y estrictas, partiendo de la limitaci\u00f3n de la ocupaci\u00f3n de 50\u00a0 o 60 por ciento, salvo normativa legal m\u00e1s restrictiva, para ofrecer el m\u00e1ximo de tranquilidad y seguridad a usuarios y empleados, y se ir\u00e1n relajando en la medida que las autoridades sanitarias dicten nuevas normas.<\/p>\n<p>\u2730\u2730\u2730\u2730\u2730 <em>Air Europa<\/em> inform\u00f3 que la aerol\u00ednea oper\u00f3 el vuelo comercial de pasajeros m\u00e1s largo en la historia de la compa\u00f1\u00eda: Los \u00c1ngeles, Estados Unidos-Bali, Indonesia, sobrevolando el Pac\u00edfico en recorrido de m\u00e1s de 7 mil 600 millas n\u00e1uticas (14 mil 75 kil\u00f3metros) en menos de 17 horas. El vuelo form\u00f3 parte del operativo de repatriaci\u00f3n y carga de material con la que la aerol\u00ednea ha dado la vuelta al mundo atravesando en total 20 mil 389 millas n\u00e1uticas (37 mil 760 kil\u00f3metros).<\/p>\n<p>El vuelo se realiz\u00f3 en <em>Boeing 787-9 Dreamliner<\/em>, se inici\u00f3 el jueves 14 de mayo, entre Madrid y Los \u00c1ngeles para operar vuelo de repatriaci\u00f3n con 175 pasajeros hasta Bali. La siguiente fase enlaz\u00f3 Bali y Singapur, donde el avi\u00f3n aterriz\u00f3 el pasado domingo para recoger carga y transportarla a Madrid en nuevo vuelo de largo recorrido, sobrevolando la India, Sri Lanka, Arabia Saudita, Om\u00e1n, Egipto, Grecia e Italia.<\/p>\n<p>As\u00ed, el <em>Dreamliner<\/em>, con seis tripulantes de vuelo y nueve tripulantes de cabina a bordo, aterriz\u00f3 en el Aeropuerto Adolfo Su\u00e1rez Madrid-Barajas en la madrugada del pasado domingo.<\/p>\n<p>\u2730\u2730\u2730\u2730\u2730 \u201cSaniTamPro\u201d, es programa que se ha empezado a implementar en el estado de Tamaulipas, iniciativa que previo al reinicio de actividades, validar\u00e1 a empresas que ofrezcan servicio higi\u00e9nico y seguro, posicionando al estado como destino limpio.<\/p>\n<p><strong>Fernando Olivera Rocha<\/strong>, secretario de Turismo de Tamaulipas, en conferencia de prensa virtual, present\u00f3 la nueva constancia de buenas pr\u00e1cticas en el protocolo de desinfecci\u00f3n que reconocer\u00e1 el esfuerzo y compromiso de las empresas relacionadas con el sector tur\u00edstico en la entidad.<\/p>\n<p>\u201cCon SaniTamPro vamos a fomentar las buenas pr\u00e1cticas de higiene en los establecimientos tur\u00edsticos, en una composici\u00f3n de todo tipo de establecimientos, fondas, restaurantes, hoteles, agencias de viajes, balnearios, campamentos, etc\u00e9tera. Todos pueden manejarse con un protocolo de higiene y sanitizaci\u00f3n\u201d.<\/p>\n<p>Asimismo, <strong>Olivera Rocha<\/strong> \u201cindic\u00f3: \u201ces un formato que todos los establecimientos, que as\u00ed lo deseen, podr\u00e1n bajar en l\u00ednea. Luego de responder las preguntas, tendr\u00e1n que subir fotograf\u00edas con las evidencias y anexar texto de c\u00f3mo lo est\u00e1n haciendo. Despu\u00e9s, la Secretar\u00eda de Turismo enviar\u00e1 la\u00a0 constancia de las buenas pr\u00e1cticas\u201d.<\/p>\n<p>Los hoteles, establecimientos de alimentos y bebidas, agencias de viajes y tour operadores interesados en obtener la constancia \u201cSaniTamPro\u201d, podr\u00e1n ingresar a las p\u00e1ginas http:\/\/www.tamaulipas.gob.mx\/turismo&amp;nbsp; y http:\/\/www.visittam.com&amp;nbsp; de la Secretar\u00eda de Turismo de Tamaulipas, donde conocer\u00e1n informaci\u00f3n detallada y los formularios para realizar autoevaluaci\u00f3n.<\/p>\n<p>Al referirse a la reactivaci\u00f3n de las actividades indic\u00f3: \u201cel turismo se da siempre que la movilidad lo permita y la conectividad a\u00e9rea ha registrado 95 por ciento en disminuci\u00f3n de asientos en Tamaulipas, lo que ser\u00e1 uno de los grandes retos a enfrentar\u201d.<\/p>\n<p>Por lo tanto, la fuerza del turismo interno ser\u00e1 de las primeras estrategias\u00a0 y\u00a0 trabajamos en los estados cercanos y el Sur de Texas para reforzar con la plataforma \u201cConoce Tam\u201d, donde se promueven las rutas de excursionismo y los viajes por carretera, con v\u00edas en excelentes condiciones sin casetas ni peajes, para disfrutar la diversidad de oferta tur\u00edstica que ofrece el Tamaulipas.<\/p>\n<p>&nbsp;<\/p>\n<blockquote>\n<p style=\"text-align: right;\">\u201c<strong>El \u00e1ngel de la fama tiene sus alas hechas de papel&#8230; peri\u00f3dico<\/strong>\u201d.<\/p>\n<\/blockquote>\n<p>&nbsp;<\/p>\n<p><em><span class=\"Apple-converted-space\"><a href=\"mailto:victoriagprado@gmail.com\" target=\"_blank\" rel=\"noopener noreferrer\">victoriagprado@gmail.com<\/a><br \/>\nTwitter: <a href=\"https:\/\/twitter.com\/victoriagprado\" target=\"_blank\" rel=\"noopener noreferrer\">@victoriagprado<\/a><\/span><\/em><\/p>\n","protected":false},"excerpt":{"rendered":"<p><em>Copa Airlines<\/em> anunci\u00f3 que aplazar\u00e1 el reinicio de sus operaciones hasta el 3 de julio pr\u00f3ximo pues el gobierno paname\u00f1o, a trav\u00e9s de la Autoridad Aeron\u00e1utica Civil de Panam\u00e1, y con la intenci\u00f3n de hacer frente a la contingencia sanitaria del Covid-19, indic\u00f3 que la Resoluci\u00f3n 068\/2020 extiende el periodo de prohibici\u00f3n de vuelos regulares internacionales de pasajeros por 30 d\u00edas m\u00e1s, es decir, hasta el 22 de junio de este a\u00f1o,<\/p>\n","protected":false},"author":3,"featured_media":469288,"comment_status":"open","ping_status":"open","sticky":false,"template":"","format":"standard","meta":{"_monsterinsights_skip_tracking":false,"_monsterinsights_sitenote_active":false,"_monsterinsights_sitenote_note":"","_monsterinsights_sitenote_category":0,"footnotes":""},"categories":[11],"tags":[107,43674,106],"class_list":["post-469229","post","type-post","status-publish","format-standard","has-post-thumbnail","hentry","category-turismo","tag-de-cinco-estrellas","tag-opinion","tag-victoria-gonzalez-prado"],"_links":{"self":[{"href":"https:\/\/www.diarioimagen.net\/index.php?rest_route=\/wp\/v2\/posts\/469229","targetHints":{"allow":["GET"]}}],"collection":[{"href":"https:\/\/www.diarioimagen.net\/index.php?rest_route=\/wp\/v2\/posts"}],"about":[{"href":"https:\/\/www.diarioimagen.net\/index.php?rest_route=\/wp\/v2\/types\/post"}],"author":[{"embeddable":true,"href":"https:\/\/www.diarioimagen.net\/index.php?rest_route=\/wp\/v2\/users\/3"}],"replies":[{"embeddable":true,"href":"https:\/\/www.diarioimagen.net\/index.php?rest_route=%2Fwp%2Fv2%2Fcomments&post=469229"}],"version-history":[{"count":0,"href":"https:\/\/www.diarioimagen.net\/index.php?rest_route=\/wp\/v2\/posts\/469229\/revisions"}],"wp:featuredmedia":[{"embeddable":true,"href":"https:\/\/www.diarioimagen.net\/index.php?rest_route=\/wp\/v2\/media\/469288"}],"wp:attachment":[{"href":"https:\/\/www.diarioimagen.net\/index.php?rest_route=%2Fwp%2Fv2%2Fmedia&parent=469229"}],"wp:term":[{"taxonomy":"category","embeddable":true,"href":"https:\/\/www.diarioimagen.net\/index.php?rest_route=%2Fwp%2Fv2%2Fcategories&post=469229"},{"taxonomy":"post_tag","embeddable":true,"href":"https:\/\/www.diarioimagen.net\/index.php?rest_route=%2Fwp%2Fv2%2Ftags&post=469229"}],"curies":[{"name":"wp","href":"https:\/\/api.w.org\/{rel}","templated":true}]}}