{"id":469241,"date":"2020-05-25T00:00:17","date_gmt":"2020-05-25T05:00:17","guid":{"rendered":"https:\/\/www.diarioimagen.net\/?p=469241"},"modified":"2020-05-25T01:06:52","modified_gmt":"2020-05-25T06:06:52","slug":"asia-al-rescate-de-mexico-frente-al-covid-19","status":"publish","type":"post","link":"https:\/\/www.diarioimagen.net\/?p=469241","title":{"rendered":"Asia, al rescate de M\u00e9xico frente al Covid-19"},"content":{"rendered":"<h2>\u201cHora 14\u201d<\/h2>\n<h5>Mauricio Conde Olivares<\/h5>\n<p>&nbsp;<\/p>\n<p>Quintana Roo inicia esta semana con 291 defunciones como consecuencia de Covid-19 y un total de mil 609 casos positivos acumulados; de las personas actualmente infectadas por el coronavirus, un total de 316 enfrentan la enfermedad aislados en su domicilio, mientras que 160 m\u00e1s se encuentran tendidos en una cama de hospital.<\/p>\n<p>De la suma de defunciones en Quintana Roo, el municipio de Benito Ju\u00e1rez aport\u00f3 223 defunciones; el municipio de Solidaridad otras 39; 8 fallecieron en la Isla de Cozumel; 3 en Tulum y otros 3 en Jos\u00e9 Mar\u00eda Morelos. Dos perdieron la vida por el coronavirus en Felipe Carrillo Puerto y se mantienen con el registro de una sola defunci\u00f3n los ayuntamientos de Isla Mujeres, L\u00e1zaro C\u00e1rdenas y Puerto Morelos.<\/p>\n<p>Actualmente, solamente Bacalar no ha registrado una sola defunci\u00f3n por Covid-19.<\/p>\n<p>Ahora una buena noticia. Samsung Electronics M\u00e9xico, empresa l\u00edder en tecnolog\u00eda llev\u00f3 a cabo la donaci\u00f3n de 100 mil cubrebocas tri-capa de alta calidad (fabricadas en Corea del Sur) y 846 equipos electr\u00f3nicos: a saber 126 pantallas, 370 monitores, 50 refrigeradores, 100 lavadoras y 200 celulares; para apoyar a disminuir los efectos ocasionados por Covid-19, mismos que beneficiar\u00e1n a gran parte de la poblaci\u00f3n en el pa\u00eds.<\/p>\n<p>La compa\u00f1\u00eda tiene una larga tradici\u00f3n de apoyar la salud y vitalidad de nuestras comunidades, y el territorio mexicano es de alta importancia para la empresa, en donde sostiene presencia con oficinas centrales en la Ciudad de M\u00e9xico, as\u00ed como dos plantas de producci\u00f3n en las ciudades de Quer\u00e9taro y Tijuana.<\/p>\n<p>\u201cSamsung refrenda su compromiso de apoyar a M\u00e9xico, a trav\u00e9s de la entrega de recursos, para atender las necesidades urgentes de los ciudadanos. Ahora m\u00e1s que nunca, debemos estar unidos para mitigar y superar el impacto de Covid-19 en M\u00e9xico y en el mundo\u201d, afirm\u00f3 Sang Jik Lee, Presidente de Samsung Electronics M\u00e9xico.<\/p>\n<p>El donativo de Samsung, que se concret\u00f3 a trav\u00e9s de la Secretar\u00eda de Relaciones Exteriores, se distribuy\u00f3 entre la Ciudad de M\u00e9xico, Baja California Sur y Quer\u00e9taro. La ceremonia de entrega en la Ciudad de M\u00e9xico se realiz\u00f3 en el Instituto Nacional de Enfermedades Respiratorias (INER) y cont\u00f3 con la presencia de Sang Jik Lee, Presidente de Samsung Electronics M\u00e9xico; Dong Sung Kim, CFO de Samsung Electronics M\u00e9xico; Dr. Jorge Salas Hern\u00e1ndez, Director General del Instituto Nacional de Enfermedades Respiratorias; Maximiliano Reyes Z\u00fa\u00f1iga, Subsecretario para Am\u00e9rica Latina y el Caribe de la Secretar\u00eda de Relaciones Exteriores y Carlos Candelaria, Director General de Delegaciones de la Secretar\u00eda de Relaciones Exteriores<\/p>\n<p>Adicionalmente, en Quer\u00e9taro, donde Samsung cuenta con una planta de enseres dom\u00e9sticos, la compa\u00f1\u00eda tambi\u00e9n ha donado, a trav\u00e9s del gobierno de Quer\u00e9taro, los siguientes productos: 300 protectores faciales de pl\u00e1stico; 240 piezas de ropa protectora; 5,000 m\u00e1scaras dentales y 500 despensas\/canasta b\u00e1sica.<\/p>\n<p>Por su parte, en Tijuana, donde la empresa surcoreana tambi\u00e9n tiene una planta de producci\u00f3n de audio y video, se donaron 2,500 paquetes de despensa b\u00e1sica que fueron distribuidos en comunidades vulnerables de la ciudad.<\/p>\n<p>Precisan directivos que en Samsung se est\u00e1 buscando la manera de contribuir con la poblaci\u00f3n para combatir el Covid-19 alrededor del planeta. \u201cNuestros esfuerzos globales incluyen la donaci\u00f3n de productos m\u00e9dicos, as\u00ed como kits de higiene, cubrebocas, smartphones y tablets para pacientes en cuarentena para ayudarlos a mantener contacto con familiares y amigos, as\u00ed como otros equipos para hospitales y centros de cuarentena\u201d, citaron.<\/p>\n<p>Tambi\u00e9n se han realizado donaciones monetarias y productos a hospitales, escuelas e instituciones que apoyan a peque\u00f1as empresas y comunidades vulnerables en los Estados Unidos de Am\u00e9rica.<\/p>\n<p>Por ejemplo, en Corea, Samsung cedi\u00f3 una de sus f\u00e1bricas para que las autoridades la usaran como centro de pacientes y destin\u00f3 un grupo de ingenieros para que trabajaran con empresas coreanas que fabrican cubrebocas, ayud\u00e1ndolos a mejorar dise\u00f1os y a hacer los procesos m\u00e1s eficientes llegando a duplicar la producci\u00f3n en esas f\u00e1bricas.<\/p>\n<p>Ahora que estamos hablando de empresas asi\u00e1ticas, le comento que la compa\u00f1\u00eda biotecnol\u00f3gica coreana Macrogen (CEO Sukang Lee) (KOSDAQ: 038290), anunci\u00f3 que ha obtenido la aprobaci\u00f3n para exportaci\u00f3n para su kit de prueba para Covid-19 \u2018AxenTM Covid-19 RT\u2019, otorgada por el Ministerio de Seguridad de Alimentos y Medicamentos (MFDS por sus siglas en ingl\u00e9s) el pasado d\u00eda 18 de mayo.<\/p>\n<p>El kit de prueba para Covid-19 de Macrogen es un producto que utiliza RT-PCR (reacci\u00f3n en cadena de la polimerasa con transcriptasa inversa), y puede confirmar si la persona est\u00e1 infectada con Covid-19 en solo dos horas, lo que permite hacer una gran cantidad de tests en forma r\u00e1pida y eficiente.<\/p>\n<p>Como el kit detecta los genes ORF1ab y E, dos genes relacionados con el Covid-19, tiene un elevado nivel de precisi\u00f3n y detecci\u00f3n de dianas. En consecuencia, se eval\u00faa que el kit de prueba es m\u00e1s apropiado para identificar a los pacientes con cantidades \u00ednfimas de COVID-19.<\/p>\n<p>Anteriormente, Macrogen recogi\u00f3 muestras de las v\u00edas a\u00e9reas superiores (nariz, boca, cuello, etc.) e inferiores (bronquios, etc.) de pacientes con Covid-19, y llev\u00f3 a cabo un estudio cl\u00ednico con su kit de prueba Axen Covid-19 RT. Macrogen confirm\u00f3 una consistencia del 100% en 20 muestras de cada uno de los grupos de positivos y negativos, e inform\u00f3 estos resultados al MFDS.<\/p>\n<p>Macrogen aplic\u00f3 diversas directrices, entre las que se incluyen un Borrador de Norma Internacional de los comit\u00e9s t\u00e9cnicos de dispositivos m\u00e9dicos de la Organizaci\u00f3n Internacional de Normalizaci\u00f3n (ISO por sus siglas en ingl\u00e9s), y complet\u00f3 el autodesarrollo del kit de prueba Axen Covid-19 RT el mes pasado.<\/p>\n<p>Macrogen, que es reconocida como una compa\u00f1\u00eda con tecnolog\u00eda y precisi\u00f3n diagn\u00f3stica confiables, obtuvo suficiente materia prima para producir como m\u00ednimo 100.000 tests por semana, y complet\u00f3 el sistema y el proceso de producci\u00f3n de los kits de conformidad con las regulaciones sobre buenas f\u00e1bricas de fabricaci\u00f3n.<\/p>\n<p>Incluso, antes de esta aprobaci\u00f3n para la exportaci\u00f3n, se observ\u00f3 un alza en las consultas sobre el modo de comprar el kit de prueba de Macrogen procedentes de muchos pa\u00edses, entre ellos Brasil y Uruguay. Esto sugiere que Macrogen ha sido reconocida por su tecnolog\u00eda en funci\u00f3n de sus 24 a\u00f1os de experiencia en an\u00e1lisis gen\u00f3mico, y su experiencia en el desarrollo de reactivos diagn\u00f3sticos.<\/p>\n<p>Macrogen ha apuntado al mercado global con sus estrategias de glocalizaci\u00f3n, y ha mantenido un elevado nivel de reconocimiento y confianza del consumidor en los \u00e1mbitos de investigaci\u00f3n, diagn\u00f3stico cl\u00ednico, genoma personal y microbioma.<\/p>\n<p>En particular, Macrogen se enorgullece de una cartera comercial de alcance integral, que incluye la investigaci\u00f3n viral l\u00edder de Corea frente a brotes de virus nuevos, como MERS y SARS, adem\u00e1s de su fabricaci\u00f3n de oligo, el material clave en un reactivo diagn\u00f3stico, y la producci\u00f3n de ratones modelo para el desarrollo terap\u00e9utico y de vacunas.<\/p>\n<p>Actualmente, Macrogen se est\u00e1 preparando para obtener una Autorizaci\u00f3n para Uso de Emergencia (EUA por sus siglas en ingl\u00e9s) de la FDA estadounidense y la clasificaci\u00f3n CE-IVD (productos para diagn\u00f3stico in vitro) de Europa.<\/p>\n<p>Se espera que estas autorizaciones aumenten las exportaciones de Macrogen en todo Estados Unidos y Europa, adem\u00e1s de Brasil y Uruguay, en los cuales el kit de prueba est\u00e1 actualmente en negociaci\u00f3n.<\/p>\n<p>El CEO de Macrogen Sukang Lee coment\u00f3: \u201cPlaneamos proveer nuestro kit de prueba a pa\u00edses importantes, que nos contactaron incluso durante la fase de desarrollo del kit, y estaban esperando la aprobaci\u00f3n para exportaci\u00f3n junto con nosotros, en primer lugar y tan pronto como sea posible. No solo mejoraremos el desempe\u00f1o de nuestro kit de prueba para detectar las numerosas mutaciones del coronavirus que sigan apareciendo en el futuro, sino tambi\u00e9n para responder r\u00e1pidamente a un Covid-19 prolongado y cualquier virus nuevo emergente\u201d; empero, lo anterior ser\u00e1 motivo de posterior an\u00e1lisis en otra entrega de <strong><em>Hora 14<\/em><\/strong>.<\/p>\n<p><em><a href=\"mailto:%20mauricio_conde@msn.com\" target=\"_blank\" rel=\"noopener noreferrer\">mauricioconde59@outlook.com<\/a><\/em><br \/>\n<em><a href=\"https:\/\/twitter.com\/mauconde007\" target=\"_blank\" rel=\"noopener noreferrer\">@mauconde007<\/a> <\/em><br \/>\n<em><a href=\"https:\/\/mauriciocondeblog.wordpress.com\" target=\"_blank\" rel=\"noopener noreferrer\">https:\/\/mauriciocondeblog.wordpress.com<\/a><\/em><\/p>\n","protected":false},"excerpt":{"rendered":"<p><span style=\"color: #005497;\"><strong>Mauricio Conde Olivares<\/strong><\/span><\/p>\n","protected":false},"author":3,"featured_media":0,"comment_status":"open","ping_status":"open","sticky":false,"template":"","format":"standard","meta":{"_monsterinsights_skip_tracking":false,"_monsterinsights_sitenote_active":false,"_monsterinsights_sitenote_note":"","_monsterinsights_sitenote_category":0,"footnotes":""},"categories":[35889],"tags":[43712,43674,44860],"class_list":["post-469241","post","type-post","status-publish","format-standard","hentry","category-mauricio-conde-olivares","tag-mauricio-conde-olivares","tag-opinion","tag-hora-14"],"_links":{"self":[{"href":"https:\/\/www.diarioimagen.net\/index.php?rest_route=\/wp\/v2\/posts\/469241","targetHints":{"allow":["GET"]}}],"collection":[{"href":"https:\/\/www.diarioimagen.net\/index.php?rest_route=\/wp\/v2\/posts"}],"about":[{"href":"https:\/\/www.diarioimagen.net\/index.php?rest_route=\/wp\/v2\/types\/post"}],"author":[{"embeddable":true,"href":"https:\/\/www.diarioimagen.net\/index.php?rest_route=\/wp\/v2\/users\/3"}],"replies":[{"embeddable":true,"href":"https:\/\/www.diarioimagen.net\/index.php?rest_route=%2Fwp%2Fv2%2Fcomments&post=469241"}],"version-history":[{"count":0,"href":"https:\/\/www.diarioimagen.net\/index.php?rest_route=\/wp\/v2\/posts\/469241\/revisions"}],"wp:attachment":[{"href":"https:\/\/www.diarioimagen.net\/index.php?rest_route=%2Fwp%2Fv2%2Fmedia&parent=469241"}],"wp:term":[{"taxonomy":"category","embeddable":true,"href":"https:\/\/www.diarioimagen.net\/index.php?rest_route=%2Fwp%2Fv2%2Fcategories&post=469241"},{"taxonomy":"post_tag","embeddable":true,"href":"https:\/\/www.diarioimagen.net\/index.php?rest_route=%2Fwp%2Fv2%2Ftags&post=469241"}],"curies":[{"name":"wp","href":"https:\/\/api.w.org\/{rel}","templated":true}]}}