{"id":469322,"date":"2020-05-26T00:02:48","date_gmt":"2020-05-26T05:02:48","guid":{"rendered":"https:\/\/www.diarioimagen.net\/?p=469322"},"modified":"2020-05-26T01:44:41","modified_gmt":"2020-05-26T06:44:41","slug":"llama-el-alcalde-de-huixquilucan-a-no-bajar-la-guardia-en-prevencion-por-covid","status":"publish","type":"post","link":"https:\/\/www.diarioimagen.net\/?p=469322","title":{"rendered":"Llama el alcalde de Huixquilucan a no bajar la guardia en prevenci\u00f3n por Covid"},"content":{"rendered":"<ul>\n<li><strong><em>\u201cLa emergencia sanitaria a\u00fan no termina\u201d<\/em><\/strong><\/li>\n<\/ul>\n<p><strong>\u00a0<\/strong><\/p>\n<div id=\"attachment_469398\" style=\"width: 470px\" class=\"wp-caption aligncenter\"><a href=\"https:\/\/www.diarioimagen.net\/?attachment_id=469398\" rel=\"attachment wp-att-469398\"><img loading=\"lazy\" decoding=\"async\" aria-describedby=\"caption-attachment-469398\" class=\"size-large wp-image-469398\" src=\"https:\/\/www.diarioimagen.net\/wp-content\/uploads\/2020\/05\/huixquilucan-10-460x460.jpg\" alt=\"\" width=\"460\" height=\"460\" srcset=\"https:\/\/www.diarioimagen.net\/wp-content\/uploads\/2020\/05\/huixquilucan-10-460x460.jpg 460w, https:\/\/www.diarioimagen.net\/wp-content\/uploads\/2020\/05\/huixquilucan-10-240x240.jpg 240w, https:\/\/www.diarioimagen.net\/wp-content\/uploads\/2020\/05\/huixquilucan-10-150x150.jpg 150w, https:\/\/www.diarioimagen.net\/wp-content\/uploads\/2020\/05\/huixquilucan-10-50x50.jpg 50w, https:\/\/www.diarioimagen.net\/wp-content\/uploads\/2020\/05\/huixquilucan-10-75x75.jpg 75w, https:\/\/www.diarioimagen.net\/wp-content\/uploads\/2020\/05\/huixquilucan-10-70x70.jpg 70w, https:\/\/www.diarioimagen.net\/wp-content\/uploads\/2020\/05\/huixquilucan-10.jpg 480w\" sizes=\"auto, (max-width: 460px) 100vw, 460px\" \/><\/a><p id=\"caption-attachment-469398\" class=\"wp-caption-text\">Si bien a partir del 1 de junio se reactivar\u00e1n actividades en algunas regiones del pa\u00eds, el Edomex se encuentra en sem\u00e1foro rojo, lo que representa el m\u00e1ximo de alerta sanitaria.<\/p><\/div>\n<p>&nbsp;<\/p>\n<p><strong>Huixquilucan, Estado de M\u00e9xico.- <\/strong>En la \u00faltima semana de la jornada nacional de sana distancia, el presidente municipal, Enrique Vargas del Villar record\u00f3 que la emergencia sanitaria por el coronavirus a\u00fan no termina, por lo que llam\u00f3 a la poblaci\u00f3n a reforzar las medidas de prevenci\u00f3n e higiene para evitar contagios de Covid-19.<\/p>\n<p>El Edil record\u00f3, que si bien a partir del 1 de junio se reactivar\u00e1n actividades en algunas regiones del pa\u00eds, el Estado de M\u00e9xico se encuentra en sem\u00e1foro rojo, lo que representa el m\u00e1ximo de alerta sanitaria y por ende la extensi\u00f3n de las medidas de prevenci\u00f3n.<\/p>\n<p>Si bien el municipio ha logrado bajar el n\u00famero de contagios para pasar del primer lugar al sitio 16 en la entidad, el alcalde de Huixquilucan eval\u00faa el proyecto de reactivaci\u00f3n econ\u00f3mica y el regreso escalonado a la nueva normalidad.<\/p>\n<p>Las autoridades municipales hacen un en\u00e9rgico llamado a quedarse en casa y salir \u00fanicamente por alimentos o medicina, reforzar las medidas de higiene en el hogar y al regresar a casa.<\/p>\n<p>Asimismo, se tienen las l\u00edneas telef\u00f3nicas de atenci\u00f3n psicol\u00f3gica en el 55-4822-3026; acompa\u00f1amiento psicol\u00f3gico para adultos mayores 55-7920-2225 y denuncia por violencia intrafamiliar en los n\u00fameros 55-5290-1529, 55-3605-1440 y 55-3605-1441, y a trav\u00e9s de la aplicaci\u00f3n c-Now.<\/p>\n","protected":false},"excerpt":{"rendered":"<p>En la \u00faltima semana de la jornada nacional de sana distancia, el presidente municipal, Enrique Vargas del Villar record\u00f3 que la emergencia sanitaria por el coronavirus a\u00fan no termina, por lo que llam\u00f3 a la poblaci\u00f3n a reforzar las medidas de prevenci\u00f3n e higiene para evitar contagios de Covid-19.\u00a0<\/p>\n","protected":false},"author":3,"featured_media":469398,"comment_status":"open","ping_status":"open","sticky":false,"template":"","format":"standard","meta":{"_monsterinsights_skip_tracking":false,"_monsterinsights_sitenote_active":false,"_monsterinsights_sitenote_note":"","_monsterinsights_sitenote_category":0,"footnotes":""},"categories":[5],"tags":[43675,83314,1097,21732],"class_list":["post-469322","post","type-post","status-publish","format-standard","has-post-thumbnail","hentry","category-estado-de-mexico","tag-estado-de-mexico","tag-guardia","tag-huixquilucan","tag-prevencion"],"_links":{"self":[{"href":"https:\/\/www.diarioimagen.net\/index.php?rest_route=\/wp\/v2\/posts\/469322","targetHints":{"allow":["GET"]}}],"collection":[{"href":"https:\/\/www.diarioimagen.net\/index.php?rest_route=\/wp\/v2\/posts"}],"about":[{"href":"https:\/\/www.diarioimagen.net\/index.php?rest_route=\/wp\/v2\/types\/post"}],"author":[{"embeddable":true,"href":"https:\/\/www.diarioimagen.net\/index.php?rest_route=\/wp\/v2\/users\/3"}],"replies":[{"embeddable":true,"href":"https:\/\/www.diarioimagen.net\/index.php?rest_route=%2Fwp%2Fv2%2Fcomments&post=469322"}],"version-history":[{"count":0,"href":"https:\/\/www.diarioimagen.net\/index.php?rest_route=\/wp\/v2\/posts\/469322\/revisions"}],"wp:featuredmedia":[{"embeddable":true,"href":"https:\/\/www.diarioimagen.net\/index.php?rest_route=\/wp\/v2\/media\/469398"}],"wp:attachment":[{"href":"https:\/\/www.diarioimagen.net\/index.php?rest_route=%2Fwp%2Fv2%2Fmedia&parent=469322"}],"wp:term":[{"taxonomy":"category","embeddable":true,"href":"https:\/\/www.diarioimagen.net\/index.php?rest_route=%2Fwp%2Fv2%2Fcategories&post=469322"},{"taxonomy":"post_tag","embeddable":true,"href":"https:\/\/www.diarioimagen.net\/index.php?rest_route=%2Fwp%2Fv2%2Ftags&post=469322"}],"curies":[{"name":"wp","href":"https:\/\/api.w.org\/{rel}","templated":true}]}}