{"id":469429,"date":"2020-05-27T00:03:35","date_gmt":"2020-05-27T05:03:35","guid":{"rendered":"https:\/\/www.diarioimagen.net\/?p=469429"},"modified":"2020-05-27T01:47:09","modified_gmt":"2020-05-27T06:47:09","slug":"cabildo-de-naucalpan-amplia-campana-de-regularizacion-fiscal-por-emergencia-sanitaria","status":"publish","type":"post","link":"https:\/\/www.diarioimagen.net\/?p=469429","title":{"rendered":"Cabildo de Naucalpan amplia Campa\u00f1a de Regularizaci\u00f3n Fiscal por emergencia sanitaria"},"content":{"rendered":"<ul>\n<li><strong><em>Hasta el 30 de septiembre<\/em><\/strong><\/li>\n<\/ul>\n<p>&nbsp;<\/p>\n<div id=\"attachment_469501\" style=\"width: 470px\" class=\"wp-caption aligncenter\"><a href=\"https:\/\/www.diarioimagen.net\/?attachment_id=469501\" rel=\"attachment wp-att-469501\"><img loading=\"lazy\" decoding=\"async\" aria-describedby=\"caption-attachment-469501\" class=\"size-large wp-image-469501\" src=\"https:\/\/www.diarioimagen.net\/wp-content\/uploads\/2020\/05\/naucalpan-14-460x259.jpg\" alt=\"\" width=\"460\" height=\"259\" srcset=\"https:\/\/www.diarioimagen.net\/wp-content\/uploads\/2020\/05\/naucalpan-14-460x259.jpg 460w, https:\/\/www.diarioimagen.net\/wp-content\/uploads\/2020\/05\/naucalpan-14-240x135.jpg 240w, https:\/\/www.diarioimagen.net\/wp-content\/uploads\/2020\/05\/naucalpan-14-235x132.jpg 235w, https:\/\/www.diarioimagen.net\/wp-content\/uploads\/2020\/05\/naucalpan-14-202x114.jpg 202w, https:\/\/www.diarioimagen.net\/wp-content\/uploads\/2020\/05\/naucalpan-14-350x196.jpg 350w, https:\/\/www.diarioimagen.net\/wp-content\/uploads\/2020\/05\/naucalpan-14-220x123.jpg 220w, https:\/\/www.diarioimagen.net\/wp-content\/uploads\/2020\/05\/naucalpan-14-237x132.jpg 237w, https:\/\/www.diarioimagen.net\/wp-content\/uploads\/2020\/05\/naucalpan-14.jpg 480w\" sizes=\"auto, (max-width: 460px) 100vw, 460px\" \/><\/a><p id=\"caption-attachment-469501\" class=\"wp-caption-text\">El cuerpo edilicio de Naucalpan ampli\u00f3 el plazo, hasta el 30 de septiembre, para la aplicaci\u00f3n de los beneficios fiscales.<\/p><\/div>\n<p>&nbsp;<\/p>\n<p><strong>Naucalpan, Estado de M\u00e9xico<\/strong><strong>.-<\/strong> Luego de que el Cabildo local aprobara en la sesi\u00f3n extraordinaria anterior la Campa\u00f1a de Regularizaci\u00f3n Fiscal de la Tesorer\u00eda Municipal, ayer el cuerpo edilicio ampli\u00f3 el plazo, hasta el 30 de septiembre, para la aplicaci\u00f3n de los beneficios fiscales.<\/p>\n<p>Durante la Decimotercera Sesi\u00f3n Extraordinaria de Cabildo, los ediles resolvieron, por unanimidad, extender los beneficios como una medida de apoyo a los ciudadanos frente a la emergencia sanitaria por Covid-19.<\/p>\n<p>Los recargos que se generen por concepto de pago del Impuesto sobre Adquisici\u00f3n de Inmuebles y otras operaciones traslativas de dominio de inmuebles ser\u00e1n condonados al 100 por ciento.<\/p>\n<p>La disposici\u00f3n incluye, tambi\u00e9n, la condonaci\u00f3n de multas en las renovaciones extempor\u00e1neas de licencias de funcionamiento, as\u00ed como en accesorios relativos al pago de derechos por venta de bebidas alcoh\u00f3licas para establecimientos comerciales.<\/p>\n<p>Para hacer v\u00e1lidos los descuentos y condonaciones, es necesario que los pagos se realicen en una sola exhibici\u00f3n.<\/p>\n<p>Asimismo, durante la sesi\u00f3n, s\u00edndicos y regidores coincidieron en que el Gobierno de Naucalpan ha atendido, con antelaci\u00f3n, el exhorto emitido por el Instituto de Transparencia, Acceso a la Informaci\u00f3n P\u00fablica y Protecci\u00f3n de Datos Personales del Estado de M\u00e9xico, en el que solicita a los 125 municipios de la entidad la instauraci\u00f3n de un espacio informativo en sus p\u00e1ginas web oficiales sobre la emergencia sanitaria por coronavirus.<\/p>\n<p>Desde marzo, el Gobierno de Naucalpan habilit\u00f3 un micrositio en la p\u00e1gina oficial del Ayuntamiento, a fin de mantener a la ciudadan\u00eda informada sobre las medidas de prevenci\u00f3n, contenci\u00f3n y tratamiento de eventuales contagios por coronavirus.<\/p>\n<p>El micrositio, www.naucalpan.gob.mx\/covid-19, refuerza la campa\u00f1a de difusi\u00f3n de la Jornada Nacional de Sana Distancia, con infograf\u00edas, notas de prensa y recomendaciones para prevenir contagios por Covid-19 en Naucalpan.<\/p>\n<p>Al respecto, la Presidenta Municipal, Patricia Dur\u00e1n Reveles, resalt\u00f3 que la implementaci\u00f3n de este espacio es resultado de los acuerdos tomados por el Consejo Municipal de Emergencias para la Atenci\u00f3n del Covid-19, \u00f3rgano colegiado que sesiona todos los d\u00edas de manera virtual a las 11:00 horas.<\/p>\n<p>\u201cDesde inicio de la emergencia sanitaria, como pol\u00edtica de transparencia proactiva y procurando su accesibilidad, se cre\u00f3 un micrositio denominado Covid-19 en nuestra p\u00e1gina del Gobierno Municipal, donde permanentemente se est\u00e1 actualizando informaci\u00f3n relacionada con la pandemia\u201d, puntualiz\u00f3 la Mun\u00edcipe.<\/p>\n<p>Dur\u00e1n Reveles ofreci\u00f3 un corte de las acciones realizadas para atender la contingencia y garantizar la operaci\u00f3n del gobierno municipal.<\/p>\n","protected":false},"excerpt":{"rendered":"<p>Luego de que el Cabildo local aprobara en la sesi\u00f3n extraordinaria anterior la Campa\u00f1a de Regularizaci\u00f3n Fiscal de la Tesorer\u00eda Municipal, ayer el cuerpo edilicio ampli\u00f3 el plazo, hasta el 30 de septiembre, para la aplicaci\u00f3n de los beneficios fiscales.<\/p>\n","protected":false},"author":3,"featured_media":469501,"comment_status":"open","ping_status":"open","sticky":false,"template":"","format":"standard","meta":{"_monsterinsights_skip_tracking":false,"_monsterinsights_sitenote_active":false,"_monsterinsights_sitenote_note":"","_monsterinsights_sitenote_category":0,"footnotes":""},"categories":[5],"tags":[90948,43675,970],"class_list":["post-469429","post","type-post","status-publish","format-standard","has-post-thumbnail","hentry","category-estado-de-mexico","tag-campana-de-regularizacion-fiscal","tag-estado-de-mexico","tag-naucalpan"],"_links":{"self":[{"href":"https:\/\/www.diarioimagen.net\/index.php?rest_route=\/wp\/v2\/posts\/469429","targetHints":{"allow":["GET"]}}],"collection":[{"href":"https:\/\/www.diarioimagen.net\/index.php?rest_route=\/wp\/v2\/posts"}],"about":[{"href":"https:\/\/www.diarioimagen.net\/index.php?rest_route=\/wp\/v2\/types\/post"}],"author":[{"embeddable":true,"href":"https:\/\/www.diarioimagen.net\/index.php?rest_route=\/wp\/v2\/users\/3"}],"replies":[{"embeddable":true,"href":"https:\/\/www.diarioimagen.net\/index.php?rest_route=%2Fwp%2Fv2%2Fcomments&post=469429"}],"version-history":[{"count":0,"href":"https:\/\/www.diarioimagen.net\/index.php?rest_route=\/wp\/v2\/posts\/469429\/revisions"}],"wp:featuredmedia":[{"embeddable":true,"href":"https:\/\/www.diarioimagen.net\/index.php?rest_route=\/wp\/v2\/media\/469501"}],"wp:attachment":[{"href":"https:\/\/www.diarioimagen.net\/index.php?rest_route=%2Fwp%2Fv2%2Fmedia&parent=469429"}],"wp:term":[{"taxonomy":"category","embeddable":true,"href":"https:\/\/www.diarioimagen.net\/index.php?rest_route=%2Fwp%2Fv2%2Fcategories&post=469429"},{"taxonomy":"post_tag","embeddable":true,"href":"https:\/\/www.diarioimagen.net\/index.php?rest_route=%2Fwp%2Fv2%2Ftags&post=469429"}],"curies":[{"name":"wp","href":"https:\/\/api.w.org\/{rel}","templated":true}]}}