{"id":469432,"date":"2020-05-27T00:02:21","date_gmt":"2020-05-27T05:02:21","guid":{"rendered":"https:\/\/www.diarioimagen.net\/?p=469432"},"modified":"2020-05-27T04:27:48","modified_gmt":"2020-05-27T09:27:48","slug":"comercios-de-c-izcalli-reduciran-su-actividad-hasta-el-proximo-31-de-mayo","status":"publish","type":"post","link":"https:\/\/www.diarioimagen.net\/?p=469432","title":{"rendered":"Comercios de C. Izcalli reducir\u00e1n su actividad hasta el pr\u00f3ximo 31 de mayo"},"content":{"rendered":"<ul>\n<li><strong><em>Reuni\u00f3n a distancia con l\u00edderes de mercados y tianguis<\/em><\/strong><\/li>\n<\/ul>\n<p><strong>\u00a0<\/strong><\/p>\n<div id=\"attachment_469498\" style=\"width: 470px\" class=\"wp-caption aligncenter\"><a href=\"https:\/\/www.diarioimagen.net\/?attachment_id=469498\" rel=\"attachment wp-att-469498\"><img loading=\"lazy\" decoding=\"async\" aria-describedby=\"caption-attachment-469498\" class=\"size-large wp-image-469498\" src=\"https:\/\/www.diarioimagen.net\/wp-content\/uploads\/2020\/05\/cuautitlan-9-460x259.jpg\" alt=\"\" width=\"460\" height=\"259\" srcset=\"https:\/\/www.diarioimagen.net\/wp-content\/uploads\/2020\/05\/cuautitlan-9-460x259.jpg 460w, https:\/\/www.diarioimagen.net\/wp-content\/uploads\/2020\/05\/cuautitlan-9-240x135.jpg 240w, https:\/\/www.diarioimagen.net\/wp-content\/uploads\/2020\/05\/cuautitlan-9-235x132.jpg 235w, https:\/\/www.diarioimagen.net\/wp-content\/uploads\/2020\/05\/cuautitlan-9-202x114.jpg 202w, https:\/\/www.diarioimagen.net\/wp-content\/uploads\/2020\/05\/cuautitlan-9-350x196.jpg 350w, https:\/\/www.diarioimagen.net\/wp-content\/uploads\/2020\/05\/cuautitlan-9-220x123.jpg 220w, https:\/\/www.diarioimagen.net\/wp-content\/uploads\/2020\/05\/cuautitlan-9-237x132.jpg 237w, https:\/\/www.diarioimagen.net\/wp-content\/uploads\/2020\/05\/cuautitlan-9.jpg 480w\" sizes=\"auto, (max-width: 460px) 100vw, 460px\" \/><\/a><p id=\"caption-attachment-469498\" class=\"wp-caption-text\">Autoridades municipales y l\u00edderes de mercados y tianguis de Cuautitl\u00e1n Izcalli acordaron que del 25 al 31 de mayo s\u00f3lo se instalar\u00e1n comercios que ofrezcan mercanc\u00edas esenciales.<\/p><\/div>\n<p>&nbsp;<\/p>\n<p><strong>Cuautitl\u00e1n Izcalli, Estado de M\u00e9xico.- <\/strong>Debido al incremento de contagios por Covid-19, que agrava la situaci\u00f3n sanitaria que afronta Cuautitl\u00e1n Izcalli y nos ubica como uno de los municipios que se encuentra en sem\u00e1foro epidemiol\u00f3gico rojo, los mercados y tianguis de la demarcaci\u00f3n tendr\u00e1n que ofrecer esta \u00faltima semana de mayo, s\u00f3lo mercanc\u00edas esenciales.<\/p>\n<p>Autoridades municipales se reunieron a distancia con l\u00edderes de mercados y tianguis de Cuautitl\u00e1n Izcalli a trav\u00e9s de la herramienta tecnol\u00f3gica Zoom, durante la cual acordaron que del 25 al 31 de mayo s\u00f3lo se instalar\u00e1n comercios que ofrezcan mercanc\u00edas esenciales; y las no esenciales \u00fanicamente tendr\u00e1n a la venta el 25 por ciento. Todos deber\u00e1n cumplir las medidas de prevenci\u00f3n necesarias, tanto para comerciantes como para los consumidores.<\/p>\n<p>Durante la reuni\u00f3n entre autoridades y comerciantes, acordaron que se realizar\u00e1 sanitizaci\u00f3n de los mercados y habr\u00e1 presencia de elementos de Seguridad P\u00fablica para resguardar a los izcallenses y para verificar que se cumplan de manera estricta las medidas sanitarias.<\/p>\n<p>Qued\u00f3 claro que esta semana se llevar\u00e1n a cabo estos acuerdos y podr\u00e1n extenderse en el tiempo hasta que el sem\u00e1foro cambie de color y consecuentemente, el riesgo de contagio sea menor.<\/p>\n","protected":false},"excerpt":{"rendered":"<p>Debido al incremento de contagios por Covid-19, que agrava la situaci\u00f3n sanitaria que afronta Cuautitl\u00e1n Izcalli y nos ubica como uno de los municipios que se encuentra en sem\u00e1foro epidemiol\u00f3gico rojo, los mercados y tianguis de la demarcaci\u00f3n tendr\u00e1n que ofrecer esta \u00faltima semana de mayo, s\u00f3lo mercanc\u00edas esenciales.<\/p>\n","protected":false},"author":3,"featured_media":469498,"comment_status":"open","ping_status":"open","sticky":false,"template":"","format":"standard","meta":{"_monsterinsights_skip_tracking":false,"_monsterinsights_sitenote_active":false,"_monsterinsights_sitenote_note":"","_monsterinsights_sitenote_category":0,"footnotes":""},"categories":[5],"tags":[69406,971,43675,90949],"class_list":["post-469432","post","type-post","status-publish","format-standard","has-post-thumbnail","hentry","category-estado-de-mexico","tag-actividad","tag-cuautitlan-izcalli","tag-estado-de-mexico","tag-reduciran"],"_links":{"self":[{"href":"https:\/\/www.diarioimagen.net\/index.php?rest_route=\/wp\/v2\/posts\/469432","targetHints":{"allow":["GET"]}}],"collection":[{"href":"https:\/\/www.diarioimagen.net\/index.php?rest_route=\/wp\/v2\/posts"}],"about":[{"href":"https:\/\/www.diarioimagen.net\/index.php?rest_route=\/wp\/v2\/types\/post"}],"author":[{"embeddable":true,"href":"https:\/\/www.diarioimagen.net\/index.php?rest_route=\/wp\/v2\/users\/3"}],"replies":[{"embeddable":true,"href":"https:\/\/www.diarioimagen.net\/index.php?rest_route=%2Fwp%2Fv2%2Fcomments&post=469432"}],"version-history":[{"count":0,"href":"https:\/\/www.diarioimagen.net\/index.php?rest_route=\/wp\/v2\/posts\/469432\/revisions"}],"wp:featuredmedia":[{"embeddable":true,"href":"https:\/\/www.diarioimagen.net\/index.php?rest_route=\/wp\/v2\/media\/469498"}],"wp:attachment":[{"href":"https:\/\/www.diarioimagen.net\/index.php?rest_route=%2Fwp%2Fv2%2Fmedia&parent=469432"}],"wp:term":[{"taxonomy":"category","embeddable":true,"href":"https:\/\/www.diarioimagen.net\/index.php?rest_route=%2Fwp%2Fv2%2Fcategories&post=469432"},{"taxonomy":"post_tag","embeddable":true,"href":"https:\/\/www.diarioimagen.net\/index.php?rest_route=%2Fwp%2Fv2%2Ftags&post=469432"}],"curies":[{"name":"wp","href":"https:\/\/api.w.org\/{rel}","templated":true}]}}