{"id":469434,"date":"2020-05-27T00:01:51","date_gmt":"2020-05-27T05:01:51","guid":{"rendered":"https:\/\/www.diarioimagen.net\/?p=469434"},"modified":"2020-05-27T01:43:32","modified_gmt":"2020-05-27T06:43:32","slug":"listo-en-atizapan-plan-integral-de-prevencion-y-contingencia-por-lluvias","status":"publish","type":"post","link":"https:\/\/www.diarioimagen.net\/?p=469434","title":{"rendered":"Listo en Atizap\u00e1n, plan integral de prevenci\u00f3n y contingencia por lluvias"},"content":{"rendered":"<p><a href=\"https:\/\/www.diarioimagen.net\/?attachment_id=469495\" rel=\"attachment wp-att-469495\"><img loading=\"lazy\" decoding=\"async\" class=\"aligncenter size-large wp-image-469495\" src=\"https:\/\/www.diarioimagen.net\/wp-content\/uploads\/2020\/05\/atizapan-6-460x259.jpg\" alt=\"\" width=\"460\" height=\"259\" srcset=\"https:\/\/www.diarioimagen.net\/wp-content\/uploads\/2020\/05\/atizapan-6-460x259.jpg 460w, https:\/\/www.diarioimagen.net\/wp-content\/uploads\/2020\/05\/atizapan-6-240x135.jpg 240w, https:\/\/www.diarioimagen.net\/wp-content\/uploads\/2020\/05\/atizapan-6-235x132.jpg 235w, https:\/\/www.diarioimagen.net\/wp-content\/uploads\/2020\/05\/atizapan-6-202x114.jpg 202w, https:\/\/www.diarioimagen.net\/wp-content\/uploads\/2020\/05\/atizapan-6-350x196.jpg 350w, https:\/\/www.diarioimagen.net\/wp-content\/uploads\/2020\/05\/atizapan-6-220x123.jpg 220w, https:\/\/www.diarioimagen.net\/wp-content\/uploads\/2020\/05\/atizapan-6-237x132.jpg 237w, https:\/\/www.diarioimagen.net\/wp-content\/uploads\/2020\/05\/atizapan-6.jpg 480w\" sizes=\"auto, (max-width: 460px) 100vw, 460px\" \/><\/a><\/p>\n<p>&nbsp;<\/p>\n<p><strong>Atizap\u00e1n, Estado de M\u00e9xico<\/strong><strong>.<\/strong>&#8211; El gobierno municipal se encuentra listo con el Plan Integral de Prevenci\u00f3n y Contingencia para Temporada de Lluvias 2020, que mantendr\u00e1 especial atenci\u00f3n en 20 pol\u00edgonos susceptibles a inundaciones.<\/p>\n<p>La presidente municipal Ruth Olvera Nieto afirm\u00f3 que desde el inicio de su administraci\u00f3n se han implementado diversas acciones de prevenci\u00f3n, logrando disminuir las afectaciones por lluvias el a\u00f1o pasado.<\/p>\n","protected":false},"excerpt":{"rendered":"<p>El gobierno municipal se encuentra listo con el Plan Integral de Prevenci\u00f3n y Contingencia para Temporada de Lluvias 2020, que mantendr\u00e1 especial atenci\u00f3n en 20 pol\u00edgonos susceptibles a inundaciones.<\/p>\n","protected":false},"author":3,"featured_media":469495,"comment_status":"open","ping_status":"open","sticky":false,"template":"","format":"standard","meta":{"_monsterinsights_skip_tracking":false,"_monsterinsights_sitenote_active":false,"_monsterinsights_sitenote_note":"","_monsterinsights_sitenote_category":0,"footnotes":""},"categories":[5],"tags":[969,16796,43675,1849],"class_list":["post-469434","post","type-post","status-publish","format-standard","has-post-thumbnail","hentry","category-estado-de-mexico","tag-atizapan","tag-contingencia","tag-estado-de-mexico","tag-lluvias"],"_links":{"self":[{"href":"https:\/\/www.diarioimagen.net\/index.php?rest_route=\/wp\/v2\/posts\/469434","targetHints":{"allow":["GET"]}}],"collection":[{"href":"https:\/\/www.diarioimagen.net\/index.php?rest_route=\/wp\/v2\/posts"}],"about":[{"href":"https:\/\/www.diarioimagen.net\/index.php?rest_route=\/wp\/v2\/types\/post"}],"author":[{"embeddable":true,"href":"https:\/\/www.diarioimagen.net\/index.php?rest_route=\/wp\/v2\/users\/3"}],"replies":[{"embeddable":true,"href":"https:\/\/www.diarioimagen.net\/index.php?rest_route=%2Fwp%2Fv2%2Fcomments&post=469434"}],"version-history":[{"count":0,"href":"https:\/\/www.diarioimagen.net\/index.php?rest_route=\/wp\/v2\/posts\/469434\/revisions"}],"wp:featuredmedia":[{"embeddable":true,"href":"https:\/\/www.diarioimagen.net\/index.php?rest_route=\/wp\/v2\/media\/469495"}],"wp:attachment":[{"href":"https:\/\/www.diarioimagen.net\/index.php?rest_route=%2Fwp%2Fv2%2Fmedia&parent=469434"}],"wp:term":[{"taxonomy":"category","embeddable":true,"href":"https:\/\/www.diarioimagen.net\/index.php?rest_route=%2Fwp%2Fv2%2Fcategories&post=469434"},{"taxonomy":"post_tag","embeddable":true,"href":"https:\/\/www.diarioimagen.net\/index.php?rest_route=%2Fwp%2Fv2%2Ftags&post=469434"}],"curies":[{"name":"wp","href":"https:\/\/api.w.org\/{rel}","templated":true}]}}