{"id":469440,"date":"2020-05-27T00:13:17","date_gmt":"2020-05-27T05:13:17","guid":{"rendered":"https:\/\/www.diarioimagen.net\/?p=469440"},"modified":"2020-05-27T23:00:32","modified_gmt":"2020-05-28T04:00:32","slug":"el-8-de-junio-iniciarian-reactivacion-turistica-cancun-y-la-riviera-maya","status":"publish","type":"post","link":"https:\/\/www.diarioimagen.net\/?p=469440","title":{"rendered":"El 8 de junio iniciar\u00edan reactivaci\u00f3n tur\u00edstica Canc\u00fan y la Riviera Maya"},"content":{"rendered":"<h2>Derecho de r\u00e9plica<\/h2>\n<h5>Jos\u00e9 Luis Monta\u00f1ez<\/h5>\n<p>&nbsp;<\/p>\n<ul>\n<li><strong><em>Afirman hoteleros que lo har\u00e1n bajo estrictas medidas sanitarias<\/em><\/strong><\/li>\n<\/ul>\n<p>&nbsp;<\/p>\n<div id=\"attachment_469512\" style=\"width: 470px\" class=\"wp-caption aligncenter\"><a href=\"https:\/\/www.diarioimagen.net\/?attachment_id=469512\" rel=\"attachment wp-att-469512\"><img loading=\"lazy\" decoding=\"async\" aria-describedby=\"caption-attachment-469512\" class=\"size-large wp-image-469512\" src=\"https:\/\/www.diarioimagen.net\/wp-content\/uploads\/2020\/05\/derecho-14-460x259.jpg\" alt=\"\" width=\"460\" height=\"259\" srcset=\"https:\/\/www.diarioimagen.net\/wp-content\/uploads\/2020\/05\/derecho-14-460x259.jpg 460w, https:\/\/www.diarioimagen.net\/wp-content\/uploads\/2020\/05\/derecho-14-240x135.jpg 240w, https:\/\/www.diarioimagen.net\/wp-content\/uploads\/2020\/05\/derecho-14-235x132.jpg 235w, https:\/\/www.diarioimagen.net\/wp-content\/uploads\/2020\/05\/derecho-14-202x114.jpg 202w, https:\/\/www.diarioimagen.net\/wp-content\/uploads\/2020\/05\/derecho-14-350x196.jpg 350w, https:\/\/www.diarioimagen.net\/wp-content\/uploads\/2020\/05\/derecho-14-220x123.jpg 220w, https:\/\/www.diarioimagen.net\/wp-content\/uploads\/2020\/05\/derecho-14-237x132.jpg 237w, https:\/\/www.diarioimagen.net\/wp-content\/uploads\/2020\/05\/derecho-14.jpg 480w\" sizes=\"auto, (max-width: 460px) 100vw, 460px\" \/><\/a><p id=\"caption-attachment-469512\" class=\"wp-caption-text\">El sector hotelero de Canc\u00fan indic\u00f3 que de manera tentativa el pr\u00f3ximo 8 de junio, iniciar\u00e1n la reactivaci\u00f3n tur\u00edstica.<\/p><\/div>\n<p>&nbsp;<\/p>\n<p>El sector hotelero de Canc\u00fan indic\u00f3 que de manera tentativa el pr\u00f3ximo 8 de junio, iniciar\u00e1n la reactivaci\u00f3n tur\u00edstica, aun cuando el sem\u00e1foro de control sanitario mantenga a la entidad en rojo, pues argumentan que lo har\u00e1n apegados a las medidas de prevenci\u00f3n sanitaria.<\/p>\n<p>Roberto Cintr\u00f3n G\u00f3mez, presidente de la Asociaci\u00f3n de Hoteles de Canc\u00fan, Puerto Morelos e Isla Mujeres, dijo que dado que el n\u00famero de contagios se mantiene alto en el estado, particularmente en Canc\u00fan, el gobernador Carlos Joaqu\u00edn Gonz\u00e1lez busca que el turismo sea declarado esencial, con lo cual podr\u00edan reactivar la principal actividad econ\u00f3mica del estado.<\/p>\n<p>El 8 de junio es una fecha tentativa, ya que depende de que no se relajen en las pr\u00f3ximas dos semanas las restricciones sanitarias. El acuerdo se logr\u00f3 luego de una reuni\u00f3n en la que participaron c\u00e1maras empresariales y el mandatario estatal.<\/p>\n<p>Cintr\u00f3n G\u00f3mez agreg\u00f3 que es urgente que sector tur\u00edstico de la entidad reinicie actividades, pues a \u00e9ste pertenecen m\u00e1s del 80% de las empresas que operan en el estado, \u201ctodos est\u00e1n conscientes de que el proceso ser\u00e1 paulatino y s\u00f3lo si las condiciones sanitarias lo permiten\u201d, sentenci\u00f3.<\/p>\n<p style=\"text-align: center;\"><strong>Regresar\u00edan empleados para planear reapertura\u00a0 <\/strong><\/p>\n<p>En caso de continuar con las fechas acordadas, el 1 de junio solo regresar\u00edan los empleados de hoteler\u00eda a sus centros de trabajo para preparar la reapertura mediante la aplicaci\u00f3n de los protocolos de sanidad en los espacios de hospedaje.<\/p>\n<p>\u201cSe debe hacer una reinducci\u00f3n de los colaboradores con esta nueva realidad y nuevos protocolos desde c\u00f3mo acercarse al cliente, c\u00f3mo darle el servicio al hu\u00e9sped, la limpieza de las habitaciones, la recepci\u00f3n que el personal en general debe dar. Todo ello, presenta hacer una nueva cultura de servicio en torno a esta nueva normalidad\u201d, explic\u00f3 Cintr\u00f3n.<\/p>\n<p>Hasta el momento, derivado de la contingencia por Covid-19, se han cerrado un total 172 hoteles, equivalentes a un total de 46,083 habitaciones en Canc\u00fan, Puerto Morelos e Isla Mujeres, lo cual representa la peor crisis en los 50 a\u00f1os de historia del Caribe mexicano.<\/p>\n<p>Por su parte, la agencia Best Day Travel Group anunci\u00f3 que reiniciar\u00e1 operaciones el pr\u00f3ximo 12 de junio en M\u00e9xico y el 1 de julio en Rep\u00fablica Dominicana.<\/p>\n<p style=\"text-align: center;\"><strong>Recuperaci\u00f3n econ\u00f3mica en turismo en dos a\u00f1os<\/strong><\/p>\n<p>Asimismo, Cintr\u00f3n detall\u00f3 que Quintana Roo sufri\u00f3 los embates del coronavirus mucho antes que el resto del pa\u00eds, y afirm\u00f3 que posiblemente tendr\u00e1n que pasar hasta dos a\u00f1os para notar evidente la recuperaci\u00f3n la econom\u00eda del sector en la entidad.<\/p>\n<p>\u201cAqu\u00ed en Quintana Roo sufrimos los embates del Covid-19 antes que ning\u00fan otro estado del pa\u00eds, ya que nosotros somos un Estado 100% tur\u00edstico, no tenemos otras empresas significativas en el estado que pueda sustituir al turismo, otros pa\u00edses se dedicaron a hacernos la chamba primero, empezaron a cerrar sus fronteras y vuelos hacia el extranjero y obviamente nosotros comenzamos con ese cierre de fronteras\u201d, declar\u00f3.<\/p>\n<p>Detall\u00f3 que ahora abordar\u00e1n una etapa de adiestramiento para el personal hotelero, a modo de que puedan garantizar seguridad de salud a los visitantes. \u201cNosotros llevamos en Quintana Roo de 15 a 20 d\u00edas adicionales de crisis contra el resto del pa\u00eds para estas fechas nosotros, desde el sector hotelero hemos tenido muchas reuniones con el gobernador del estado y hemos acordado fechas tentativas de apertura, que es el regreso de los colaboradores el 1 de junio para empezar a hacer esta inducci\u00f3n y capacitaci\u00f3n de lo que ser\u00e1 la nueva cultura del servicio, de limpieza y comportamiento Y el 8 de junio ya estar\u00edamos preparados para recibir a los primeros turistas en Quintana Roo\u201d, a\u00f1adi\u00f3.<\/p>\n<p>Indici\u00f3 la afluencia de turistas oscilar\u00e1 entre un 30 y un 35%, y que generalmente ser\u00e1 por visitantes nacionales.<\/p>\n<p>\u201cDesde nuestra visi\u00f3n, la recuperaci\u00f3n econ\u00f3mica va a ser un tema a largo plazo no a mediano plazo como comentaban los propios mercados. El mercado nacional es el primero que estamos esperando que reaccione, pero que tanto puede ser el mercado nacional con tantos cuartos de hotel en Quintana Roo, ya que todos en el planeta estamos saliendo de un tema econ\u00f3mico\u201d, concluy\u00f3.<\/p>\n<p>De este modo hace un llamado a los empresarios del Caribe para que enfrenten la nueva normalidad post-Covid-19 prepar\u00e1ndose, pues la \u00fanica garant\u00eda de recuperar la confianza de los turistas, es ofreci\u00e9ndoles la seguridad de que su estancia en cada uno de los destinos de la entidad ser\u00e1 bajo las normas sanitarias impuestas de manera internacional.<\/p>\n<p>Es por lo anterior, que ya planean capacitaciones, charlas y otras acciones para implementar de manera adecuada cada una de las normas sanitarias, desde los aeropuertos, hasta playas y restaurantes, guardando la sana distancia y respetando la nueva m\u00e1xima capacidad de cada establecimiento, que de momento se ver\u00e1 reducida.<\/p>\n<p><a href=\"mailto:montanezaguilar@gmail.com\" target=\"_blank\" rel=\"noopener noreferrer\"><em>montanezaguilar@gmail.com<\/em><\/a><\/p>\n","protected":false},"excerpt":{"rendered":"<p><span style=\"color: #005497;\"><strong>Jos\u00e9 Luis Monta\u00f1ez<\/strong><\/span><br \/>\n<br \/>\nEl sector hotelero de Canc\u00fan indic\u00f3 que de manera tentativa el pr\u00f3ximo 8 de junio, iniciar\u00e1n la reactivaci\u00f3n tur\u00edstica, aun cuando el sem\u00e1foro de control sanitario mantenga a la entidad en rojo, pues argumentan que lo har\u00e1n apegados a las medidas de prevenci\u00f3n sanitaria.<\/p>\n","protected":false},"author":3,"featured_media":469512,"comment_status":"open","ping_status":"open","sticky":false,"template":"","format":"standard","meta":{"_monsterinsights_skip_tracking":false,"_monsterinsights_sitenote_active":false,"_monsterinsights_sitenote_note":"","_monsterinsights_sitenote_category":0,"footnotes":""},"categories":[11622,25512],"tags":[47840,54579,43674],"class_list":["post-469440","post","type-post","status-publish","format-standard","has-post-thumbnail","hentry","category-jose-luis-montanez-aguilar","category-nacional-nacional","tag-derecho-de-replica","tag-jose-luis-montanez","tag-opinion"],"_links":{"self":[{"href":"https:\/\/www.diarioimagen.net\/index.php?rest_route=\/wp\/v2\/posts\/469440","targetHints":{"allow":["GET"]}}],"collection":[{"href":"https:\/\/www.diarioimagen.net\/index.php?rest_route=\/wp\/v2\/posts"}],"about":[{"href":"https:\/\/www.diarioimagen.net\/index.php?rest_route=\/wp\/v2\/types\/post"}],"author":[{"embeddable":true,"href":"https:\/\/www.diarioimagen.net\/index.php?rest_route=\/wp\/v2\/users\/3"}],"replies":[{"embeddable":true,"href":"https:\/\/www.diarioimagen.net\/index.php?rest_route=%2Fwp%2Fv2%2Fcomments&post=469440"}],"version-history":[{"count":0,"href":"https:\/\/www.diarioimagen.net\/index.php?rest_route=\/wp\/v2\/posts\/469440\/revisions"}],"wp:featuredmedia":[{"embeddable":true,"href":"https:\/\/www.diarioimagen.net\/index.php?rest_route=\/wp\/v2\/media\/469512"}],"wp:attachment":[{"href":"https:\/\/www.diarioimagen.net\/index.php?rest_route=%2Fwp%2Fv2%2Fmedia&parent=469440"}],"wp:term":[{"taxonomy":"category","embeddable":true,"href":"https:\/\/www.diarioimagen.net\/index.php?rest_route=%2Fwp%2Fv2%2Fcategories&post=469440"},{"taxonomy":"post_tag","embeddable":true,"href":"https:\/\/www.diarioimagen.net\/index.php?rest_route=%2Fwp%2Fv2%2Ftags&post=469440"}],"curies":[{"name":"wp","href":"https:\/\/api.w.org\/{rel}","templated":true}]}}