{"id":469463,"date":"2020-05-27T00:04:03","date_gmt":"2020-05-27T05:04:03","guid":{"rendered":"https:\/\/www.diarioimagen.net\/?p=469463"},"modified":"2020-05-27T00:06:27","modified_gmt":"2020-05-27T05:06:27","slug":"alta-la-violencia-contra-mujeres","status":"publish","type":"post","link":"https:\/\/www.diarioimagen.net\/?p=469463","title":{"rendered":"Alta la violencia contra mujeres"},"content":{"rendered":"<h2>Punto por punto<\/h2>\n<h5>Augusto Corro<\/h5>\n<p>&nbsp;<\/p>\n<p>Las mujeres son v\u00edctimas de la violencia incontrolable en todo el pa\u00eds. Las autoridades solo muestran su incapacidad para enfrentar la de cr\u00edmenes. Ni siquiera la pandemia del coronavirus (Covid-19) pudo detener los feminicidios. De acuerdo con las autoridades el primer trimestre de 2020 fue el m\u00e1s violento para las mujeres en M\u00e9xico. De enero a marzo del a\u00f1o en curso 964 mujeres fueron asesinadas en el pa\u00eds: 720 de los casos est\u00e1n clasificados como homicidios dolosos y 244 como feminicidio.<\/p>\n<p>Los feminicidios y en general la violencia contra las mujeres se convirtieron en un problema social sin salida. El gobierno no encuentra la f\u00f3rmula que brinde seguridad a toda la poblaci\u00f3n. En los discursos de los funcionarios se nota poco inter\u00e9s por atender la espiral de agresiones. Cuando se supone que empezamos a vivir en paz, surgen nuevos hechos violentos, con m\u00e1s mujeres asesinadas.<\/p>\n<p>Por ejemplo, el lunes fue encontrado el cuerpo sin vida de la joven universitaria, estudiante de Derecho, Diana Carolina Raygoza Montes, de 21 a\u00f1os, en una casa ubicada en la colonia Morelos del municipio de Tepic, Nayarit. El hecho impacto a la comunidad estudiantil y a la sociedad en general. La polic\u00eda inform\u00f3 que la joven fue atacada y asesinada a pu\u00f1aladas.<\/p>\n<p>La Universidad Aut\u00f3noma de Nayarit exigi\u00f3 al gobernador Antonio Echevarr\u00eda Garc\u00eda y al fiscal estatal, Petronilo D\u00edaz Ponce, esclarecer los hechos y castigar a quienes resulten responsables. Las autoridades se comprometieron a revisar los avances de la investigaci\u00f3n sobre el feminicidio. Dijo el mandatario estatal que \u00e9l personalmente vigilara los trabajos de la polic\u00eda en este caso.<\/p>\n<p>El 21 de agosto de 2019, Diana denunci\u00f3 el acoso de que fue v\u00edctima mientras sal\u00eda de la universidad, con el prop\u00f3sito de que el gobernador Echevarr\u00eda Garc\u00eda brindara seguridad a la poblaci\u00f3n. En redes sociales, colectivas feministas y compa\u00f1eras de Diana se pronunciaron contra los dichos del presidente Andr\u00e9s Manuel L\u00f3pez Obrador, quien la semana pasada asegur\u00f3 que un 90% de las llamadas de auxilio sobre violencia en contra de las mujeres son falsas.<\/p>\n<p>Por cierto, otro asesinato ocurri\u00f3 en Nayarit. No bien trascurridas 24 horas del feminicidio de Diana Raygoza, en Tepic, se report\u00f3 la muerte a pu\u00f1aladas de Leonila de la Cruz Pancho, de 30 a\u00f1os de edad, vecina de la Cofrad\u00eda-1, anexo de La Mesa, municipio del Nayar. Fue el esposo quien encontr\u00f3 a Leonila herida en el interior de su vivienda. Lesionada fue trasladada al hospital, pero muri\u00f3 en el camino.<\/p>\n<p style=\"text-align: center;\"><strong>Las cifras aterradoras<\/strong><\/p>\n<p>\u00a0Como se ve, son aterradoras las cifras de las mujeres v\u00edctimas del machismo galopante que se practica en una sociedad, cuyas autoridades poco o nada hacen para erradicarlo. Se esperaba que las manifestaciones de las feministas influyeran para conseguir nuevas leyes para castigar a los delincuentes; pero eso no ocurri\u00f3. Quienes delinquen saben que disfrutar\u00e1n de impunidad total.<\/p>\n<p>En otros casos, los representantes de la ley son los primeros en no escuchar las demandas de justicia para las v\u00edctimas. \u00bfDe qu\u00e9 sirve que se preste el servicio de telefon\u00eda para atender demandas de las mujeres acosadas si no se responde al llamado de auxilio? En respuesta a la ola de violencia, algunos funcionarios p\u00fablicos aprovechan la oportunidad para anunciar programas de atenci\u00f3n a las mujeres que no se cumplen.<\/p>\n<p>En este espacio se\u00f1alas las cifras de los feminicidios, pero el conocerlas no cambia la situaci\u00f3n. \u00bfDe qu\u00e9 sirve estar al corriente del n\u00famero de mujeres que pierden la vida a manos de sus esposos, novios o amigos si la violencia crece sin que nadie pueda detenerla? El machismo y la impunidad son la f\u00f3rmula que sirve de apoyo a los criminales.\u00a0 Estos \u00faltimos saben que son muchas las posibilidades de burlar a la justicia. No se les castigar\u00e1 por sus delitos, en un pa\u00eds donde la impunidad juega un papel muy importante. \u00bfQu\u00e9 opina usted amable lector?<\/p>\n<p><span class=\"Apple-converted-space\"><em><u><a href=\"mailto:aco2742@hotmail.com\" target=\"_blank\" rel=\"noopener noreferrer\">aco2742@hotmail.com<\/a><\/u><\/em><\/span><\/p>\n","protected":false},"excerpt":{"rendered":"<p><span style=\"color: #005497;\"><strong>Augusto Corro<\/strong><\/span><\/p>\n","protected":false},"author":3,"featured_media":0,"comment_status":"open","ping_status":"open","sticky":false,"template":"","format":"standard","meta":{"_monsterinsights_skip_tracking":false,"_monsterinsights_sitenote_active":false,"_monsterinsights_sitenote_note":"","_monsterinsights_sitenote_category":0,"footnotes":""},"categories":[157],"tags":[43686,43674,11515],"class_list":["post-469463","post","type-post","status-publish","format-standard","hentry","category-augusto-corro","tag-augusto-corro","tag-opinion","tag-punto-por-punto"],"_links":{"self":[{"href":"https:\/\/www.diarioimagen.net\/index.php?rest_route=\/wp\/v2\/posts\/469463","targetHints":{"allow":["GET"]}}],"collection":[{"href":"https:\/\/www.diarioimagen.net\/index.php?rest_route=\/wp\/v2\/posts"}],"about":[{"href":"https:\/\/www.diarioimagen.net\/index.php?rest_route=\/wp\/v2\/types\/post"}],"author":[{"embeddable":true,"href":"https:\/\/www.diarioimagen.net\/index.php?rest_route=\/wp\/v2\/users\/3"}],"replies":[{"embeddable":true,"href":"https:\/\/www.diarioimagen.net\/index.php?rest_route=%2Fwp%2Fv2%2Fcomments&post=469463"}],"version-history":[{"count":0,"href":"https:\/\/www.diarioimagen.net\/index.php?rest_route=\/wp\/v2\/posts\/469463\/revisions"}],"wp:attachment":[{"href":"https:\/\/www.diarioimagen.net\/index.php?rest_route=%2Fwp%2Fv2%2Fmedia&parent=469463"}],"wp:term":[{"taxonomy":"category","embeddable":true,"href":"https:\/\/www.diarioimagen.net\/index.php?rest_route=%2Fwp%2Fv2%2Fcategories&post=469463"},{"taxonomy":"post_tag","embeddable":true,"href":"https:\/\/www.diarioimagen.net\/index.php?rest_route=%2Fwp%2Fv2%2Ftags&post=469463"}],"curies":[{"name":"wp","href":"https:\/\/api.w.org\/{rel}","templated":true}]}}