{"id":469468,"date":"2020-05-27T00:08:51","date_gmt":"2020-05-27T05:08:51","guid":{"rendered":"https:\/\/www.diarioimagen.net\/?p=469468"},"modified":"2020-05-27T00:34:55","modified_gmt":"2020-05-27T05:34:55","slug":"conflicto-por-energias-limpias-va-para-largo","status":"publish","type":"post","link":"https:\/\/www.diarioimagen.net\/?p=469468","title":{"rendered":"Conflicto por energ\u00edas limpias va para largo"},"content":{"rendered":"<h2>Clase Pol\u00edtica<\/h2>\n<h5>Miguel \u00c1ngel Rivera<\/h5>\n<p>&nbsp;<\/p>\n<p>\u201cEsto no se acaba hasta que se acaba\u201d, acostumbraba decir el hist\u00f3rico jugador y luego manager de los Yanquis de Nueva York, Yogi Berra.<\/p>\n<p>La expresi\u00f3n se aplica ahora a la decisi\u00f3n de jueces federales de conceder amparo a empresas que instalan plantas generadoras de electricidad a partir de energ\u00edas solar y e\u00f3lica, inconformes con el denominado \u201cAcuerdo para garantizar la eficiencia, calidad, confiabilidad, continuidad y seguridad del Sistema El\u00e9ctrico Nacional\u201d, emitido por el Centro Nacional de Control de Energ\u00eda (Cenace), con el respaldo de la Secretar\u00eda de Energ\u00eda (Sener) y de la Comisi\u00f3n Federal de Electricidad (CFE).<\/p>\n<p>Como ya lo hemos comentado, el fondo del asunto es la inconformidad del gobierno de la llamada Cuarta Transformaci\u00f3n con las concesiones de que gozan empresas privadas, nacionales y extranjeras, para generar electricidad mediante el aprovechamiento de las energ\u00edas solar y e\u00f3lica y luego vender a la CFE. Muy al estilo de la actual administraci\u00f3n federal, las autorizaciones aprobadas por anteriores gobiernos federales son producto de actos de corrupci\u00f3n y ponen en riesgo las de por s\u00ed deterioradas finanzas de la empresa el\u00e9ctrica nacional.<\/p>\n<p>Estos argumentos no son suficientes para los jueces federales que al conceder los amparos lo que consideraron es que las empresas concesionarias cumplieron con todas las normas en la materia, que ahora pueden ser consideradas ileg\u00edtimas, pero siguen vigentes.<\/p>\n<p>Hasta ahora son dos jueces federales los que han concedido la suspensi\u00f3n, provisional o definitiva, para que no se aplique el mencionado acuerdo del Cenace, Rodrigo de la Peza y Juan Pablo G\u00f3mez Fierro. \u00c9ste \u00faltimo todav\u00eda no concede la suspensi\u00f3n (amparo) definitivo, pero por los antecedentes se estima que decidir\u00e1 igual que su colega de la Peza.<\/p>\n<p>Los abogados del Cenace ya impugnaron las resoluciones de esos jueces, pero hasta ahora sus argumentos no han tenido \u00e9xito y los conocedores presumen que ya no tendr\u00e1n resultados positivos en esa instancia, por que tendr\u00e1n que recurrir a jueces de alzada, es decir, tribunales colegiados de circuito.<\/p>\n<p>Pero inclusive en esa instancia, las sentencias no se pueden considerar definitivas, por lo cual se presume que este caso, como otros muchos pendientes de impugnaci\u00f3n de leyes y hasta de normas constitucionales, tendr\u00e1 que llegar hasta la Suprema Corte de Justicia y probablemente se ventilar\u00e1 inclusive en tribunales internacionales.<\/p>\n<p>Por ejemplo, el ex secretario de Econom\u00eda durante el sexenio del presidente Enrique Pe\u00f1a Nieto, el pol\u00edtico de Nuevo Le\u00f3n Ildefonso Guajardo Villarreal, advirti\u00f3 que frenar proyectos de energ\u00eda renovable no es una buena se\u00f1al para inversionistas nacionales y extranjeros, por lo cual sugiri\u00f3 que, si la autoridad tiene dudas en torno a estos contratos, debe revisar los mecanismos para otorgarlos.<\/p>\n<p>\u201cVamos a estar sujetos a que nos lleven a paneles de controversias internacionales, donde el costo para el Estado mexicano de perder esos juicios puede ser alt\u00edsimo\u201d, advirti\u00f3 el ex funcionario.<\/p>\n<p>Por eso es que conviene tener en mente el lema de Yogi Berra: \u201cesto no se acaba hasta que se acaba\u201d.<\/p>\n<p style=\"text-align: center;\"><strong>La ca\u00edda de la econom\u00eda viene desde antes de la pandemia<\/strong><\/p>\n<p>Bajo la amenaza de ser convertidos en una especie de polic\u00edas fiscales, los expertos del Instituto Nacional de Estad\u00edstica y Geograf\u00eda (Inegi) est\u00e1n empe\u00f1ados en dejar constancia de su autonom\u00eda de criterio, al confirmar la ca\u00edda de la econom\u00eda nacional desde antes de que surgiera la pandemia por el Coronavirus y para ello se valen de medir el Producto Interno Bruto, instrumento que el presidente Andr\u00e9s Manuel L\u00f3pez Obrador est\u00e1 empe\u00f1ado en erradicar y sustituir por otro que no s\u00f3lo mida el crecimiento material sino tambi\u00e9n la felicidad.<\/p>\n<p>El Inegi report\u00f3 que, entre enero y marzo de este a\u00f1o, la actividad econ\u00f3mica se contrajo en nuestro pa\u00eds, por cuarto trimestre consecutivo, aunque admite que la dimensi\u00f3n de esa ca\u00edda result\u00f3 menor a lo estimado en su pron\u00f3stico del 30 de abril.<\/p>\n<p>Entre enero y marzo de este a\u00f1o, la baja en el PIB fue de 1.2 por ciento, lo cual signific\u00f3 una p\u00e9rdida real por 227 mil 937 millones de pesos, pr\u00e1cticamente lo doble que se dedica a la Pensi\u00f3n Universal para Adultos Mayores en un ejercicio fiscal.<\/p>\n<p>El informe se\u00f1ala que en el primer trimestre de este a\u00f1o, el PIB decreci\u00f3 2.2 por ciento a tasa anual y 1.2 por ciento respecto al periodo de octubre a diciembre de 2019. En los dos casos se lleg\u00f3 al nivel m\u00e1s de bajo desde el registrado entre febrero y marzo de 2009.<\/p>\n<p>Los datos del primer trimestre de 2020 mantienen la tendencia de ca\u00eddas sucesivas registradas desde el segundo trimestre de 2019 (-0.2 por ciento) y luego en el tercero de 2019 (-0.2) y cuarto del mismo a\u00f1o (-0.6).<\/p>\n<p>La ca\u00edda del primer trimestre de este a\u00f1o, antes de que se desataran los efectos de la pandemia de Covid 19, profundiz\u00f3 las cifras negativas ya acarreadas, indica el reporte del Inegi.<\/p>\n<p>Las mediciones del Inegi incluyen una ca\u00edda anual de 3.5 por ciento en las industrias y de 1.2 por ciento en los servicios, acompa\u00f1ados de un incremento de 1.1 por ciento en la actividades primarias.<\/p>\n<p>Respecto al trimestre inmediato anterior, las industrias se contrajeron 1.2 por ciento, las actividades terciarias 0.9 por ciento y las primarias en 1.7 por ciento.<\/p>\n<p>Adem\u00e1s, el Inegi public\u00f3 que la actividad econ\u00f3mica en el primer trimestre del a\u00f1o sum\u00f3 24 billones 341 mil 579 millones en pesos corrientes. Si embargo, a precios ajustados a una misma base, result\u00f3 en 18 billones 139 mil 598 millones de pesos. Ello no s\u00f3lo implica una baja respecto al periodo inmediato anterior, de 227 mil 937 millones de pesos; sino respecto al primer trimestre de 2019.<\/p>\n<p>Esto significa que el estancamiento de la econom\u00eda el a\u00f1o pasado, sumada a la contracci\u00f3n derivada de la pandemia de Covid 19, resultan en un p\u00e9rdida real de 402 mil 446 millones de pesos en la producci\u00f3n de la econom\u00eda mexicana.<\/p>\n<p style=\"text-align: center;\"><strong>Quintana Roo se prepara para la vuelta a la normalidad<\/strong><\/p>\n<p>Sin duda, uno de los estados m\u00e1s afectados por la paralizaci\u00f3n de las actividades econ\u00f3micas es Quintana Roo, cuya econom\u00eda depende en gran medida del turismo, pero lejos de lamentarlo lo ocurrido, autoridades y empresarios se preparan para iniciar el retorno gradual a las actividades productivas.<\/p>\n<p>El gobernador Carlos Joaqu\u00edn explic\u00f3 que, en este momento, s\u00f3lo est\u00e1n aprobadas actividades primarias como agricultura, ganader\u00eda, apicultura, pesca, construcci\u00f3n y acuacultura, aunque ya se habla de que en el sector turismo de la posibilidad de iniciar la apertura de algunos hoteles con el 30 por ciento de sus empleados para actividades internas, pero no para recibir turistas.<\/p>\n<p>No obstante, el gobernador Joaqu\u00edn anticip\u00f3 que las expectativas para recibir visitantes se reflejan en elevadas posibilidades de reservaciones. En particular, el portal de viajes Expedia informa que los tres primeros lugares m\u00e1s buscados son Playa del Carmen, Canc\u00fan e Isla Mujeres como destinos de sol y playa, en tanto que en materia de vuelos Canc\u00fan es el quinto lugar por arriba de Londres. No obstante, el mandatario recomend\u00f3 tener mucho cuidado.<\/p>\n<p>Por su parte, la presidenta municipal de Benito Ju\u00e1rez (Canc\u00fan) declar\u00f3 que el hecho de que se haya detenido la obra para el proyecto Gran Solaris no debe ser motivo para que se suspendan las inversiones en esa zona tur\u00edstica, pues los trabajos se detuvieron despu\u00e9s de llevar a cabo un detallado estudio t\u00e9cnico y un trabajo jur\u00eddico que permitieron llegar a esa decisi\u00f3n.<\/p>\n<p>La alcaldesa sostuvo que el proyecto afectaba la playa p\u00fablica Los Delfines, motivo por el cual se tuvo que poner orden porque as\u00ed lo demandaron los ciudadanos, quienes as\u00ed como hicieron propio el Malec\u00f3n Tajamar y el Ombligo Verde, lo mismo pretenden con Los Delfines.<\/p>\n<p>Apegados a la ley, estos antecedentes se tomaron en cuenta para la toma de cada decisi\u00f3n. Esto adem\u00e1s de que tiene la decisi\u00f3n de Fonatur de apoyar al gobierno municipal a proteger 90 mil metros cuadrados de playas p\u00fablicas, con la finalidad de que en un futuro nadie m\u00e1s pueda venderlas, fusionar terrenos, ni convertir la Zona Hotelera en un espacio sobresaturado.<\/p>\n<p>Se invit\u00f3 a los inversionistas a mantener la visi\u00f3n de Canc\u00fan como un lugar atractivo para realizar negocios. Asegur\u00f3 que los empresarios ser\u00e1n bienvenidos siempre que est\u00e9n apegados a la legalidad y al cuidado del medio ambiente.<\/p>\n<p><em><a href=\"mailto:riverapaz@infinitummail.com\" target=\"_blank\" rel=\"noopener noreferrer\">riverapaz@infinitummail.com<\/a><\/em><\/p>\n","protected":false},"excerpt":{"rendered":"<p><span style=\"color: #005497;\"><strong>Miguel \u00c1ngel Rivera<\/strong><\/span><\/p>\n","protected":false},"author":3,"featured_media":0,"comment_status":"open","ping_status":"open","sticky":false,"template":"","format":"standard","meta":{"_monsterinsights_skip_tracking":false,"_monsterinsights_sitenote_active":false,"_monsterinsights_sitenote_note":"","_monsterinsights_sitenote_category":0,"footnotes":""},"categories":[84119],"tags":[84120,84121,43674],"class_list":["post-469468","post","type-post","status-publish","format-standard","hentry","category-miguel-angel-rivera","tag-clase-politica","tag-miguel-angel-rivera","tag-opinion"],"_links":{"self":[{"href":"https:\/\/www.diarioimagen.net\/index.php?rest_route=\/wp\/v2\/posts\/469468","targetHints":{"allow":["GET"]}}],"collection":[{"href":"https:\/\/www.diarioimagen.net\/index.php?rest_route=\/wp\/v2\/posts"}],"about":[{"href":"https:\/\/www.diarioimagen.net\/index.php?rest_route=\/wp\/v2\/types\/post"}],"author":[{"embeddable":true,"href":"https:\/\/www.diarioimagen.net\/index.php?rest_route=\/wp\/v2\/users\/3"}],"replies":[{"embeddable":true,"href":"https:\/\/www.diarioimagen.net\/index.php?rest_route=%2Fwp%2Fv2%2Fcomments&post=469468"}],"version-history":[{"count":0,"href":"https:\/\/www.diarioimagen.net\/index.php?rest_route=\/wp\/v2\/posts\/469468\/revisions"}],"wp:attachment":[{"href":"https:\/\/www.diarioimagen.net\/index.php?rest_route=%2Fwp%2Fv2%2Fmedia&parent=469468"}],"wp:term":[{"taxonomy":"category","embeddable":true,"href":"https:\/\/www.diarioimagen.net\/index.php?rest_route=%2Fwp%2Fv2%2Fcategories&post=469468"},{"taxonomy":"post_tag","embeddable":true,"href":"https:\/\/www.diarioimagen.net\/index.php?rest_route=%2Fwp%2Fv2%2Ftags&post=469468"}],"curies":[{"name":"wp","href":"https:\/\/api.w.org\/{rel}","templated":true}]}}