{"id":469551,"date":"2020-05-28T00:01:43","date_gmt":"2020-05-28T05:01:43","guid":{"rendered":"https:\/\/www.diarioimagen.net\/?p=469551"},"modified":"2020-05-28T00:06:29","modified_gmt":"2020-05-28T05:06:29","slug":"un-reciclado","status":"publish","type":"post","link":"https:\/\/www.diarioimagen.net\/?p=469551","title":{"rendered":"Un reciclado"},"content":{"rendered":"<h2>De pe a pa<\/h2>\n<h5>Alberto Vieyra G.<\/h5>\n<p>&nbsp;<\/p>\n<p>Durante la pandemia del H1N1, es decir la fiebre porcina de 2009, el epidemi\u00f3logo Hugo L\u00f3pez-Gatell fue arrumbado por el r\u00e9gimen de Felipe Calder\u00f3n, pero en el r\u00e9gimen de la <em>trasformaci\u00f3n de cuarta<\/em>, L\u00f3pez-Gatell fue reciclado como subsecretario de Salud del gobierno federal y despu\u00e9s nombrado vocero oficial de la pandemia del coronavirus.<\/p>\n<p>Durante sus primeras apariciones en sociedad, a trav\u00e9s de los medios de comunicaci\u00f3n, mucha raza pens\u00f3 que est\u00e1bamos ante un funcionario digno de confianza y credibilidad, pues manejaba la informaci\u00f3n con tecnicismos que nadie le entend\u00eda, pero se trataba de una nueva voz que inspiraba al mismo tiempo confianza.<\/p>\n<p>Todo iba bien, hasta que un d\u00eda en los <em>idus<\/em> de marzo L\u00f3pez-Gatell <em>meter\u00eda las cuatro<\/em>, acabando con una supuesta independencia del presidente de la rep\u00fablica, al que comenz\u00f3 adulando como muy pocos funcionarios lo han hecho y el haberse puesto de tapete acabo con ef\u00edmera la credibilidad y confianza que de \u00e9l ten\u00edamos los mexicanos. Estaba en su mero apogeo la pol\u00e9mica de que Andr\u00e9s manuel L\u00f3pez Obrador andaba en campa\u00f1a electoral como <em>chivo en cristaler\u00eda<\/em> abrazando y saludando a la gente como si no pasar\u00e1 nada en M\u00e9xico y se negaba terminantemente a dar por terminados sus m\u00edtines por todo el pa\u00eds, en momentos en que los contagios por el Covid-19 brotaban como hongos. L\u00f3gico, los periodistas lo cuestionaron sobre el activismo del Presidente y sin ambages cometer\u00eda la lambisconer\u00eda m\u00e1s garrafal de su vida asegurando que: \u201cel Presidente tiene una fuerza moral y no de contagio del coronavirus, porque \u00e9l goza de buena salud\u201d y \u201cbueno ser\u00eda que se contaminar\u00e1 para que lograr\u00e1 inmunidad\u201d.<\/p>\n<p>La barba de L\u00f3pez-Gatell har\u00eda que L\u00f3pez Obrador lo mirar\u00e1 con estupefacci\u00f3n y al final de la ma\u00f1anera lo saludar\u00eda con un fuerte apret\u00f3n de manos. Ah\u00ed comenz\u00f3 apagarse la estrella de L\u00f3pez-Gatell, quien ya no tuvo la calidad moral para decirle al Presidente \u201caqu\u00ed tiene un cubrebocas se\u00f1or Presidente, \u00a1\u00faselo!\u201d<\/p>\n<p>A partir de ah\u00ed, L\u00f3pez-Gatell ser\u00eda rabiosamente atacado por los medios de comunicaci\u00f3n que quer\u00edan saber cifras exactas y no matem\u00e1ticas confusas que ni Pit\u00e1goras entender\u00eda con eso del modelo Centinela que multiplica ocho por no s\u00e9 cu\u00e1ntos, m\u00e1s no s\u00e9 cu\u00e1ntos y el resultado eran cifras enga\u00f1ifas. Un conocido conductor de noticias de TV-Azteca se dar\u00eda el lujo de decir p\u00fablicamente \u201cya no le crean a L\u00f3pez-Gatell\u201d.<\/p>\n<p>La mala fama del reciclado epidemi\u00f3logo traspasar\u00eda las fronteras y en la primera semana de mayo, los peri\u00f3dicos <em>The Washington Post, The New York Times<\/em> de la artiller\u00eda pesada de la prensa <em>gringa<\/em> sentar\u00eda a L\u00f3pez-Gatell en el banquillo de los acusados advirtiendo que el gobierno de L\u00f3pez Obrador miente y manipula las cifras de contagiados y muertos por el coronavirus, hecho que purg\u00f3 al Presidente quien sali\u00f3 en defensa de L\u00f3pez-Gatell diciendo que \u201cEl <em>New York Times<\/em> es muy famosos, pero no conoce de \u00e9tica\u201d. la realidad es que la estrella del L\u00f3pez-Gatell se apaga y su trabajo sucio har\u00e1 que M\u00e9xico jam\u00e1s conozca la realidad sobre cu\u00e1ntos muertos y contagiados arrojar\u00e1 la pandemia del coronavirus en territorio azteca.<\/p>\n<p><em><a href=\"mailto:info@agenciamn.com\" target=\"_blank\" rel=\"noopener noreferrer\">info@agenciamn.com<\/a><\/em><\/p>\n","protected":false},"excerpt":{"rendered":"<p><span style=\"color: #005497;\"><strong>Alberto Vieyra G.<\/strong><\/span><\/p>\n","protected":false},"author":3,"featured_media":0,"comment_status":"open","ping_status":"open","sticky":false,"template":"","format":"standard","meta":{"_monsterinsights_skip_tracking":false,"_monsterinsights_sitenote_active":false,"_monsterinsights_sitenote_note":"","_monsterinsights_sitenote_category":0,"footnotes":""},"categories":[4596],"tags":[43697,4597,43674],"class_list":["post-469551","post","type-post","status-publish","format-standard","hentry","category-alberto-vieyra-g","tag-alberto-vieyra-g","tag-de-pe-a-pa","tag-opinion"],"_links":{"self":[{"href":"https:\/\/www.diarioimagen.net\/index.php?rest_route=\/wp\/v2\/posts\/469551","targetHints":{"allow":["GET"]}}],"collection":[{"href":"https:\/\/www.diarioimagen.net\/index.php?rest_route=\/wp\/v2\/posts"}],"about":[{"href":"https:\/\/www.diarioimagen.net\/index.php?rest_route=\/wp\/v2\/types\/post"}],"author":[{"embeddable":true,"href":"https:\/\/www.diarioimagen.net\/index.php?rest_route=\/wp\/v2\/users\/3"}],"replies":[{"embeddable":true,"href":"https:\/\/www.diarioimagen.net\/index.php?rest_route=%2Fwp%2Fv2%2Fcomments&post=469551"}],"version-history":[{"count":0,"href":"https:\/\/www.diarioimagen.net\/index.php?rest_route=\/wp\/v2\/posts\/469551\/revisions"}],"wp:attachment":[{"href":"https:\/\/www.diarioimagen.net\/index.php?rest_route=%2Fwp%2Fv2%2Fmedia&parent=469551"}],"wp:term":[{"taxonomy":"category","embeddable":true,"href":"https:\/\/www.diarioimagen.net\/index.php?rest_route=%2Fwp%2Fv2%2Fcategories&post=469551"},{"taxonomy":"post_tag","embeddable":true,"href":"https:\/\/www.diarioimagen.net\/index.php?rest_route=%2Fwp%2Fv2%2Ftags&post=469551"}],"curies":[{"name":"wp","href":"https:\/\/api.w.org\/{rel}","templated":true}]}}