{"id":469556,"date":"2020-05-28T00:03:04","date_gmt":"2020-05-28T05:03:04","guid":{"rendered":"https:\/\/www.diarioimagen.net\/?p=469556"},"modified":"2020-05-28T00:06:47","modified_gmt":"2020-05-28T05:06:47","slug":"las-giras-huy-susana-abundania","status":"publish","type":"post","link":"https:\/\/www.diarioimagen.net\/?p=469556","title":{"rendered":"Las giras, \u00a1huy! Susana \u201cabundan$ia\u201d"},"content":{"rendered":"<h2>Espacio Electoral<\/h2>\n<h5>Eleazar Flores<\/h5>\n<p><strong>\u00a0<\/strong><\/p>\n<p><strong>P\u00c1RENLO-. <\/strong>Ante la tozuda postura de iniciar cuanto antes las giras a entidades del pa\u00eds, es oportuno aclararle al padre de la Cuarta Transformaci\u00f3n que no es lo mismo conocer que recorrer, y esto es lo \u00faltimo que hace, con una hora o m\u00e1s de ef\u00edmera presencia, s\u00f3lo ante los suyos y adi\u00f3s.<\/p>\n<p>Experiencia de un conocido cercano, originario del municipio octava maravilla del mundo, avisado de \u00faltima hora que vendr\u00eda el presidente de Morena, \u201chay que ir\u201d, pero \u201cvoy a ir a la milpa\u201d, argumento que no le vali\u00f3, pues su vecino-pariente-compadre le dijo \u201cte van a dar un quinient\u00f3n\u201d.<\/p>\n<p>Sin los 500 pesos de por medio, el avisado de \u00faltima hora acudi\u00f3 a la plaza c\u00edvica del municipio mexiquense octava maravilla del mundo una hora antes, el entonces aspirante a la Presidencia de la Rep\u00fablica lleg\u00f3 con medio centenar de acompa\u00f1antes y un centenar de \u201cpaisanos\u201d acalorados que lo esperaban, dialog\u00f3 unos treinta minutos y vino el \u201cacto central\u201d.<\/p>\n<p>\u00c9ste fue el discurso del tabasque\u00f1o, quien lo \u00fanico que conoci\u00f3 del municipio octava maravilla del mundo fue la carretera que la recorri\u00f3 en su veh\u00edculo, la plaza c\u00edvica y sus incondicionales que le prepararon el evento, \u00bf\u00e9sto es conocer al pa\u00eds?, si acaso recorrerlo \u00bfo no?. Al anuncio de que la semana pr\u00f3xima se reiniciar\u00e1n las giras presidenciales, registre que generar\u00e1n gastos\u2026 y riesgos.<\/p>\n<p>Gastos debido que, por seguridad que es entendible, el \u201caparato presidencial\u201d, antes, durante y despu\u00e9s de las giras es numeroso, pero no se nota al ir de \u201cciviles\u201d esos acompa\u00f1antes. Lo m\u00e1s delicado ser\u00e1 lo riesgoso, pues siendo un virus \u201casintom\u00e1tico\u201d en muchas ocasiones, el coronavirus podr\u00e1n tenerlo acompa\u00f1antes u ocasionales que deseen saludar al mandatario, as\u00ed que \u00a1cuidado!.<\/p>\n<p><strong>SIGUE LA ESCASEZ-. <\/strong>Ante la diaria denuncia acerca de la escasez de insumos, no obstante la llegada de millones de art\u00edculos chinos, m\u00e9dicos, param\u00e9dicos y dem\u00e1s personal, identificados como el \u201cprimer frente de guerra\u201d contra el coronavirus hasta los m\u00e1s inocentes preguntan \u00bfd\u00f3nde est\u00e1 ese material?. Alguien aprovecha las circunstancias para tener una \u201csana\u201d ganancia.<\/p>\n<p><strong>QUE RESPONDA-. <\/strong>Esas muchas y diarias denuncias de m\u00e9dicos, enfermeras, camilleros y dem\u00e1s personal de apoyo al \u201cprimer frente de guerra\u201d contra el coronavirus no tienen respuesta precisa del poderoso subsecretario Hugo L\u00f3pez-Gatell. S\u00f3lo a finales de la semana pasada respondi\u00f3 a una pregunta reporteril por tal o cual falla \u201ctom\u00f3 nota y ma\u00f1ana responderemos\u201d.<\/p>\n<p>La escasez de insumos no solo aqueja a enfermos y m\u00e9dicos que atienden el coronavirus, se ha extendido a los muchos ni\u00f1os y adultos v\u00edctimas de c\u00e1ncer, mismos que llevan meses pidiendo medicinas sin tener respuesta alguna \u00bfhasta cu\u00e1ndo?<\/p>\n<p><a href=\"mailto:elefa44@gmail.com\" target=\"_blank\" rel=\"noopener noreferrer\"><em>elefa44@gmail.com<\/em><\/a><\/p>\n","protected":false},"excerpt":{"rendered":"<p><span style=\"color: #005497;\"><strong>Eleazar Flores<\/strong><\/span><\/p>\n","protected":false},"author":3,"featured_media":0,"comment_status":"open","ping_status":"open","sticky":false,"template":"","format":"standard","meta":{"_monsterinsights_skip_tracking":false,"_monsterinsights_sitenote_active":false,"_monsterinsights_sitenote_note":"","_monsterinsights_sitenote_category":0,"footnotes":""},"categories":[81743],"tags":[81744,81776,43674],"class_list":["post-469556","post","type-post","status-publish","format-standard","hentry","category-eleazar-flores","tag-eleazar-flores","tag-espacio-electoral","tag-opinion"],"_links":{"self":[{"href":"https:\/\/www.diarioimagen.net\/index.php?rest_route=\/wp\/v2\/posts\/469556","targetHints":{"allow":["GET"]}}],"collection":[{"href":"https:\/\/www.diarioimagen.net\/index.php?rest_route=\/wp\/v2\/posts"}],"about":[{"href":"https:\/\/www.diarioimagen.net\/index.php?rest_route=\/wp\/v2\/types\/post"}],"author":[{"embeddable":true,"href":"https:\/\/www.diarioimagen.net\/index.php?rest_route=\/wp\/v2\/users\/3"}],"replies":[{"embeddable":true,"href":"https:\/\/www.diarioimagen.net\/index.php?rest_route=%2Fwp%2Fv2%2Fcomments&post=469556"}],"version-history":[{"count":0,"href":"https:\/\/www.diarioimagen.net\/index.php?rest_route=\/wp\/v2\/posts\/469556\/revisions"}],"wp:attachment":[{"href":"https:\/\/www.diarioimagen.net\/index.php?rest_route=%2Fwp%2Fv2%2Fmedia&parent=469556"}],"wp:term":[{"taxonomy":"category","embeddable":true,"href":"https:\/\/www.diarioimagen.net\/index.php?rest_route=%2Fwp%2Fv2%2Fcategories&post=469556"},{"taxonomy":"post_tag","embeddable":true,"href":"https:\/\/www.diarioimagen.net\/index.php?rest_route=%2Fwp%2Fv2%2Ftags&post=469556"}],"curies":[{"name":"wp","href":"https:\/\/api.w.org\/{rel}","templated":true}]}}