{"id":469658,"date":"2020-05-29T00:05:07","date_gmt":"2020-05-29T05:05:07","guid":{"rendered":"https:\/\/www.diarioimagen.net\/?p=469658"},"modified":"2020-05-29T01:08:05","modified_gmt":"2020-05-29T06:08:05","slug":"lopez-gatell-incongruencias","status":"publish","type":"post","link":"https:\/\/www.diarioimagen.net\/?p=469658","title":{"rendered":"L\u00f3pez-Gatell, incongruencias"},"content":{"rendered":"<h2>Desde el portal<\/h2>\n<h5>\u00c1ngel Soriano<\/h5>\n<p>&nbsp;<\/p>\n<p>El zar-anticovid, Hugo L\u00f3pez-Gatell, ha estado en el filo de la navaja desde que en defensa del presidente L\u00f3pez Obrador dijo que es una fuerza moral y no fuerza de contagio, pasando por sus desautorizaciones para utilizar cubrebocas, el uso de remdisivir, la utilizaci\u00f3n de pruebas y m\u00e1s pruebas, la falta de confiabilidad en las estad\u00edsticas y hasta de acusaciones de misoginia.<\/p>\n<p>Luego de recibir y aceptar la invitaci\u00f3n para integrar el Grupo de Expertos del Reglamento de Sanidad Internacional de la OMS, el flamante subsecretario despreci\u00f3 tambi\u00e9n las medidas internacionales de cerrar puertos \u2013decenas de cruceros navegaron por el mar durante semanas-, aeropuertos, aduanas y fronteras para aislar pa\u00edses, comunidades y ciudades medias y grandes por la pandemia.<\/p>\n<p>Y pese a que todo mundo, literalmente, usa cubrebocas y coloca muros para cerrar sus fronteras, a L\u00f3pez-Gatell no lo convence nada y considera esas medidas ineficaces para el control o combate de la moderna plaga de covid-19 y argumenta que a lo largo de la historia de las epidemias han demostrado su ineficacia.<\/p>\n<p>\u201ces desperdicio de tiempo y de recursos\u201d dijo a los senadores cuando le indicaron que no hay confiabilidad en el manejo de la crisis sanitaria cuando no hay pruebas como ha ocurrido en otras partes del mundo donde pa\u00edses exitosos han controlado la pandemia, e incluso ha se\u00f1alado que lo importante no es contabilizar muertos, sino salvar vidas. Y es cierto, s\u00f3lo que el combate debe ser integral, no parcial.<\/p>\n<p style=\"text-align: center;\"><strong>TURBULENCIAS<br \/>\nIberdrola y los beneficiarios del poder<\/strong><\/p>\n<p>\u00a0De los parques e\u00f3licos que crecen como hongos por el pa\u00eds \u2013sin cuestionar su utilidad ni su aportaci\u00f3n a la defensa del ecosistema con energ\u00edas limpias-, una de las empresas beneficiadas es Iberdrola, una de las primeras que empez\u00f3 a operar en la regi\u00f3n del Istmo de Tehuantepec, donde la fuerza del viento es tal que las volcaduras de tr\u00e1ileres en las carreteras son ya parte del paisaje, pero hay beneficiarios directos: el ex presidente Felipe Calder\u00f3n y su secretaria de Energ\u00eda, Goergina Keissel, que forman parte de su consejo directivo. A ellos, como el ex presidente Ernesto Zedillo,\u00a0 se ha referido el presidente L\u00f3pez Obrador cuando dice que el Gobierno serv\u00eda a una camarilla que hac\u00eda jugosos negocios de la mano de las grandes empresas trasnacionales, y si existen las pruebas de su complicidad o asociaci\u00f3n leg\u00edtima en lo personal pero ileg\u00edtima en cuanto a que se trafica con el voto y representaci\u00f3n popular, lo correcto es fincar responsabilidades para recuperar la confianza del electorado en las instituciones\u2026Diversos grupos ind\u00edgenas de todo el pa\u00eds dar\u00e1n inicio a la campa\u00f1a #NoSeOlvidenDeNosotros, que tiene el prop\u00f3sito sensibilizar a los tres niveles de gobierno para que elaboren pol\u00edticas p\u00fablicas emergentes que ayuden a paliar el atraso y la marginaci\u00f3n que hay en las comunidades ind\u00edgenas de todo el pa\u00eds, tanto en sus lugares de origen como en las urbes, y con ello fomentar una verdadera pol\u00edtica social inclusiva en beneficio de millones de mexicanos, inform\u00f3 Pascual de Jes\u00fas Gonzales, l\u00edder ind\u00edgena de origen triqui avecindado en la Ciudad de M\u00e9xico\u2026Luego que el gobernador Alejandro Murat y el alcalde Oswaldo Garc\u00eda Jarqu\u00edn visitaron durante breves minutos la incendiada Central de Abasto de Oaxaca, que hab\u00eda sido satanizada por la autoridad municipal como zona de alto contagio de covid-19, los locatarios iniciaron bloqueos en la zona para exigir se investigue las causas del siniestro que, a decir de la voz popular fue provocado, y se indemnice a los afectados por el siniestro\u2026<\/p>\n<p><a href=\"mailto:asorianocarrasco@yahoo.com\" target=\"_blank\" rel=\"noopener noreferrer\"><em>asorianocarrasco@yahoo.com<\/em><\/a><br \/>\n<em><a href=\"https:\/\/twitter.com\/brecharevista\" target=\"_blank\" rel=\"noopener noreferrer\">@BrechaRevista<\/a><a href=\"mailto:asorianocarrasco@yahoo.com\" target=\"_blank\" rel=\"noopener noreferrer\"><br \/>\n<\/a><a href=\"https:\/\/revistabrecha.com\" target=\"_blank\" rel=\"noopener noreferrer\">www.revistabrecha.com<\/a><\/em><\/p>\n","protected":false},"excerpt":{"rendered":"<p><span style=\"color: #005497;\"><strong>\u00c1ngel Soriano<\/strong><\/span><\/p>\n","protected":false},"author":3,"featured_media":0,"comment_status":"open","ping_status":"open","sticky":false,"template":"","format":"standard","meta":{"_monsterinsights_skip_tracking":false,"_monsterinsights_sitenote_active":false,"_monsterinsights_sitenote_note":"","_monsterinsights_sitenote_category":0,"footnotes":""},"categories":[135],"tags":[85,86,43674],"class_list":["post-469658","post","type-post","status-publish","format-standard","hentry","category-angel-soriano-opinion","tag-angel-soriano","tag-desde-el-portal","tag-opinion"],"_links":{"self":[{"href":"https:\/\/www.diarioimagen.net\/index.php?rest_route=\/wp\/v2\/posts\/469658","targetHints":{"allow":["GET"]}}],"collection":[{"href":"https:\/\/www.diarioimagen.net\/index.php?rest_route=\/wp\/v2\/posts"}],"about":[{"href":"https:\/\/www.diarioimagen.net\/index.php?rest_route=\/wp\/v2\/types\/post"}],"author":[{"embeddable":true,"href":"https:\/\/www.diarioimagen.net\/index.php?rest_route=\/wp\/v2\/users\/3"}],"replies":[{"embeddable":true,"href":"https:\/\/www.diarioimagen.net\/index.php?rest_route=%2Fwp%2Fv2%2Fcomments&post=469658"}],"version-history":[{"count":0,"href":"https:\/\/www.diarioimagen.net\/index.php?rest_route=\/wp\/v2\/posts\/469658\/revisions"}],"wp:attachment":[{"href":"https:\/\/www.diarioimagen.net\/index.php?rest_route=%2Fwp%2Fv2%2Fmedia&parent=469658"}],"wp:term":[{"taxonomy":"category","embeddable":true,"href":"https:\/\/www.diarioimagen.net\/index.php?rest_route=%2Fwp%2Fv2%2Fcategories&post=469658"},{"taxonomy":"post_tag","embeddable":true,"href":"https:\/\/www.diarioimagen.net\/index.php?rest_route=%2Fwp%2Fv2%2Ftags&post=469658"}],"curies":[{"name":"wp","href":"https:\/\/api.w.org\/{rel}","templated":true}]}}