{"id":469932,"date":"2020-06-03T00:03:24","date_gmt":"2020-06-03T05:03:24","guid":{"rendered":"https:\/\/www.diarioimagen.net\/?p=469932"},"modified":"2020-06-03T00:48:58","modified_gmt":"2020-06-03T05:48:58","slug":"naucalpan-rinde-homenaje-a-personal-medico-que-lucha-contra-el-covid-19","status":"publish","type":"post","link":"https:\/\/www.diarioimagen.net\/?p=469932","title":{"rendered":"Naucalpan rinde homenaje a personal m\u00e9dico que lucha contra el Covid-19"},"content":{"rendered":"<ul>\n<li><strong><em>Con proyecci\u00f3n en las Torres de Sat\u00e9lite<\/em><\/strong><\/li>\n<\/ul>\n<p>&nbsp;<\/p>\n<div id=\"attachment_470000\" style=\"width: 470px\" class=\"wp-caption aligncenter\"><a href=\"https:\/\/www.diarioimagen.net\/?attachment_id=470000\" rel=\"attachment wp-att-470000\"><img loading=\"lazy\" decoding=\"async\" aria-describedby=\"caption-attachment-470000\" class=\"size-large wp-image-470000\" src=\"https:\/\/www.diarioimagen.net\/wp-content\/uploads\/2020\/06\/Naucalpan-2-460x306.jpg\" alt=\"\" width=\"460\" height=\"306\" srcset=\"https:\/\/www.diarioimagen.net\/wp-content\/uploads\/2020\/06\/Naucalpan-2-460x306.jpg 460w, https:\/\/www.diarioimagen.net\/wp-content\/uploads\/2020\/06\/Naucalpan-2-240x160.jpg 240w, https:\/\/www.diarioimagen.net\/wp-content\/uploads\/2020\/06\/Naucalpan-2.jpg 700w\" sizes=\"auto, (max-width: 460px) 100vw, 460px\" \/><\/a><p id=\"caption-attachment-470000\" class=\"wp-caption-text\">En las Torres de Sat\u00e9lite se rindi\u00f3 un homenaje a personal m\u00e9dico y servidores p\u00fablicos que laboran en primera l\u00ednea en la lucha contra el coronavirus.<\/p><\/div>\n<p>&nbsp;<\/p>\n<p><strong>Naucalpan, Estado de M\u00e9xico<\/strong><strong>.- <\/strong>Con una proyecci\u00f3n y un concierto virtual en las Torres de Sat\u00e9lite, la noche del lunes se rindi\u00f3 un homenaje a personal m\u00e9dico, de enfermer\u00eda, rescatistas y servidores p\u00fablicos que laboran en primera l\u00ednea en la lucha contra el coronavirus.<\/p>\n<p>Se trata de una iniciativa ciudadana apoyada por el gobierno de Naucalpan, a trav\u00e9s de la Secretar\u00eda de Cultura municipal. Las empresas Plux Creative Studio, Omagica M\u00e9xico y Events Unlimited se hicieron cargo del video mapping, sin cobrar por sus servicios.<\/p>\n<p>Mensajes como \u201cGracias por su compromiso\u201d, \u201cUnidos siempre se puede\u201d, o \u201cYo te cuido, t\u00fa me cuidas\u201d, intercaladas con im\u00e1genes de los trabajadores de Naucalpan, fueron parte de la proyecci\u00f3n que se realiz\u00f3 sobre la columna blanca de las Torres de Sat\u00e9lite. Los conductores que circularon por Perif\u00e9rico Norte, rumbo al sur, pudieron observar el valor, la dedicaci\u00f3n y la vocaci\u00f3n de los servidores p\u00fablicos que se han mantenido en la primera l\u00ednea de atenci\u00f3n ante la emergencia sanitaria.<\/p>\n<p>Al final de los mensajes de agradecimiento, el Coro Sinf\u00f3nico Naucalpense se uni\u00f3 a los honores e interpret\u00f3 el Requiem in Paradisum, de Gabriel Faur\u00e9. La agrupaci\u00f3n coral, dirigida por Elda Belem Reyes, enton\u00f3 una obra que versa sobre la liberaci\u00f3n del alma para alcanzar una felicidad superior.<\/p>\n<p>El homenaje dur\u00f3 cuatro horas, de las 20:00 y hasta las 2:00 de la madrugada de este martes.<\/p>\n<p>Las im\u00e1genes abarcaron un \u00e1rea de 26 metros de alto por 6 de ancho y se materializaron a trav\u00e9s de proyectores l\u00e1ser de alta tecnolog\u00eda que no ocasionan da\u00f1o alguno a la obra del escultor Mathias Goeritz y el arquitecto Luis Barrag\u00e1n.<\/p>\n<p>\u201cNo se trata solo de reconocer a m\u00e9dicos y enfermeras sino a todo el personal que d\u00eda a d\u00eda trabaja. En este homenaje se dedican frases de aliento a bomberos, militares, m\u00e9dicos, socorristas y barrenderos para resaltar su valor social\u201d, resalt\u00f3 la Secretaria de Cultura municipal, Abigail Mart\u00ednez Salas.<\/p>\n","protected":false},"excerpt":{"rendered":"<p>Con una proyecci\u00f3n y un concierto virtual en las Torres de Sat\u00e9lite, la noche del lunes se rindi\u00f3 un homenaje a personal m\u00e9dico, de enfermer\u00eda, rescatistas y servidores p\u00fablicos que laboran en primera l\u00ednea en la lucha contra el coronavirus.<\/p>\n","protected":false},"author":3,"featured_media":470000,"comment_status":"open","ping_status":"open","sticky":false,"template":"","format":"standard","meta":{"_monsterinsights_skip_tracking":false,"_monsterinsights_sitenote_active":false,"_monsterinsights_sitenote_note":"","_monsterinsights_sitenote_category":0,"footnotes":""},"categories":[5],"tags":[90021,43675,46346,970],"class_list":["post-469932","post","type-post","status-publish","format-standard","has-post-thumbnail","hentry","category-estado-de-mexico","tag-covid-19","tag-estado-de-mexico","tag-lucha","tag-naucalpan"],"_links":{"self":[{"href":"https:\/\/www.diarioimagen.net\/index.php?rest_route=\/wp\/v2\/posts\/469932","targetHints":{"allow":["GET"]}}],"collection":[{"href":"https:\/\/www.diarioimagen.net\/index.php?rest_route=\/wp\/v2\/posts"}],"about":[{"href":"https:\/\/www.diarioimagen.net\/index.php?rest_route=\/wp\/v2\/types\/post"}],"author":[{"embeddable":true,"href":"https:\/\/www.diarioimagen.net\/index.php?rest_route=\/wp\/v2\/users\/3"}],"replies":[{"embeddable":true,"href":"https:\/\/www.diarioimagen.net\/index.php?rest_route=%2Fwp%2Fv2%2Fcomments&post=469932"}],"version-history":[{"count":0,"href":"https:\/\/www.diarioimagen.net\/index.php?rest_route=\/wp\/v2\/posts\/469932\/revisions"}],"wp:featuredmedia":[{"embeddable":true,"href":"https:\/\/www.diarioimagen.net\/index.php?rest_route=\/wp\/v2\/media\/470000"}],"wp:attachment":[{"href":"https:\/\/www.diarioimagen.net\/index.php?rest_route=%2Fwp%2Fv2%2Fmedia&parent=469932"}],"wp:term":[{"taxonomy":"category","embeddable":true,"href":"https:\/\/www.diarioimagen.net\/index.php?rest_route=%2Fwp%2Fv2%2Fcategories&post=469932"},{"taxonomy":"post_tag","embeddable":true,"href":"https:\/\/www.diarioimagen.net\/index.php?rest_route=%2Fwp%2Fv2%2Ftags&post=469932"}],"curies":[{"name":"wp","href":"https:\/\/api.w.org\/{rel}","templated":true}]}}