{"id":469935,"date":"2020-06-03T00:02:29","date_gmt":"2020-06-03T05:02:29","guid":{"rendered":"https:\/\/www.diarioimagen.net\/?p=469935"},"modified":"2020-06-03T00:49:50","modified_gmt":"2020-06-03T05:49:50","slug":"aprueba-el-cabildo-de-cuautitlan-mexico-cambios-al-programa-anual-de-obra-2020","status":"publish","type":"post","link":"https:\/\/www.diarioimagen.net\/?p=469935","title":{"rendered":"Aprueba el cabildo de Cuautitl\u00e1n, M\u00e9xico, cambios al Programa Anual de Obra 2020"},"content":{"rendered":"<ul>\n<li><strong><em>Destino de recursos de acuerdo a necesidades<\/em><\/strong><\/li>\n<\/ul>\n<p>&nbsp;<\/p>\n<div id=\"attachment_470003\" style=\"width: 470px\" class=\"wp-caption aligncenter\"><a href=\"https:\/\/www.diarioimagen.net\/?attachment_id=470003\" rel=\"attachment wp-att-470003\"><img loading=\"lazy\" decoding=\"async\" aria-describedby=\"caption-attachment-470003\" class=\"size-large wp-image-470003\" src=\"https:\/\/www.diarioimagen.net\/wp-content\/uploads\/2020\/06\/Cuautitlan-460x259.jpg\" alt=\"\" width=\"460\" height=\"259\" srcset=\"https:\/\/www.diarioimagen.net\/wp-content\/uploads\/2020\/06\/Cuautitlan-460x259.jpg 460w, https:\/\/www.diarioimagen.net\/wp-content\/uploads\/2020\/06\/Cuautitlan-240x135.jpg 240w, https:\/\/www.diarioimagen.net\/wp-content\/uploads\/2020\/06\/Cuautitlan-235x132.jpg 235w, https:\/\/www.diarioimagen.net\/wp-content\/uploads\/2020\/06\/Cuautitlan-202x114.jpg 202w, https:\/\/www.diarioimagen.net\/wp-content\/uploads\/2020\/06\/Cuautitlan-350x196.jpg 350w, https:\/\/www.diarioimagen.net\/wp-content\/uploads\/2020\/06\/Cuautitlan-220x123.jpg 220w, https:\/\/www.diarioimagen.net\/wp-content\/uploads\/2020\/06\/Cuautitlan-237x132.jpg 237w, https:\/\/www.diarioimagen.net\/wp-content\/uploads\/2020\/06\/Cuautitlan.jpg 480w\" sizes=\"auto, (max-width: 460px) 100vw, 460px\" \/><\/a><p id=\"caption-attachment-470003\" class=\"wp-caption-text\">El cabildo de Cuautitl\u00e1n, M\u00e9xico, aprob\u00f3 la modificaci\u00f3n al Programa Anual de Obra del ejercicio fiscal 2020.<\/p><\/div>\n<p>&nbsp;<\/p>\n<p><strong>Cuautitl\u00e1n, Estado de M\u00e9xico.- <\/strong>Durante la Vig\u00e9sima Tercera Sesi\u00f3n Extraordinaria los integrantes del cabildo local, autorizaron la modificaci\u00f3n al Programa Anual de Obra del ejercicio fiscal 2020, con el objetivo de encaminar el destino de los recursos de acuerdo a la actualizaci\u00f3n de las necesidades y proyectos.<\/p>\n<p>En este sentido, se inform\u00f3 que de acuerdo a la declaratoria de la pandemia a nivel nacional fue necesario realizar las modificaciones necesarias de este programa, debido a la atenci\u00f3n prioritaria a la poblaci\u00f3n, por lo que las medidas aplicadas originaron una disminuci\u00f3n de los recursos propios, adem\u00e1s que las empresas contratadas suspendieron algunas de las obras que ven\u00edan ejecutando para no exponer a sus personal.<\/p>\n<p>Las adecuaciones al programa anual de obras, permitir\u00e1n cumplir los objetivos que se planearon en materia de obras p\u00fablicas que se hab\u00edan programado, por lo que se valor\u00f3 que las obras planeadas a realizarse en el segundo semestre del 2020, sean las que se consideren para su posterior programaci\u00f3n y no sean consideradas dentro del presente ejercicio fiscal.<\/p>\n<p>El programa PAD (Programa de Acciones para el Desarrollo) tiene el objetivo de fomentar el desarrollo y disminuir la pobreza, procurar la seguridad econ\u00f3mica en el municipio el cual deber\u00e1 reflejarse el ejercicio 2020, con la aplicaci\u00f3n de los recursos previamente asignados que estar\u00e1n sujetos a los lineamientos de ejecuci\u00f3n y se cumplir\u00e1 de forma puntual.<\/p>\n<p>Para los recursos del FIS (Fondo para la Infraestructura Social Municipal y de las Demarcaciones Territoriales del Distrito Federal) se valorar\u00e1 que las obras previamente autorizadas se ajusten a los requerimientos de los nuevos lineamientos, de acuerdo con las condiciones que prevalecen en el pa\u00eds y los cuales deber\u00e1n ser autorizados por el cabildo.<\/p>\n","protected":false},"excerpt":{"rendered":"<p>Durante la Vig\u00e9sima Tercera Sesi\u00f3n Extraordinaria los integrantes del cabildo local, autorizaron la modificaci\u00f3n al Programa Anual de Obra del ejercicio fiscal 2020, con el objetivo de encaminar el destino de los recursos de acuerdo a la actualizaci\u00f3n de las necesidades y proyectos.<\/p>\n","protected":false},"author":3,"featured_media":470003,"comment_status":"open","ping_status":"open","sticky":false,"template":"","format":"standard","meta":{"_monsterinsights_skip_tracking":false,"_monsterinsights_sitenote_active":false,"_monsterinsights_sitenote_note":"","_monsterinsights_sitenote_category":0,"footnotes":""},"categories":[5],"tags":[681,43675,90964],"class_list":["post-469935","post","type-post","status-publish","format-standard","has-post-thumbnail","hentry","category-estado-de-mexico","tag-cuautitlan","tag-estado-de-mexico","tag-programa-anual-de-obra"],"_links":{"self":[{"href":"https:\/\/www.diarioimagen.net\/index.php?rest_route=\/wp\/v2\/posts\/469935","targetHints":{"allow":["GET"]}}],"collection":[{"href":"https:\/\/www.diarioimagen.net\/index.php?rest_route=\/wp\/v2\/posts"}],"about":[{"href":"https:\/\/www.diarioimagen.net\/index.php?rest_route=\/wp\/v2\/types\/post"}],"author":[{"embeddable":true,"href":"https:\/\/www.diarioimagen.net\/index.php?rest_route=\/wp\/v2\/users\/3"}],"replies":[{"embeddable":true,"href":"https:\/\/www.diarioimagen.net\/index.php?rest_route=%2Fwp%2Fv2%2Fcomments&post=469935"}],"version-history":[{"count":0,"href":"https:\/\/www.diarioimagen.net\/index.php?rest_route=\/wp\/v2\/posts\/469935\/revisions"}],"wp:featuredmedia":[{"embeddable":true,"href":"https:\/\/www.diarioimagen.net\/index.php?rest_route=\/wp\/v2\/media\/470003"}],"wp:attachment":[{"href":"https:\/\/www.diarioimagen.net\/index.php?rest_route=%2Fwp%2Fv2%2Fmedia&parent=469935"}],"wp:term":[{"taxonomy":"category","embeddable":true,"href":"https:\/\/www.diarioimagen.net\/index.php?rest_route=%2Fwp%2Fv2%2Fcategories&post=469935"},{"taxonomy":"post_tag","embeddable":true,"href":"https:\/\/www.diarioimagen.net\/index.php?rest_route=%2Fwp%2Fv2%2Ftags&post=469935"}],"curies":[{"name":"wp","href":"https:\/\/api.w.org\/{rel}","templated":true}]}}