{"id":472184,"date":"2020-06-26T00:05:26","date_gmt":"2020-06-26T05:05:26","guid":{"rendered":"https:\/\/www.diarioimagen.net\/?p=472184"},"modified":"2020-06-29T01:35:11","modified_gmt":"2020-06-29T06:35:11","slug":"emergencias-negocio-rentable","status":"publish","type":"post","link":"https:\/\/www.diarioimagen.net\/?p=472184","title":{"rendered":"Emergencias, negocio rentable"},"content":{"rendered":"<h2>Desde el portal<\/h2>\n<h5>\u00c1ngel Soriano<\/h5>\n<p>&nbsp;<\/p>\n<p>Lamentable, que tanto en la sociedad como en altos niveles de la administraci\u00f3n p\u00fablica, se tenga el concepto de que los estados de emergencia ocurridos por cat\u00e1strofes naturales -terremotos, lluvias, inundaciones-, \u00e9stos se transformen en negocios rentables para quienes tienen a su cargo la seguridad de la poblaci\u00f3n y acumulen cuantiosas fortunas.<\/p>\n<p>Lo mismo ocurre a nivel mundial: organismos e instituciones dedicadas al altruismo destinan millones de d\u00f3lares a las v\u00edctimas de tales fen\u00f3menos naturales, pero generalmente no llegan a sus destinatarios que siguen en las calles en demanda de ayuda. El concepto humanitario es utilizado por vivales para acrecentar su riqueza.<\/p>\n<p>As\u00ed lo demuestran los afectados por los sismos lo mismo en la ciudad de M\u00e9xico que en diversas partes de la Rep\u00fablica y, como ha quedado demostrado, apenas ocurre un sismo y de inmediato claman por la ayuda. No se han cuantificado los da\u00f1os, pero ya \u201cle calculan\u201d que asciende a tantos millones de pesos. El presidente L\u00f3pez Obrador dijo que ahora se establecer\u00e1n mecanismos de control.<\/p>\n<p>Los v\u00edveres e insumos para los que van destinados los recursos p\u00fablicos, si bien son adquiridos por licitaci\u00f3n directa a altos precios, si es que llegan son pocos. Generalmente, se quedan con esos recursos y los afectados no la ven llegar. Tales desfalcos ser\u00e1n ya evitados y se establecer\u00e1 una forma m\u00e1s eficaz: van directamente al beneficiario para que no pase por las manos del funcionario. La mejor soluci\u00f3n.<\/p>\n<p style=\"text-align: center;\"><strong>Turbulencias<br \/>\nEncuentro Trump-Trudeau-AMLO<\/strong><\/p>\n<p>A pesar de que el presidente Andr\u00e9s Manuel L\u00f3pez Obrador lo dej\u00f3 claro, Roberto Velasco \u00c1lvarez, director general para Am\u00e9rica del Norte de la SRE, aclar\u00f3 que el encuentro entre el presidente Andr\u00e9s Manuel L\u00f3pez Obrador y Donald Trump, tiene como objetivo revisar la promoci\u00f3n comercial a trav\u00e9s del Tratado entre M\u00e9xico, Estados Unidos y Canad\u00e1 (T-MEC), sin vinculaci\u00f3n con la elecci\u00f3n presidencial estadounidense de noviembre. \u201cLa diplomacia mexicana consiste en tender puentes con todos los pueblos\u201d, dijo\u2026En el octavo aniversario de su creaci\u00f3n, la Asociaci\u00f3n Mexicana de Empresas de Seguridad Privada (AMESP), manifest\u00f3 su disposici\u00f3n a colaborar con las autoridades del pa\u00eds para hacer un m\u00e1s seguro regreso a la nueva normalidad y darle certeza y protecci\u00f3n a todas las organizaciones y familias que ante este dif\u00edcil contexto del pa\u00eds, lo requieren. Se pronunci\u00f3 por la \u201cNo Discriminaci\u00f3n\u201d para las personas que hayan tenido Covid-19 o hayan convivido con alg\u00fan familiar que lo tenga o haya tenido, por lo cual lanz\u00f3 la \u201cGu\u00eda Para un Regreso Seguro Al Trabajo\u201d, en el que se dan recomendaciones para hacer frente y mitigar la epidemia causada por Covid-19. Integrada por las 76 principales empresas de seguridad privada que act\u00faan en territorio nacional, la AMESP dio a conocer este documento a sus asociados y p\u00fablico en general, donde se pronuncia tambi\u00e9n por establecer un programa de capacitaci\u00f3n para personal directivo y gerencial sobre las acciones y medidas para prevenir y evitar cadenas de contagio por Covid-19\u2026El gobernador Alejandro Murat al frente de una brigada de Protecci\u00f3n Civil se traslad\u00f3 a la zona de los Ozolotepec en la regi\u00f3n de la Sierra Sur, acompa\u00f1ado del comandante de la 8a Regi\u00f3n Militar, general Juan Arturo Cordero y otros funcionarios para atender a las y los habitantes de comunidades como Santo Domingo Ozolotepec, San Francisco Ozolotepec, Santa Catarina Xanaguia y San Juan Guivini en d\u00f3nde hubo m\u00e1s afectaciones por el sismo magnitud 7.5 de la ma\u00f1ana del 23 de junio. Debido a las dificultades de acceso y a las condiciones climatol\u00f3gicas, el traslado se realiza v\u00eda terrestre en veh\u00edculos de la Secretar\u00eda de la Defensa Nacional. Y en relaci\u00f3n a los lesionados de la agencia Santa Catarina Xanaguia, la Cruz Roja Mexicana inform\u00f3 que ya se encuentran recibiendo atenci\u00f3n en el Hospital General Aurelio Valdivieso de Oaxaca\u2026<\/p>\n<p><a href=\"mailto:asorianocarrasco@yahoo.com\" target=\"_blank\" rel=\"noopener noreferrer\"><em>asorianocarrasco@yahoo.com<\/em><\/a><br \/>\n<em><a href=\"https:\/\/twitter.com\/brecharevista\" target=\"_blank\" rel=\"noopener noreferrer\">@BrechaRevista<\/a><a href=\"mailto:asorianocarrasco@yahoo.com\" target=\"_blank\" rel=\"noopener noreferrer\"><br \/>\n<\/a><a href=\"https:\/\/revistabrecha.com\" target=\"_blank\" rel=\"noopener noreferrer\">www.revistabrecha.com<\/a><\/em><\/p>\n","protected":false},"excerpt":{"rendered":"<p><span style=\"color: #005497;\"><strong>\u00c1ngel Soriano<\/strong><\/span><\/p>\n","protected":false},"author":3,"featured_media":0,"comment_status":"open","ping_status":"open","sticky":false,"template":"","format":"standard","meta":{"_monsterinsights_skip_tracking":false,"_monsterinsights_sitenote_active":false,"_monsterinsights_sitenote_note":"","_monsterinsights_sitenote_category":0,"footnotes":""},"categories":[135],"tags":[85,86,43674],"class_list":["post-472184","post","type-post","status-publish","format-standard","hentry","category-angel-soriano-opinion","tag-angel-soriano","tag-desde-el-portal","tag-opinion"],"_links":{"self":[{"href":"https:\/\/www.diarioimagen.net\/index.php?rest_route=\/wp\/v2\/posts\/472184","targetHints":{"allow":["GET"]}}],"collection":[{"href":"https:\/\/www.diarioimagen.net\/index.php?rest_route=\/wp\/v2\/posts"}],"about":[{"href":"https:\/\/www.diarioimagen.net\/index.php?rest_route=\/wp\/v2\/types\/post"}],"author":[{"embeddable":true,"href":"https:\/\/www.diarioimagen.net\/index.php?rest_route=\/wp\/v2\/users\/3"}],"replies":[{"embeddable":true,"href":"https:\/\/www.diarioimagen.net\/index.php?rest_route=%2Fwp%2Fv2%2Fcomments&post=472184"}],"version-history":[{"count":0,"href":"https:\/\/www.diarioimagen.net\/index.php?rest_route=\/wp\/v2\/posts\/472184\/revisions"}],"wp:attachment":[{"href":"https:\/\/www.diarioimagen.net\/index.php?rest_route=%2Fwp%2Fv2%2Fmedia&parent=472184"}],"wp:term":[{"taxonomy":"category","embeddable":true,"href":"https:\/\/www.diarioimagen.net\/index.php?rest_route=%2Fwp%2Fv2%2Fcategories&post=472184"},{"taxonomy":"post_tag","embeddable":true,"href":"https:\/\/www.diarioimagen.net\/index.php?rest_route=%2Fwp%2Fv2%2Ftags&post=472184"}],"curies":[{"name":"wp","href":"https:\/\/api.w.org\/{rel}","templated":true}]}}