{"id":472649,"date":"2020-07-01T00:04:52","date_gmt":"2020-07-01T05:04:52","guid":{"rendered":"https:\/\/www.diarioimagen.net\/?p=472649"},"modified":"2020-07-01T02:12:01","modified_gmt":"2020-07-01T07:12:01","slug":"y-el-mal-no-termina","status":"publish","type":"post","link":"https:\/\/www.diarioimagen.net\/?p=472649","title":{"rendered":"Y el mal no termina\u2026"},"content":{"rendered":"<h2>Punto por punto<\/h2>\n<h5>Augusto Corro<\/h5>\n<p>&nbsp;<\/p>\n<p>La pandemia del coronavirus llega este mes de julio con un registro de m\u00e1s de 10 millones de contagiados y m\u00e1s de 500 mil decesos y su permanencia se prev\u00e9 a largo plazo, dijo Tedros Adhanom Ghebreyesus, director general de la Organizaci\u00f3n Mundial de la Salud (OMS).<\/p>\n<p>En M\u00e9xico, las autoridades sanitarias indicaron que es necesario que la poblaci\u00f3n aprenda a vivir en una situaci\u00f3n, donde si bien, no se puede eliminar de manera absoluta el virus, s\u00ed se pueden disminuir los riesgos de contagiarse. Tambi\u00e9n anunciaron que el Covid-19 pueda durar entre 2 y 3 a\u00f1os y que con la llegada del oto\u00f1o y el invierno, as\u00ed como la temporada de influenza, los casos del coronavirus pueden repuntar.<\/p>\n<p>Estamos pues bajo la amenaza del mal con pocas defensas: la sana distancia las medidas de higiene y quedarse en casa, es decir la aplicaci\u00f3n de la cuarentena. El \u00faltimo informe\u00a0 del martes en la noche sobre las cifras de la pandemia en M\u00e9xico arroj\u00f3 27 mil 121 decesos, 220 mil 657 contagios y 23 mil 389 activos.<\/p>\n<p>S\u00f3lo que llevar a cabo la cuarenta se complic\u00f3 porque son millones de personas que tienen que salir de sus casas a conseguir trabajo y comida; los que tienen que abrir sus negocios para entrar a la nueva normalidad. En este rengl\u00f3n las autoridades sanitarias y los gobiernos acordaron regirse por un sem\u00e1foro sanitario que regule las actividades de la sociedad durante la pandemia.<\/p>\n<p>En ese sentido, el color verde servir\u00e1 para el regreso a las actividades sin descuidar la sana distancia y las medidas sanitarias. Pero resulta que no todas las personas cumplen con las reglas.<\/p>\n<p>Hay cierta indisciplina que podr\u00eda propiciar el incremento de los contagios. En la capital, ahora funcionamos con el color naranja. Quiere decir con limitaciones en las actividades. Las medidas sanitarias deben mantenerse altas para eliminar la posibilidad de un retorno a sem\u00e1foro rojo.<\/p>\n<p>Es necesario que la poblaci\u00f3n en general conozca a fondo que representa cada color del sem\u00e1foro sanitario y el cumplimiento de las medidas para evitar el contagio.<\/p>\n<p>Un sinn\u00famero de capitalinos entendi\u00f3 como aplicaci\u00f3n del color naranja como la reactivaci\u00f3n de la nueva normalidad y no hizo caso a las reglas.<\/p>\n<p>Desorientados o irresponsables se subieron a las unidades del\u00a0 transporte p\u00fablico sin las protecciones adecuadas para no contagiarse. En mercados y comercios se vio como acud\u00eda la gente sin cubrebocas y sin guardar la sana distancia, como si la epidemia fuera cosa del pasado. El repunte del virus es una realidad que debe atenderse con mucho cuidado. Son m\u00faltiples los ejemplos de ciudades que padecen el resurgimiento de la pandemia.<\/p>\n<p>Claro que es importante regresar a la nueva normalidad, sobre todo para aquellos que tienen que conseguir alimento para la familia que depende de ellos; pero debe volver a sus actividades con todos los cuidados.<\/p>\n<p>Las autoridades deben\u00a0 actuar con una sobrevigilancia en los sitios que por sus caracter\u00edsticas se re\u00fanen considerables n\u00famero de personas, como son los sitios donde asisten un sinn\u00famero de personas que no guardan la sana distancia y su presencia que debe ser limitada en el lugar se prolonga por varias horas.<\/p>\n<p>Quiz\u00e1 sea oportuno que las autoridades informen con mayor exactitud y oportunidad que debe hacer la poblaci\u00f3n en funci\u00f3n de los colores del sem\u00e1foro sanitario.<\/p>\n<p>Repetir hasta el cansancio en que consiste la aplicaci\u00f3n de las medidas b\u00e1sicas de protecci\u00f3n contra el virus como son: el lavado de manos, el uso del cubrebocas, la sana distancia. etc. Mientras padezcamos la presencia de la pandemia, debemos ser solidarios para enfrentarla y detenerla. No hay otro camino.<\/p>\n<p><span class=\"Apple-converted-space\"><em><u><a href=\"mailto:aco2742@hotmail.com\" target=\"_blank\" rel=\"noopener noreferrer\">aco2742@hotmail.com<\/a><\/u><\/em><\/span><\/p>\n","protected":false},"excerpt":{"rendered":"<p><span style=\"color: #005497;\"><strong>Augusto Corro<\/strong><\/span><\/p>\n","protected":false},"author":3,"featured_media":0,"comment_status":"open","ping_status":"open","sticky":false,"template":"","format":"standard","meta":{"_monsterinsights_skip_tracking":false,"_monsterinsights_sitenote_active":false,"_monsterinsights_sitenote_note":"","_monsterinsights_sitenote_category":0,"footnotes":""},"categories":[157],"tags":[43686,43674,11515],"class_list":["post-472649","post","type-post","status-publish","format-standard","hentry","category-augusto-corro","tag-augusto-corro","tag-opinion","tag-punto-por-punto"],"_links":{"self":[{"href":"https:\/\/www.diarioimagen.net\/index.php?rest_route=\/wp\/v2\/posts\/472649","targetHints":{"allow":["GET"]}}],"collection":[{"href":"https:\/\/www.diarioimagen.net\/index.php?rest_route=\/wp\/v2\/posts"}],"about":[{"href":"https:\/\/www.diarioimagen.net\/index.php?rest_route=\/wp\/v2\/types\/post"}],"author":[{"embeddable":true,"href":"https:\/\/www.diarioimagen.net\/index.php?rest_route=\/wp\/v2\/users\/3"}],"replies":[{"embeddable":true,"href":"https:\/\/www.diarioimagen.net\/index.php?rest_route=%2Fwp%2Fv2%2Fcomments&post=472649"}],"version-history":[{"count":0,"href":"https:\/\/www.diarioimagen.net\/index.php?rest_route=\/wp\/v2\/posts\/472649\/revisions"}],"wp:attachment":[{"href":"https:\/\/www.diarioimagen.net\/index.php?rest_route=%2Fwp%2Fv2%2Fmedia&parent=472649"}],"wp:term":[{"taxonomy":"category","embeddable":true,"href":"https:\/\/www.diarioimagen.net\/index.php?rest_route=%2Fwp%2Fv2%2Fcategories&post=472649"},{"taxonomy":"post_tag","embeddable":true,"href":"https:\/\/www.diarioimagen.net\/index.php?rest_route=%2Fwp%2Fv2%2Ftags&post=472649"}],"curies":[{"name":"wp","href":"https:\/\/api.w.org\/{rel}","templated":true}]}}