{"id":472651,"date":"2020-07-01T00:03:04","date_gmt":"2020-07-01T05:03:04","guid":{"rendered":"https:\/\/www.diarioimagen.net\/?p=472651"},"modified":"2020-07-01T02:13:34","modified_gmt":"2020-07-01T07:13:34","slug":"ahora-contra-el-ticher-y-ciro","status":"publish","type":"post","link":"https:\/\/www.diarioimagen.net\/?p=472651","title":{"rendered":"Ahora, contra el \u201cTicher\u201d y Ciro"},"content":{"rendered":"<h2>Espacio Electoral<\/h2>\n<h5>Eleazar Flores<\/h5>\n<p>&nbsp;<\/p>\n<p><strong>LA META, DEBILITARLOS<\/strong>.- Obvio que entre el gremio y la clase pol\u00edtica tienen filias y fobias, pero ni los m\u00e1s incr\u00e9dulos pueden negar el profesionalismo que les caracteriza a ambos en los tres tipos de periodismo \u201ctradicional\u201d, prensa, radio y televisi\u00f3n, por lo que el poder p\u00fablico los ataca.<\/p>\n<p>Ambos no necesitan que alguien los defienda, menos un provinciano labriego de la tecla como yo comprender\u00e9, pero el prop\u00f3sito de esta entrega es evidenciar la desuni\u00f3n del gremio period\u00edstico.<\/p>\n<p><strong>ANTECEDENTES<\/strong>.- A Joaqu\u00edn L\u00f3pez D\u00f3riga y a Ciro G\u00f3mez Leyva los conozco, lo que es normal en un trabajo con cincuenta a\u00f1os de rutina, como reportero o \u201ccantinero\u201d, pero en condiciones diferentes, que entre el medio es lo m\u00e1s normal sabiendo que nuestra vida es o era cubrir eventos, ir a giras, describir ceremonias oficiales y m\u00e1s. En una de estas \u00faltimas me \u201ccruc\u00e9\u201d con el \u201cTicher\u201d.<\/p>\n<p><strong>JOAQU\u00cdN<\/strong>.- Una ceremonia en el \u201cSal\u00f3n del Pueblo\u201d del palacio de gobierno en Toluca. Como reportero de Telesistema Mexicano, -en el primer lustro de los setentas, Joaqu\u00edn literalmente me \u201cjal\u00f3\u201d para poder entrar al despacho del gobernador Hank, donde har\u00eda una entrevista exclusiva con el funcionario federal visitante. Le ped\u00ed emplear el material, acept\u00f3 y yo gan\u00e9 la nota para la prensa local. \u201cGracias por acompa\u00f1arnos \u201cg\u00fcero\u201d, as\u00ed le dec\u00eda Hank a Joaqu\u00edn, yo me desped\u00ed para ir a escribir y a Joaqu\u00edn le agradec\u00ed el \u201cempuj\u00f3n\u201d para ganar una nota. Vali\u00f3 la pena<\/p>\n<p><strong>CIRO<\/strong>.- A Ciro G\u00f3mez Leyva lo conoc\u00ed muy joven, -al inicio del gobierno de Alfredo del Mazo Gonz\u00e1lez, -creador-fundador del Sistema de Radio y Televisi\u00f3n Mexiquense-, del que Ciro fue\u00a0 el primer director de Radio M\u00e9xiquense con una amplia visi\u00f3n de contenidos regionales y culturales m\u00e1s que oficiales.\u00a0 Excelente aceptaci\u00f3n y buena audiencia, a diferencia de la de hoy, casi nula.<\/p>\n<p>Con el tiempo coincidimos en otros escenarios y Ciro siempre respetuoso y gustador de la comida italiana como cuando comimos en un restaurante en Reforma, cerca de las oficinas del IMSS.<\/p>\n<p><strong>ATAQUES<\/strong>.- Un tal lord mol\u00e9cula, -as\u00ed con min\u00fasculas-, en la ma\u00f1anera del lunes y ante AMLO, cit\u00f3 datos de supuestos ingresos a periodistas como Ciro y creo que tambi\u00e9n Joaqu\u00edn, pero hasta donde se sabe esos datos, que involucran a empresas, -Radi\u00f3 F\u00f3rmula en este caso- no est\u00e1n al alcance de cualquier mortal. L\u00edbreme Dios pensar mal del vocero presidencial, me demandar\u00eda.<\/p>\n<p>A juicio de este labriego de la tecla es debilitar a periodistas destacados, -me niego llamarlos l\u00edderes de opini\u00f3n como otros lo hacen, pero lo son-. Sabedores de que la fortaleza presidencial es dividir, hacerlo en el gremio period\u00edstico que no est\u00e1 unido le ser\u00e1 f\u00e1cil, l\u00e1stima.<\/p>\n<p><a href=\"mailto:elefa44@gmail.com\" target=\"_blank\" rel=\"noopener noreferrer\"><em>lefa44@gmail.com<\/em><\/a><\/p>\n","protected":false},"excerpt":{"rendered":"<p><span style=\"color: #005497;\"><strong>Eleazar Flores<\/strong><\/span><\/p>\n","protected":false},"author":3,"featured_media":0,"comment_status":"open","ping_status":"open","sticky":false,"template":"","format":"standard","meta":{"_monsterinsights_skip_tracking":false,"_monsterinsights_sitenote_active":false,"_monsterinsights_sitenote_note":"","_monsterinsights_sitenote_category":0,"footnotes":""},"categories":[81743],"tags":[81744,81776,43674],"class_list":["post-472651","post","type-post","status-publish","format-standard","hentry","category-eleazar-flores","tag-eleazar-flores","tag-espacio-electoral","tag-opinion"],"_links":{"self":[{"href":"https:\/\/www.diarioimagen.net\/index.php?rest_route=\/wp\/v2\/posts\/472651","targetHints":{"allow":["GET"]}}],"collection":[{"href":"https:\/\/www.diarioimagen.net\/index.php?rest_route=\/wp\/v2\/posts"}],"about":[{"href":"https:\/\/www.diarioimagen.net\/index.php?rest_route=\/wp\/v2\/types\/post"}],"author":[{"embeddable":true,"href":"https:\/\/www.diarioimagen.net\/index.php?rest_route=\/wp\/v2\/users\/3"}],"replies":[{"embeddable":true,"href":"https:\/\/www.diarioimagen.net\/index.php?rest_route=%2Fwp%2Fv2%2Fcomments&post=472651"}],"version-history":[{"count":0,"href":"https:\/\/www.diarioimagen.net\/index.php?rest_route=\/wp\/v2\/posts\/472651\/revisions"}],"wp:attachment":[{"href":"https:\/\/www.diarioimagen.net\/index.php?rest_route=%2Fwp%2Fv2%2Fmedia&parent=472651"}],"wp:term":[{"taxonomy":"category","embeddable":true,"href":"https:\/\/www.diarioimagen.net\/index.php?rest_route=%2Fwp%2Fv2%2Fcategories&post=472651"},{"taxonomy":"post_tag","embeddable":true,"href":"https:\/\/www.diarioimagen.net\/index.php?rest_route=%2Fwp%2Fv2%2Ftags&post=472651"}],"curies":[{"name":"wp","href":"https:\/\/api.w.org\/{rel}","templated":true}]}}