{"id":472655,"date":"2020-07-01T00:08:10","date_gmt":"2020-07-01T05:08:10","guid":{"rendered":"https:\/\/www.diarioimagen.net\/?p=472655"},"modified":"2020-07-01T02:17:25","modified_gmt":"2020-07-01T07:17:25","slug":"el-otro-lado-de-la-reapertura","status":"publish","type":"post","link":"https:\/\/www.diarioimagen.net\/?p=472655","title":{"rendered":"El otro lado de la reapertura"},"content":{"rendered":"<h2>Detr\u00e1s del Poder<\/h2>\n<h5>Jos\u00e9 Antonio L\u00f3pez Sosa<\/h5>\n<p>&nbsp;<\/p>\n<p>Autoridades y empresarios de pr\u00e1cticamente todos los sectores se preparan para la reapertura gradual, incluso algunos especialistas haciendo gala de la futurolog\u00eda basada en conjeturas muy elementales, se han atrevido a dar cifras en diversas ramas.<\/p>\n<p>S\u00ed, hay protocolos sanitarios para todo, desde ir a un banco, comprar en el supermercado, ir a un restaurante, a un cine o viajar en un avi\u00f3n o autob\u00fas, se ha pensado pr\u00e1cticamente en todo, excepto en el sentir de la ciudadan\u00eda, en el golpe a sus bolsillos y en el miedo que ha engendrado esta pandemia.<\/p>\n<p>Ninguno de los genios publicitarios y de mercadotecnia ha pensado en c\u00f3mo manejar este miedo de los ciudadanos, sin manipularlo pues, dando mensajes claros de qu\u00e9 s\u00ed y qu\u00e9 no puede pasar si uno usa tal o cual servicio.<\/p>\n<p>Una vez m\u00e1s, el tema contagios, pandemia, Covid-19, coronavirus est\u00e1 prohibido en los anuncios comerciales ensalsados, tanto en plataformas electr\u00f3nicas como en medios tradicionales, una vez m\u00e1s las cosas se hacen lejos de los usuarios, lejos del ciudadano.<\/p>\n<p>La respuesta la tendremos en unas semanas, podemos ver hasta d\u00f3nde este miedo, esta crisis econ\u00f3mica y estas nuevas formas de convivencia permear\u00e1n en la sociedad mexicana.<\/p>\n<p>Veremos cu\u00e1nta gente sale a comer a un restaurante, c\u00f3mo se modifican los h\u00e1bitos de convivencia y de consumo. Estamos claros, que pa\u00edses en Europa ya pasaron por esto, con una clara diferencia: no es lo mismo cualquier pa\u00eds que M\u00e9xico, no es lo mismo cualquier urbe que la Ciudad de M\u00e9xico.<\/p>\n<p>Este es el otro lado de la reapertura, el de las casas y las calles, el de las familias y las comunidades, el de la realidad del SARS-CoV-2 que sigue azotando al mundo.<\/p>\n<p>Se requiere de ingenio, de protocolos estrictos y de no enga\u00f1ar al consumidor en ning\u00fan rubro, cosa que para muchos, ser\u00e1 complicado.<\/p>\n<p><em><a href=\"http:\/\/www.lopezsosa.com\" target=\"_blank\" rel=\"noopener noreferrer\">www.lopezsosa.com<\/a><\/em><br \/>\n<em><a href=\"mailto:joseantonio@lopezsosa.com\" target=\"_blank\" rel=\"noopener noreferrer\">joseantonio@lopezsosa.com<\/a><\/em><br \/>\n<a href=\"http:\/\/twitter.com\/joseantonio1977\" target=\"_blank\" rel=\"noopener noreferrer\">@joseantonio1977<\/a><\/p>\n","protected":false},"excerpt":{"rendered":"<p><span style=\"color: #005497;\"><strong>Jos\u00e9 Antonio L\u00f3pez Sosa<\/strong><\/span><\/p>\n","protected":false},"author":3,"featured_media":0,"comment_status":"open","ping_status":"open","sticky":false,"template":"","format":"standard","meta":{"_monsterinsights_skip_tracking":false,"_monsterinsights_sitenote_active":false,"_monsterinsights_sitenote_note":"","_monsterinsights_sitenote_category":0,"footnotes":""},"categories":[637],"tags":[638,43690,43674],"class_list":["post-472655","post","type-post","status-publish","format-standard","hentry","category-jose-antonio-lopez-sosa","tag-detras-del-poder","tag-jose-antonio-lopez-sosa","tag-opinion"],"_links":{"self":[{"href":"https:\/\/www.diarioimagen.net\/index.php?rest_route=\/wp\/v2\/posts\/472655","targetHints":{"allow":["GET"]}}],"collection":[{"href":"https:\/\/www.diarioimagen.net\/index.php?rest_route=\/wp\/v2\/posts"}],"about":[{"href":"https:\/\/www.diarioimagen.net\/index.php?rest_route=\/wp\/v2\/types\/post"}],"author":[{"embeddable":true,"href":"https:\/\/www.diarioimagen.net\/index.php?rest_route=\/wp\/v2\/users\/3"}],"replies":[{"embeddable":true,"href":"https:\/\/www.diarioimagen.net\/index.php?rest_route=%2Fwp%2Fv2%2Fcomments&post=472655"}],"version-history":[{"count":0,"href":"https:\/\/www.diarioimagen.net\/index.php?rest_route=\/wp\/v2\/posts\/472655\/revisions"}],"wp:attachment":[{"href":"https:\/\/www.diarioimagen.net\/index.php?rest_route=%2Fwp%2Fv2%2Fmedia&parent=472655"}],"wp:term":[{"taxonomy":"category","embeddable":true,"href":"https:\/\/www.diarioimagen.net\/index.php?rest_route=%2Fwp%2Fv2%2Fcategories&post=472655"},{"taxonomy":"post_tag","embeddable":true,"href":"https:\/\/www.diarioimagen.net\/index.php?rest_route=%2Fwp%2Fv2%2Ftags&post=472655"}],"curies":[{"name":"wp","href":"https:\/\/api.w.org\/{rel}","templated":true}]}}