{"id":472715,"date":"2020-07-02T00:02:17","date_gmt":"2020-07-02T05:02:17","guid":{"rendered":"https:\/\/www.diarioimagen.net\/?p=472715"},"modified":"2020-07-02T01:21:44","modified_gmt":"2020-07-02T06:21:44","slug":"entrega-la-alcaldesa-de-atizapan-ruth-olvera-armamento-a-la-policia-municipal","status":"publish","type":"post","link":"https:\/\/www.diarioimagen.net\/?p=472715","title":{"rendered":"Entrega la alcaldesa de Atizap\u00e1n, Ruth  Olvera, armamento a la Polic\u00eda Municipal"},"content":{"rendered":"<ul>\n<li><em><b>Inversi\u00f3n de 3 millones de pesos<\/b><\/em><\/li>\n<\/ul>\n<p>&nbsp;<\/p>\n<div id=\"attachment_472716\" style=\"width: 470px\" class=\"wp-caption aligncenter\"><a href=\"https:\/\/www.diarioimagen.net\/wp-content\/uploads\/2020\/07\/CAMACHO2-b-por.jpg\"><img loading=\"lazy\" decoding=\"async\" aria-describedby=\"caption-attachment-472716\" class=\"size-large wp-image-472716\" src=\"https:\/\/www.diarioimagen.net\/wp-content\/uploads\/2020\/07\/CAMACHO2-b-por-460x268.jpg\" alt=\"\" width=\"460\" height=\"268\" srcset=\"https:\/\/www.diarioimagen.net\/wp-content\/uploads\/2020\/07\/CAMACHO2-b-por-460x268.jpg 460w, https:\/\/www.diarioimagen.net\/wp-content\/uploads\/2020\/07\/CAMACHO2-b-por-240x140.jpg 240w, https:\/\/www.diarioimagen.net\/wp-content\/uploads\/2020\/07\/CAMACHO2-b-por.jpg 480w\" sizes=\"auto, (max-width: 460px) 100vw, 460px\" \/><\/a><p id=\"caption-attachment-472716\" class=\"wp-caption-text\">La alcaldesa Ruth Olvera Nieto entreg\u00f3 armamento a la Direcci\u00f3n de Seguridad P\u00fablica.<\/p><\/div>\n<p>&nbsp;<\/p>\n<p><strong>Atizap\u00e1n, Estado de M\u00e9xico<\/strong>.- Con una inversi\u00f3n de tres millones de pesos, la Presidente Municipal Ruth Olvera Nieto entreg\u00f3 armamento a la Direcci\u00f3n de Seguridad P\u00fablica y agradeci\u00f3 al Grupo Corona Atizap\u00e1n la donaci\u00f3n de dos c\u00e1psulas de bioseguridad para el traslado de personas con Covid-19.<\/p>\n<p>En un breve acto que se realiz\u00f3 en el Patio Central del edificio de gobierno, Olvera Nieto reconoci\u00f3 el trabajo del Grupo de Operaciones Especiales (GOE) municipal que hace frente a la delincuencia y garantiza la integridad de los ciudadanos.<\/p>\n<p>La edil extendi\u00f3 su reconocimiento al trabajo coordinado que realizan la Direcci\u00f3n de Seguridad P\u00fablica y Tr\u00e1nsito, DIF, Protecci\u00f3n Civil y diversas \u00e1reas del Ayuntamiento apoyo a la ciudadan\u00eda durante la emergencia sanitaria.<\/p>\n<p>Tambi\u00e9n agradeci\u00f3 la solidaridad de los atizapenses y del sector privado por su disponibilidad de ayuda a los grupos m\u00e1s vulnerables y a todos aquellos que la necesitan en estos momentos que el mundo entero enfrenta la pandemia de coronavirus.<\/p>\n<p>Cabe se\u00f1alar que desde el 2014, la direcci\u00f3n de Seguridad P\u00fablica local no recib\u00eda armamento. En esta ocasi\u00f3n fue equipada con armas largas, cortas y cartuchos, que tuvo una inversi\u00f3n de tres millones de pesos de recursos propios.<\/p>\n<p>En su mensaje, Olvera Nieto afirm\u00f3 que en Atizap\u00e1n no se permite que se viole la ley, \u201cestamos en un estado de derecho, y por ello debemos tener las herramientas de trabajo adecuadas para que la polic\u00eda pueda laborar\u201d.<\/p>\n<p>En este sentido, se\u00f1al\u00f3 que ya opera la homologaci\u00f3n de salarios para los elementos policiacos.<\/p>\n<p>Por su parte, la direcci\u00f3n de Protecci\u00f3n Civil municipal explic\u00f3 que las dos c\u00e1psulas de bioseguridad para el traslado de personas con Covid-19 tienen la particularidad de contar filtros que impiden el paso de microorganismos, reduciendo el riesgo de contagio del personal que atiende emergencias.<\/p>\n<p>Tambi\u00e9n tienen la caracter\u00edstica de ser flexibles, permitiendo mayor comodidad al paciente durante su traslado.<\/p>\n<p>Al momento, Protecci\u00f3n Civil ha realizado el trasladado de 39 pacientes que resultaron positivo al Covid-19, a hospitales.<\/p>\n","protected":false},"excerpt":{"rendered":"<p>Con una inversi\u00f3n de tres millones de pesos, la Presidente Municipal Ruth Olvera Nieto entreg\u00f3 armamento a la Direcci\u00f3n de Seguridad P\u00fablica y agradeci\u00f3 al Grupo Corona Atizap\u00e1n la donaci\u00f3n de dos c\u00e1psulas de bioseguridad para el traslado de personas con Covid-19.<\/p>\n","protected":false},"author":1,"featured_media":472716,"comment_status":"open","ping_status":"open","sticky":false,"template":"","format":"standard","meta":{"_monsterinsights_skip_tracking":false,"_monsterinsights_sitenote_active":false,"_monsterinsights_sitenote_note":"","_monsterinsights_sitenote_category":0,"footnotes":""},"categories":[5],"tags":[969,90021,80147,43675,57,80963],"class_list":["post-472715","post","type-post","status-publish","format-standard","has-post-thumbnail","hentry","category-estado-de-mexico","tag-atizapan","tag-covid-19","tag-direccion-de-seguridad-publica-y-transito","tag-estado-de-mexico","tag-proteccion-civil","tag-ruth-olvera-nieto"],"_links":{"self":[{"href":"https:\/\/www.diarioimagen.net\/index.php?rest_route=\/wp\/v2\/posts\/472715","targetHints":{"allow":["GET"]}}],"collection":[{"href":"https:\/\/www.diarioimagen.net\/index.php?rest_route=\/wp\/v2\/posts"}],"about":[{"href":"https:\/\/www.diarioimagen.net\/index.php?rest_route=\/wp\/v2\/types\/post"}],"author":[{"embeddable":true,"href":"https:\/\/www.diarioimagen.net\/index.php?rest_route=\/wp\/v2\/users\/1"}],"replies":[{"embeddable":true,"href":"https:\/\/www.diarioimagen.net\/index.php?rest_route=%2Fwp%2Fv2%2Fcomments&post=472715"}],"version-history":[{"count":0,"href":"https:\/\/www.diarioimagen.net\/index.php?rest_route=\/wp\/v2\/posts\/472715\/revisions"}],"wp:featuredmedia":[{"embeddable":true,"href":"https:\/\/www.diarioimagen.net\/index.php?rest_route=\/wp\/v2\/media\/472716"}],"wp:attachment":[{"href":"https:\/\/www.diarioimagen.net\/index.php?rest_route=%2Fwp%2Fv2%2Fmedia&parent=472715"}],"wp:term":[{"taxonomy":"category","embeddable":true,"href":"https:\/\/www.diarioimagen.net\/index.php?rest_route=%2Fwp%2Fv2%2Fcategories&post=472715"},{"taxonomy":"post_tag","embeddable":true,"href":"https:\/\/www.diarioimagen.net\/index.php?rest_route=%2Fwp%2Fv2%2Ftags&post=472715"}],"curies":[{"name":"wp","href":"https:\/\/api.w.org\/{rel}","templated":true}]}}