{"id":472760,"date":"2020-07-02T00:12:08","date_gmt":"2020-07-02T05:12:08","guid":{"rendered":"https:\/\/www.diarioimagen.net\/?p=472760"},"modified":"2020-07-02T04:12:58","modified_gmt":"2020-07-02T09:12:58","slug":"ahi-nomas-para-que-lo-usen-en-el-mundo-y-no-cobra-derechos-de-autor","status":"publish","type":"post","link":"https:\/\/www.diarioimagen.net\/?p=472760","title":{"rendered":"Ah\u00ed nom\u00e1s, para que lo usen en el mundo y no cobra derechos de autor"},"content":{"rendered":"<h2>Tras la puerta del poder<\/h2>\n<h5>Roberto Vizca\u00edno<\/h5>\n<p>&nbsp;<\/p>\n<div id=\"attachment_472829\" style=\"width: 470px\" class=\"wp-caption aligncenter\"><a href=\"https:\/\/www.diarioimagen.net\/?attachment_id=472829\" rel=\"attachment wp-att-472829\"><img loading=\"lazy\" decoding=\"async\" aria-describedby=\"caption-attachment-472829\" class=\"size-large wp-image-472829\" src=\"https:\/\/www.diarioimagen.net\/wp-content\/uploads\/2020\/07\/en-la-ma\u00f1anera-LUIS-XAVIER-460x355.jpg\" alt=\"\" width=\"460\" height=\"355\" srcset=\"https:\/\/www.diarioimagen.net\/wp-content\/uploads\/2020\/07\/en-la-ma\u00f1anera-LUIS-XAVIER-460x355.jpg 460w, https:\/\/www.diarioimagen.net\/wp-content\/uploads\/2020\/07\/en-la-ma\u00f1anera-LUIS-XAVIER-240x185.jpg 240w, https:\/\/www.diarioimagen.net\/wp-content\/uploads\/2020\/07\/en-la-ma\u00f1anera-LUIS-XAVIER.jpg 700w\" sizes=\"auto, (max-width: 460px) 100vw, 460px\" \/><\/a><p id=\"caption-attachment-472829\" class=\"wp-caption-text\">En la ma\u00f1anera&#8230; | Luis Xavier<\/p><\/div>\n<p>&nbsp;<\/p>\n<p>Orgulloso en serio, \u00bfpor qu\u00e9 no?, el presidente <strong>Andr\u00e9s Manuel L\u00f3pez Obrador<\/strong> no se guard\u00f3 el motivo de su desenfado y autoelogio\u2026<\/p>\n<p>\u201cLo nuevo, lo mexicano, lo que estamos aportando en el nuevo modelo econ\u00f3mico es la atenci\u00f3n directa de abajo hacia arriba. Eso no lo contempla el modelo neoliberal, es una aportaci\u00f3n. No vamos a cobrar derechos de autor, es decir, es para que todos puedan utilizar esta experiencia\u201d.<\/p>\n<p>Previamente, en su ma\u00f1anera, adelantaba un poco de su informe que dar\u00eda ayer por la tarde desde Palacio Nacional para el pa\u00eds entero y m\u00e1s all\u00e1.<\/p>\n<p>Y criticaba a Europa y a Estados Unidos por enfrentar las consecuencias econ\u00f3micas de la pandemia con el viejo y gastado -seg\u00fan \u00e9l-, modelo neoliberal de ayudar a las cadenas de producci\u00f3n.<\/p>\n<p>Su modelo econ\u00f3mico, dijo, es distinto y evita el endeudamiento en que est\u00e1n incurriendo pr\u00e1cticamente todos los gobiernos en el mundo.<\/p>\n<p>Explica:<\/p>\n<p><strong>\u201c\u2026 <\/strong>todo lo que estamos haciendo de apoyar abajo como nunca para fortalecer la capacidad de compra de la gente humilde, de la gente pobre, apoyando de abajo hacia arriba.<\/p>\n<p>\u201cLes hablaba yo de cu\u00e1nto destinan los pa\u00edses ricos para la crisis y les dec\u00eda de c\u00f3mo ellos todav\u00eda siguen con el m\u00e9todo de apoyar arriba para que baje y nosotros no, ya no creemos en la teor\u00eda del goteo, de que si llueve fuerte arriba gotea abajo, no, porque se va quedando, no es permeable la riqueza y no llega abajo\u201d.<\/p>\n<p>No, afirm\u00f3 convencido, \u00e9l simplemente no cree que ayudar financiera, fiscalmente a las empresas de todos los niveles sirva para salvar las cadenas de producci\u00f3n y las fuentes de empleo.<\/p>\n<p>Record\u00f3:<\/p>\n<p>\u201cAyer les mencionaba que los pa\u00edses de Europa, los m\u00e1s fuertes, destinaron para enfrentar la crisis, en su esquema de apoyar sobre todo a las empresas, en promedio el cinco por ciento del producto interno nacional de cada pa\u00eds, en promedio.<\/p>\n<p>\u201cEstados Unidos destin\u00f3 el 13 por ciento, estamos hablando de m\u00e1s de tres billones de d\u00f3lares; entonces, por vecindad, adem\u00e1s por nuestra relaci\u00f3n, esa derrama econ\u00f3mica nos ayuda, eso explica el por qu\u00e9 no se nos caen las remesas, entre otras cosas. Entonces, por eso estoy optimista, por eso creo que pronto vamos a salir adelante\u201d.<\/p>\n<p>Pero lo cierto es que \u00e9l no ir\u00eda por ese mismo camino, dijo.<\/p>\n<p>\u201c\u2026 usted reiter\u00f3 que M\u00e9xico ya toc\u00f3 fondo y ahora toca una recuperaci\u00f3n que usted define como una \u2018V\u2019, pregunt\u00f3 una reportera a lo que respondi\u00f3:<\/p>\n<p>\u201cS\u00ed, yo creo que vamos a salir pronto. Yo creo que el peor mes en lo que tiene que ver con la econom\u00eda fue abril, de acuerdo a nuestros indicadores, sobre todo por desempleo. Repito, en abril se perdieron 555 mil empleos de trabajadores inscritos en el Seguro Social, ya mayo fue menor, fueron 345 mil, y en junio no vamos a llegar a 100 mil empleos perdidos.<\/p>\n<p>\u201cEntonces, considero que julio, si no crecemos, se va a mantener y a partir de ah\u00ed vamos a generar m\u00e1s empleos, ese es un indicador\u201d, se\u00f1al\u00f3.<\/p>\n<p>Todo ello, a pesar de que ayer mismo Inegi report\u00f3 ya una de las peores ca\u00eddas de la econom\u00eda mexicana.<\/p>\n<p>A \u00e9l nada le quita la esperanza y el buen humor, afirm\u00f3:<\/p>\n<p>\u201cTambi\u00e9n me alienta mucho el conocer que, a pesar de la crisis, en el peor mes, en abril, las remesas pr\u00e1cticamente fueron las mismas de abril del a\u00f1o pasado en d\u00f3lares, con una diferencia, con un d\u00f3lar m\u00e1s caro, pero fue lo mismo; y ya mayo, de acuerdo a informaci\u00f3n que tengo, va a ser mayor el volumen de remesas que mayo del a\u00f1o pasado; junio lo mismo. Entonces, esto alienta.<\/p>\n<p>\u201cAdem\u00e1s, viene, repito, lo del tratado\u2026 esto sin duda nos va a significar inversi\u00f3n for\u00e1nea, inversi\u00f3n extranjera, empleos, m\u00e1s comercio con Estados Unidos\u201d, indic\u00f3.<\/p>\n<p>Y ya sabe usted, tambi\u00e9n cree que, \u201ctan bien que \u00edbamos, porque el peso se estaba fortaleciendo, est\u00e1bamos sentando las bases para el crecimiento, la econom\u00eda, aumento del salario m\u00ednimo como nunca; entonces, viene la pandemia y afecta, sin duda. Son de las cosas que estamos enfrentando\u201d.<\/p>\n<p>Interrogado sobre las tres cosas que m\u00e1s le han satisfecho a 2 a\u00f1os de su triunfo, revel\u00f3 que lo que \u201cm\u00e1s me satisfacen es, primero, la atenci\u00f3n a los pobres, eso me fortalece mucho en lo interno, en lo espiritual.<\/p>\n<p>\u201cSegundo, el combate a la corrupci\u00f3n. Eso tambi\u00e9n es important\u00edsimo porque estoy convencido de que se trata de la peste, hablando en t\u00e9rminos de epidemias, la peste m\u00e1s funesta que ha afectado a M\u00e9xico. Entonces, me siendo muy orgulloso de estar encabezando una lucha frontal contra la corrupci\u00f3n, el que tengamos como objetivo desterrar la corrupci\u00f3n de M\u00e9xico.<\/p>\n<p>\u201cY lo tercero que me satisface es que no hemos reprimido al pueblo, de que no encabezo un gobierno autoritario, que no hemos participado en violaciones de derechos humanos, que no ha habido masacres, que no se ha utilizado al Ej\u00e9rcito ni a la Marina ni a los cuerpos de seguridad para reprimir a los mexicanos\u201d.<\/p>\n<p>No es euforia, aunque se le parece. \u00c9l y los suyos felices. Afirman que, a 2 a\u00f1os de haber ganado, todo va bien a pesar de que todos los dem\u00e1s dicen que no, que esto no s\u00f3lo va mal, sino a peor.<\/p>\n<p>Quiz\u00e1 si exportamos el modelo nos vaya mejor\u2026<\/p>\n<p style=\"text-align: center;\"><strong>EL T-MEC no es la panacea: Monreal<\/strong><\/p>\n<p>Prudente como suele ser, <strong>Ricardo Monreal<\/strong> l\u00edder de la mayor\u00eda de Morena en el Senado, en un contrapunto considera que el T-MEC si bien es el instrumento econ\u00f3mico m\u00e1s importante de la \u00faltima etapa del M\u00e9xico moderno, \u201cno es la panacea\u201d.<\/p>\n<p>Servir\u00e1 sin duda, dijo, para reconstruir la devastada econom\u00eda, redise\u00f1ar todo el proyecto y el modelo econ\u00f3mico, as\u00ed como para la generaci\u00f3n y recuperaci\u00f3n del empleo, pero se requerir\u00e1 de un gran esfuerzo adicional interno.<\/p>\n<p>Sin duda, agreg\u00f3, el T-MEC ser\u00e1 un factor importante en la recuperaci\u00f3n econ\u00f3mica de nuestros socios comerciales, Canad\u00e1 y Estados Unidos, al promover acciones que favorezcan que el bloque comercial m\u00e1s grande del mundo logre consolidarse.<\/p>\n<p>En un videomensaje, subido a redes sociales, record\u00f3 que diputados y senadores de todas las fuerzas pol\u00edticas lograron importantes reformas para armonizar las leyes con la puesta en marcha del nuevo tratado comercial.<\/p>\n<p>A partir de eso, agreg\u00f3, estas leyes ser\u00e1n perfectibles.<\/p>\n<p>Record\u00f3 que fue en septiembre de 2018, cuando el Senado mexicano recibi\u00f3 el primer texto del nuevo T-MEC. Desde entonces, se logr\u00f3 aprobar todo un conjunto de leyes que apoyar\u00e1n su puesta en marcha.<\/p>\n<p>Revel\u00f3 que eso fue posible gracias a un proceso en que se escuch\u00f3 la opini\u00f3n de expertos, acad\u00e9micos, empresarios y sociedad en general, para poder contar con un acuerdo renovado, y alcanzar las expectativas en las \u00e1reas de oportunidad que siguen pendientes a 26 a\u00f1os de que inici\u00f3 el TLCAN.<\/p>\n<p>La labor legislativa en ambas c\u00e1maras, afirm\u00f3, se ubic\u00f3 en el beneficio del pa\u00eds, y se hicieron de lado intereses personales o partidistas.<\/p>\n<p>En los grupos parlamentarios y sus coordinadores, afirm\u00f3, siempre existi\u00f3 \u201cuna actitud plausible de cerrar filas en el estado nacional para construir este andamiaje jur\u00eddico y poder otorgarle a los empresarios, al sector econ\u00f3mico, la posibilidad de vincularse en el \u00e1rea geogr\u00e1fica m\u00e1s importante y comercializar nuestros productos o intercambiar mercanc\u00edas en esta zona\u201d.<\/p>\n<p>Al ser \u00e9ste un tratado renovado, se convierte en una herramienta fundamental para la reactivaci\u00f3n de la econom\u00eda y el empleo en los tres pa\u00edses, pues ser\u00e1 promotor de acciones en favor del bloque comercial m\u00e1s grande del mundo, y al que Monreal defini\u00f3 como el instrumento econ\u00f3mico m\u00e1s importante de la \u00faltima etapa del M\u00e9xico moderno, concluy\u00f3.<\/p>\n<p><em><a href=\"mailto:rvizcainoa@gmail.com\" target=\"_blank\" rel=\"noopener noreferrer\">rvizcainoa@gmail.com<\/a><br \/>\n<u><a href=\"http:\/\/endirecto.mx\" target=\"_blank\" rel=\"noopener noreferrer\">www.endirecto.mx<\/a><br \/>\n<a href=\"https:\/\/twitter.com\/_rvizcaino\" target=\"_blank\" rel=\"noopener noreferrer\">@_RVizcaino<\/a><br \/>\n<a href=\"https:\/\/www.facebook.com\/rvizcainoa\" target=\"_blank\" rel=\"noopener noreferrer\">facebook.com\/rvizcainoa<\/a><\/u><\/em><\/p>\n","protected":false},"excerpt":{"rendered":"<p><span style=\"color: #005497;\"><strong>Roberto Vizca\u00edno<\/strong><\/span><br \/>\n<br \/>\nOrgulloso en serio, \u00bfpor qu\u00e9 no?, el presidente <strong>Andr\u00e9s Manuel L\u00f3pez Obrador<\/strong> no se guard\u00f3 el motivo de su desenfado y autoelogio\u2026<\/p>\n","protected":false},"author":3,"featured_media":472829,"comment_status":"open","ping_status":"open","sticky":false,"template":"","format":"standard","meta":{"_monsterinsights_skip_tracking":false,"_monsterinsights_sitenote_active":false,"_monsterinsights_sitenote_note":"","_monsterinsights_sitenote_category":0,"footnotes":""},"categories":[136],"tags":[43674,93,94],"class_list":["post-472760","post","type-post","status-publish","format-standard","has-post-thumbnail","hentry","category-roberto-vizcaino-opinion","tag-opinion","tag-roberto-vizcaino","tag-tras-la-puerta-del-poder"],"_links":{"self":[{"href":"https:\/\/www.diarioimagen.net\/index.php?rest_route=\/wp\/v2\/posts\/472760","targetHints":{"allow":["GET"]}}],"collection":[{"href":"https:\/\/www.diarioimagen.net\/index.php?rest_route=\/wp\/v2\/posts"}],"about":[{"href":"https:\/\/www.diarioimagen.net\/index.php?rest_route=\/wp\/v2\/types\/post"}],"author":[{"embeddable":true,"href":"https:\/\/www.diarioimagen.net\/index.php?rest_route=\/wp\/v2\/users\/3"}],"replies":[{"embeddable":true,"href":"https:\/\/www.diarioimagen.net\/index.php?rest_route=%2Fwp%2Fv2%2Fcomments&post=472760"}],"version-history":[{"count":0,"href":"https:\/\/www.diarioimagen.net\/index.php?rest_route=\/wp\/v2\/posts\/472760\/revisions"}],"wp:featuredmedia":[{"embeddable":true,"href":"https:\/\/www.diarioimagen.net\/index.php?rest_route=\/wp\/v2\/media\/472829"}],"wp:attachment":[{"href":"https:\/\/www.diarioimagen.net\/index.php?rest_route=%2Fwp%2Fv2%2Fmedia&parent=472760"}],"wp:term":[{"taxonomy":"category","embeddable":true,"href":"https:\/\/www.diarioimagen.net\/index.php?rest_route=%2Fwp%2Fv2%2Fcategories&post=472760"},{"taxonomy":"post_tag","embeddable":true,"href":"https:\/\/www.diarioimagen.net\/index.php?rest_route=%2Fwp%2Fv2%2Ftags&post=472760"}],"curies":[{"name":"wp","href":"https:\/\/api.w.org\/{rel}","templated":true}]}}