{"id":472783,"date":"2020-07-02T00:02:43","date_gmt":"2020-07-02T05:02:43","guid":{"rendered":"https:\/\/www.diarioimagen.net\/?p=472783"},"modified":"2020-07-02T02:07:19","modified_gmt":"2020-07-02T07:07:19","slug":"se-queja-amargamente-amlo-de-ser-el-presidente-mas-atacado","status":"publish","type":"post","link":"https:\/\/www.diarioimagen.net\/?p=472783","title":{"rendered":"Se queja amargamente AMLO de ser el Presidente m\u00e1s atacado"},"content":{"rendered":"<h2>La Retaguardia<\/h2>\n<h5>Adriana Moreno Cordero<\/h5>\n<p><strong>\u00a0<\/strong><\/p>\n<ul>\n<li><strong><em>\u201cEl pasado es un lugar de referencia, m\u00e1s no de residencia\u201d: Romero Hicks <\/em><\/strong><\/li>\n<\/ul>\n<p><strong><em>\u00a0<\/em><\/strong><\/p>\n<p>Por la pandemia de Covid-19, el presidente <strong>Andr\u00e9s Manuel L\u00f3pez Obrador<\/strong> no pudo celebrar dos a\u00f1os de su triunfo en las elecciones presidenciales como \u00e9l hubiera querido; en la plancha del Z\u00f3calo capitalino, con mares de gente areng\u00e1ndolo y que el tabasque\u00f1o contara con los motivos suficientes para refrendar que en M\u00e9xico, su tan llevada y tra\u00edda Cuarta Transformaci\u00f3n, va.<\/p>\n<p>Al contrario, el escenario se le present\u00f3 nada halag\u00fce\u00f1o y en todo caso, la contingencia sanitaria le vino como \u201canillo al dedo\u201d, pero para justificar sus muchos errores y omisiones. Aun as\u00ed, el tabasque\u00f1o sigue a pie juntillas aquel famoso refr\u00e1n que dice que \u201cno hay peor ciego que el que no quiere ver\u201d, porque con una popularidad que va a la baja, -el 47 por ciento, de acuerdo a recientes encuestas, cuando al inicio de su administraci\u00f3n lleg\u00f3 a alcanzar casi el 70 por ciento-, dice a voz en cuello que la crisis que ya de por si, tra\u00eda nuestro pa\u00eds \u201cgracias\u201d a sus erradas pol\u00edticas, ya se est\u00e1 empezando a superar. Nada m\u00e1s falso o son, como dicen sus m\u00e1s serviles voceros, \u201cmentiras falsas\u201d.<\/p>\n<p>El mandatario se niega tambi\u00e9n a ver los magros o m\u00e1s bien nulos resultados de su administraci\u00f3n en todos los campos, as\u00ed como su discurso vehemente y polarizante carente de todo sustento. Con raz\u00f3n, la mayor\u00eda de las evaluaciones sobre esta llamada Cuarta Transformaci\u00f3n son, al igual que su popularidad, a la baja, y as\u00ed seguir\u00e1.<\/p>\n<p>Muy acertado, sin duda, lo que dijo el coordinador de la fracci\u00f3n del PAN en la C\u00e1mara de Diputados, <strong>Juan Carlos Romero Hicks<\/strong>, quien al evaluar el p\u00e9simo desempe\u00f1o del Presidente, explic\u00f3 que si bien L\u00f3pez Obrador efectivamente gan\u00f3 por mayor\u00eda, a dos a\u00f1os de distancia la econom\u00eda, la salud, la seguridad y otros rubros se encuentran en su peor momento, agreg\u00f3 que, \u201c\u00e9sta es una d\u00e9cada perdida, hoy necesitamos un estadista\u2026\u201d. Un consejo le dio el exgobernador de Guanajuato al Ejecutivo que deber\u00eda tomar en cuenta: \u201cun Presidente que no entiende que el pasado no es un lugar de referencia, m\u00e1s no de residencia\u201d.<\/p>\n<p>Esto \u00faltimo, por aquello de que tanto el mandatario como su gabinete,- tan condescendiente que suele ser con su jefe-, se la pasan haciendo referencia a la \u00e9poca que ellos llaman neoliberal, el pasado, que en esta llamada Cuarta Transformaci\u00f3n se ha perfilado como el cruel enemigo culpable de todo, porque no tienen otro recurso al cual aferrarse para justificar su evidente incompetencia.<\/p>\n<p>Aquella noche del 1 de julio de 2018, con la euforia de los seguidores del Presidente en su m\u00e1xima expresi\u00f3n, \u00e9ste les prometi\u00f3: \u201cNo les voy a fallar, no se van a decepcionar, soy muy consciente de mi responsabilidad hist\u00f3rica, no quiero pasar a la historia como un mal Presidente\u201d.<\/p>\n<p>\u00a1Qui\u00e9n lo dir\u00eda!, apenas dos a\u00f1os despu\u00e9s, ahora L\u00f3pez Obrador se queja amargamente de ser el Presidente m\u00e1s atacado de los \u00faltimos 100 a\u00f1os. Probablemente el tabasque\u00f1o no tiene la informaci\u00f3n de que cuando su antecesor, <strong>Enrique Pe\u00f1a Nieto<\/strong>, termin\u00f3 su gesti\u00f3n, lo hizo con apenas con el 10 por ciento de credibilidad y siendo motivo de la mofa colectiva. Antes, diversos analistas coincid\u00edan en se\u00f1alar que <strong>Gustavo D\u00edaz Ordaz<\/strong> hab\u00eda sido el Presidente m\u00e1s cuestionado y se\u00f1alado, objeto de todo tipo de burlas y condenas.<\/p>\n<p>Aqu\u00ed la pregunta es: \u00bfc\u00f3mo llegar\u00e1 L\u00f3pez Obrador, por ejemplo al quinto a\u00f1o de su administraci\u00f3n?, m\u00e1s aun dada su obstinaci\u00f3n por presumir de que pese a los ataques que ha recibido, por toda respuesta \u201ces la libertad y no la censura\u201d, otra m\u00e1s de sus \u201cmentiras falsas\u201d, y las que faltan.<\/p>\n<p style=\"text-align: center;\"><strong>Municiones<\/strong><\/p>\n<p>*** Oaxaca, estado que gobierna <strong>Alejandro Murat<\/strong>, -que por cierto ha recorrido los municipios m\u00e1s afectados por el temblor de la semana pasada apoyando a la poblaci\u00f3n afectada-, se sum\u00f3 a la lista de destinos mexicanos que obtienen el Sello de Seguridad Global (<em>Global Safety Stamp<\/em>), que otorga el Consejo Mundial de Viajes y Turismo (WTTC, por sus siglas en ingl\u00e9s), y que contribuir\u00e1 a recuperar la confianza de las y los viajeros. As\u00ed, en preparaci\u00f3n para la reapertura, la entidad se sum\u00f3 a los protocolos de sanidad e higiene del Consejo Mundial de Viajes y Turismo. As\u00ed, en preparaci\u00f3n para la reapertura, se espera que la entidad oaxaque\u00f1a pueda celebrar el pr\u00f3ximo mes de diciembre su fiesta m\u00e1s tradicional, La Guelaguetza.<\/p>\n<p>*** Muy interesante, la declaraci\u00f3n que hizo el coordinador que de la bancada del PAN en el Senado de la Rep\u00fablica, <strong>Mauricio Kuri<\/strong>, quien de manera textual, al evaluar la actual administraci\u00f3n dijo: \u201cRespecto a los funcionarios del pa\u00eds, yo considero, y lo digo de forma personal\u00edsima, que hay dos personas con mucha capacidad y con responsabilidad, desde mi punto de vista en el gabinete del Presidente, que te puedo decir que el Consejero Jur\u00eddico, <strong>Julio Scherer<\/strong> y, tambi\u00e9n, desde mi punto de vista, <strong>Marcelo Ebrard<\/strong>, como canciller. Creo que son personas con las capacidades suficientes\u201d. \u00bfPor qu\u00e9 ser\u00e1?, se empez\u00f3 a comentar en los corrillos legislativos.<\/p>\n<p>*** El diputado panista, <strong>Hern\u00e1n Salinas Wolberg<\/strong>, en su calidad de secretario de la Comisi\u00f3n de Energ\u00eda, cuestion\u00f3 que 18 meses despu\u00e9s de iniciada esta llamada Cuarta Transformaci\u00f3n, el Presidente se dedique a atacar a la iniciativa privada acusando presuntas irregularidades y ni presenta denuncias, ni pruebas de los supuestos abusos en los contratos de generadores privados de energ\u00edas. Lo recomendable es que el tabasque\u00f1o deje de \u201cespantar con el petate del muerto\u201d a los inversionistas, \u00bfo no?<\/p>\n<p>*** Con la barba crecida, en su confinamiento por haber dado positivo al Covid-19, el secretario de Hacienda y Cr\u00e9dito P\u00fablico, <strong>Arturo Herrera<\/strong>, asegur\u00f3 que el T-MEC, \u201ccon todo lo nuevo que tiene, solamente representa la base jur\u00eddica a partir de la cual construiremos esta nueva realidad\u201d, por lo que, sugiri\u00f3: \u201ctenemos que buscar y crear las condiciones adecuadas para generar y buscar inversiones nuevas en nuestro pa\u00eds; lo tenemos que hacer el gobierno, lo tenemos que hacer de manera bilateral, y tambi\u00e9n lo haremos de la mano del sector privado\u201d. Lo m\u00e1s probable es que el Presidente le enmiende la plana, y no es la primera vez, al responsable de la pol\u00edtica econ\u00f3mica, pues el tabasque\u00f1o solo ve recuperaci\u00f3n y felicidad.<\/p>\n<p><u><a href=\"mailto:morcora@gmail.com\" target=\"_blank\" rel=\"noopener noreferrer\"><em>morcora@gmail.com<\/em><\/a><\/u><\/p>\n","protected":false},"excerpt":{"rendered":"<p><span style=\"color: #005497;\"><strong>Adriana Moreno Cordero<\/strong><\/span><\/p>\n","protected":false},"author":3,"featured_media":0,"comment_status":"open","ping_status":"open","sticky":false,"template":"","format":"standard","meta":{"_monsterinsights_skip_tracking":false,"_monsterinsights_sitenote_active":false,"_monsterinsights_sitenote_note":"","_monsterinsights_sitenote_category":0,"footnotes":""},"categories":[69370],"tags":[69369,69368,43674],"class_list":["post-472783","post","type-post","status-publish","format-standard","hentry","category-adriana-moreno-cordero","tag-adriana-moreno-cordero","tag-la-retaguardia","tag-opinion"],"_links":{"self":[{"href":"https:\/\/www.diarioimagen.net\/index.php?rest_route=\/wp\/v2\/posts\/472783","targetHints":{"allow":["GET"]}}],"collection":[{"href":"https:\/\/www.diarioimagen.net\/index.php?rest_route=\/wp\/v2\/posts"}],"about":[{"href":"https:\/\/www.diarioimagen.net\/index.php?rest_route=\/wp\/v2\/types\/post"}],"author":[{"embeddable":true,"href":"https:\/\/www.diarioimagen.net\/index.php?rest_route=\/wp\/v2\/users\/3"}],"replies":[{"embeddable":true,"href":"https:\/\/www.diarioimagen.net\/index.php?rest_route=%2Fwp%2Fv2%2Fcomments&post=472783"}],"version-history":[{"count":0,"href":"https:\/\/www.diarioimagen.net\/index.php?rest_route=\/wp\/v2\/posts\/472783\/revisions"}],"wp:attachment":[{"href":"https:\/\/www.diarioimagen.net\/index.php?rest_route=%2Fwp%2Fv2%2Fmedia&parent=472783"}],"wp:term":[{"taxonomy":"category","embeddable":true,"href":"https:\/\/www.diarioimagen.net\/index.php?rest_route=%2Fwp%2Fv2%2Fcategories&post=472783"},{"taxonomy":"post_tag","embeddable":true,"href":"https:\/\/www.diarioimagen.net\/index.php?rest_route=%2Fwp%2Fv2%2Ftags&post=472783"}],"curies":[{"name":"wp","href":"https:\/\/api.w.org\/{rel}","templated":true}]}}