{"id":472788,"date":"2020-07-02T00:04:44","date_gmt":"2020-07-02T05:04:44","guid":{"rendered":"https:\/\/www.diarioimagen.net\/?p=472788"},"modified":"2020-07-02T02:12:21","modified_gmt":"2020-07-02T07:12:21","slug":"no-se-mandaban-solos-o-si","status":"publish","type":"post","link":"https:\/\/www.diarioimagen.net\/?p=472788","title":{"rendered":"No se mandaban solos, \u00bfo s\u00ed?"},"content":{"rendered":"<h2>Punto por punto<\/h2>\n<h5>Augusto Corro<\/h5>\n<p>&nbsp;<\/p>\n<p>Parece que ahora si va la justicia contra los corruptos y mentirosos del sexenio del presidente Enrique Pe\u00f1a Nieto. Lo que est\u00e1 en firme es el traslado a M\u00e9xico del ex director de Pemex, Emilio Lozoya Austin, quien se encuentra en una prisi\u00f3n espa\u00f1ola, se le juzgar\u00e1 por los millones de d\u00f3lares que recibi\u00f3 de la empresa Odebrecht para la campa\u00f1a presidencial del mexiquense. El favor se pagar\u00eda cuando el propio Lozoya ocupara un alto cargo en el gabinete pe\u00f1ista. Tambi\u00e9n, el que fuera director de Pemex tendr\u00e1 que responder de la compra fraudulenta de la empresa Agronitrogenados al empresario Alonso Ancira, tambi\u00e9n recluido en una c\u00e1rcel espa\u00f1ola. El fiscal general de la Rep\u00fablica, Alejandro Gertz Manero, inform\u00f3 que el ex funcionario decidi\u00f3 entregarse a las autoridades mexicanas\u00a0 y aceptar su extradici\u00f3n desde Espa\u00f1a. Desde su captura, el 12 de febrero, se especul\u00f3 sobre su responsabilidad del manejo de recursos de procedencia il\u00edcita. \u00bfSus jefes o su jefe inmediato aceptaron ese negocio ilegal, que lo convirti\u00f3 en c\u00f3mplice? En el juicio, esta pregunta ser\u00e1 respondida con precisi\u00f3n. Ya el ex abogado de Lozoya, Javier Coello Trejo, en una ocasi\u00f3n dijo, al tratar el tema, que su cliente no se manejaba solo. Estas palabras se entendieron como un mensaje de advertencia a Pe\u00f1a Nieto o al ex secretario de Energ\u00eda, Pedro Joaqu\u00edn Coldwell. \u00bfSupo o no supo Pe\u00f1a Nieto de ese regalo ilegal, de millones de d\u00f3lares para su campa\u00f1a electoral? \u00bfEl brazo de la ley se alargar\u00e1 lo suficiente hasta alcanzar al pol\u00edtico mexiquense? \u00bfPe\u00f1a Nieto y Lozoya son los \u00fanicos personajes relacionados con el caso Odebrecht?<\/p>\n<p>Por otra parte, el fiscal general de la Rep\u00fablica, Alejandro Gertz Manero, dio por terminada la denominada \u201cverdad hist\u00f3rica\u201d, es decir, el relato oficial de lo ocurrido a los 43 normalistas de Ayotzinapa aquella noche del 26 de septiembre y la madrugada del 27, en 2014, en Iguala, Guerrero. El impacto de ese secuestro colectivo estremeci\u00f3 de horror a la sociedad mexicana, porque a partir de esa fecha se desconoce el paradero de los j\u00f3venes. Al anunciar el fin de esa mentira, el representante\u00a0 inform\u00f3 que existen 46 nuevas \u00f3rdenes de aprehensi\u00f3n contra servidores p\u00fablicos de diversos municipios guerrerenses, por los delitos de desaparici\u00f3n forzada y delincuencia organizada: adem\u00e1s del\u00a0 env\u00edo de restos a la Universidad de Innsbruck para su identificaci\u00f3n, as\u00ed como la colaboraci\u00f3n de la Interpol, para la captura del extitular de la Agencia de Investigaci\u00f3n Criminal (AIC), Tom\u00e1s Zer\u00f3n de Lucio. Declar\u00f3 Gertz Manero que los mencionados delitos no hab\u00edan sido ni investigados ni judicializados. Parte de la verdad hist\u00f3rica apuntaba en que los narcotraficantes, creyendo que los j\u00f3venes ser\u00edan de un c\u00e1rtel rival, los habr\u00edan matado para luego incinerar sus cuerpos en un basurero y arrojar las cenizas a un r\u00edo. Para el 27 de enero de 2015, la Fiscal\u00eda mexicana sostuvo que ya se ten\u00eda \u201ccerteza legal\u201d de que los 43 estudiantes que desaparecieron en septiembre, en Guerrero, fueron asesinados por sicarios del narcotr\u00e1fico. Esa mentir\u00e1 fue invenci\u00f3n de Zer\u00f3n de Lucio.<\/p>\n<p>Si bien es cierto que tanto Emilio Lozoya en el caso de los \u201cdonativos\u201d de Odebrecht y Zer\u00f3n de Lucio era funcionarios importantes en el organigrama de la funci\u00f3n p\u00fablica, por arriba de ellos se encontraban sus jefes, sus superiores, que ten\u00edan que aprobar o reprobar la conducta de sus colaboradores. \u00bfQu\u00e9 hizo Lozoya con los millones de d\u00f3lares que le entreg\u00f3 la constructora extranjera? \u00bfRealmente el dinero fue a parar a la campa\u00f1a electoral de Pe\u00f1a Nieto? \u00bfLa cadena delincuencial termin\u00f3 en Lozoya. Pag\u00f3 los favores a sus benefactores? \u00bfMolestar\u00e1n al ex presidente Pe\u00f1a Nieto con un citatorio para confirmar o negar alguna acusaci\u00f3n en su contra\u00a0 en el espinoso juicio a Lozoya por el manejo de recursos de procedencia il\u00edcita? En el tema de los normalistas de Ayotzinapa se empieza a ver una luz al final del t\u00fanel. En cuanto se conoci\u00f3 la noticia del secuestro m\u00faltiple el gobierno federal guard\u00f3 silencio por varios d\u00edas, hasta que la\u00a0 presi\u00f3n de la opini\u00f3n p\u00fablica lo oblig\u00f3 a algunos pronunciamientos apoyados en las mentiras. En esto jug\u00f3 un papel importante Zer\u00f3n de Lucio, que, inclusive, llev\u00f3 a uno de los presuntos implicados a la rivera de un r\u00edo, en Guerrero, para armar su historia falsa, que el entonces procurador Jes\u00fas Murillo Karam la dio a conocer p\u00fablicamente como la \u201cverdad hist\u00f3rica\u201d irrefutable. \u00bfA qui\u00e9n de los funcionarios citados obligaron a aceptar la mentira? \u00bfO es que estos se mandaban solos, como se dice coloquialmente? \u00bfPe\u00f1a Nieto tendr\u00e1 algo que decir sobre el comportamiento de sus subordinados? \u00bfUsted qu\u00e9 opina amable lector?<\/p>\n<p><span class=\"Apple-converted-space\"><em><u><a href=\"mailto:aco2742@hotmail.com\" target=\"_blank\" rel=\"noopener noreferrer\">aco2742@hotmail.com<\/a><\/u><\/em><\/span><\/p>\n","protected":false},"excerpt":{"rendered":"<p><span style=\"color: #005497;\"><strong>Augusto Corro<\/strong><\/span><\/p>\n","protected":false},"author":3,"featured_media":0,"comment_status":"open","ping_status":"open","sticky":false,"template":"","format":"standard","meta":{"_monsterinsights_skip_tracking":false,"_monsterinsights_sitenote_active":false,"_monsterinsights_sitenote_note":"","_monsterinsights_sitenote_category":0,"footnotes":""},"categories":[157],"tags":[43686,43674,11515],"class_list":["post-472788","post","type-post","status-publish","format-standard","hentry","category-augusto-corro","tag-augusto-corro","tag-opinion","tag-punto-por-punto"],"_links":{"self":[{"href":"https:\/\/www.diarioimagen.net\/index.php?rest_route=\/wp\/v2\/posts\/472788","targetHints":{"allow":["GET"]}}],"collection":[{"href":"https:\/\/www.diarioimagen.net\/index.php?rest_route=\/wp\/v2\/posts"}],"about":[{"href":"https:\/\/www.diarioimagen.net\/index.php?rest_route=\/wp\/v2\/types\/post"}],"author":[{"embeddable":true,"href":"https:\/\/www.diarioimagen.net\/index.php?rest_route=\/wp\/v2\/users\/3"}],"replies":[{"embeddable":true,"href":"https:\/\/www.diarioimagen.net\/index.php?rest_route=%2Fwp%2Fv2%2Fcomments&post=472788"}],"version-history":[{"count":0,"href":"https:\/\/www.diarioimagen.net\/index.php?rest_route=\/wp\/v2\/posts\/472788\/revisions"}],"wp:attachment":[{"href":"https:\/\/www.diarioimagen.net\/index.php?rest_route=%2Fwp%2Fv2%2Fmedia&parent=472788"}],"wp:term":[{"taxonomy":"category","embeddable":true,"href":"https:\/\/www.diarioimagen.net\/index.php?rest_route=%2Fwp%2Fv2%2Fcategories&post=472788"},{"taxonomy":"post_tag","embeddable":true,"href":"https:\/\/www.diarioimagen.net\/index.php?rest_route=%2Fwp%2Fv2%2Ftags&post=472788"}],"curies":[{"name":"wp","href":"https:\/\/api.w.org\/{rel}","templated":true}]}}