{"id":472789,"date":"2020-07-02T00:03:33","date_gmt":"2020-07-02T05:03:33","guid":{"rendered":"https:\/\/www.diarioimagen.net\/?p=472789"},"modified":"2020-07-02T02:13:59","modified_gmt":"2020-07-02T07:13:59","slug":"2-anos-3-precandidatos","status":"publish","type":"post","link":"https:\/\/www.diarioimagen.net\/?p=472789","title":{"rendered":"2 a\u00f1os, \u00bf3 precandidatos?"},"content":{"rendered":"<h2>Espacio Electoral<\/h2>\n<h5>Eleazar Flores<\/h5>\n<p>&nbsp;<\/p>\n<p><strong>RE\u00b4QUE TE BIEN<\/strong>.- Con pocos pros y muchos contras llega al segundo a\u00f1o de su inobjetable triunfo el presidente Andr\u00e9s Manuel L\u00f3pez Obrador. Para algunos los dos a\u00f1os m\u00e1s dif\u00edciles y para otros los mejores \u201cestamos viviendo el peor momento con el mejor gobierno\u201d dice que dicen.<\/p>\n<p>Esos pros y contras se reflejan hasta en las encuestas pues mientras el diario espa\u00f1ol El Pa\u00eds, -atacado por AMLO la semana pasada-, le da 68% de aprobaci\u00f3n, Consulta MItofsky le da 53 % de desaprobaci\u00f3n. Los factores de esta empresa son por la forma en que se han manejado econom\u00eda, inseguridad, desempleo y sobre todo el Coronavirus.<\/p>\n<p>Conocedor como pocos de la pol\u00edtica mexicana, AMLO, sin decirlo y hasta neg\u00e1ndolo, por tener \u201cotros datos\u201d, prepara ya su sucesi\u00f3n, no obstante, que en la ceremonia de ayer por la tarde en Palacio Nacional no haya tocado el tema, ni ten\u00eda motivo para hacerlo, trat\u00e1ndose de la fiesta del Movimiento de Regeneraci\u00f3n Nacional<\/p>\n<p><strong>ESCENARIOS<\/strong>.- A dos a\u00f1os del triunfo morenista y a a\u00f1o y medio del gobierno obradorista, para los observadores hoy hay tres aspirantes con desempe\u00f1os aceptables para el due\u00f1o de la divisa, como para aspirar a sucederlo. Se advierte sin embargo que si algo caracteriza a la pol\u00edtica es lo cambiante de la misma, por lo que nada es definitivo.<\/p>\n<p><strong>NOMBRES<\/strong>.- Por ahora los de mejor desempe\u00f1o son el secretario de Relaciones Exteriores Marcelo Ebrard Casaub\u00f3n, el l\u00edder del Senado Ricardo Monreal \u00c1vila y la jefa de gobierno de la capital de la rep\u00fablica Claudia Sheinbaum Pardo, la m\u00e1s\u00a0 joven de los dos y la \u00fanica aliada de AMLO como jefa de obras p\u00fablicas en la jefatura de gobierno.<\/p>\n<p>Marcelo fue quien en su momento declin\u00f3 la candidatura presidencial por parte del PRD, justamente en favor de L\u00f3pez Obrador, por lo que podr\u00eda ser el momento de \u201ccobrar\u201d la factura, adem\u00e1s de que como canciller ha sido excelente \u201ccomprador\u201d emergente de insumos, como las pipas cuando la cr\u00edtica escasez de gasolina y los cubre2bocas chinos al inicio de la pandemia.<\/p>\n<p>El zacatecano Ricardo Monreal es el m\u00e1s d\u00f3cil colaborador de primer nivel de los citados y se supone que esto tendr\u00e1 su premio, como el del liderazgo senatorial cuando encabezando encuestas para la jefatura de gobierno, su hoy jefe ten\u00eda \u201cotros datos\u201d en los que punteaba Sheinbaum. Hasta se habl\u00f3 de una candidatura de Monreal con otros partidos. Todo se calm\u00f3<\/p>\n<p>La m\u00e1s identificada con AMLO es la jefa de gobierno Claudia Sheinbaum, constructora de los segundos pisos en los noventas. En eventos y declaraciones, el mandatario ha dado\u00a0 respaldo ilimitado a Claudia, quien despierta recelos por lo mismo. \u00bfCambiar\u00e1n las cosas?<\/p>\n<p><a href=\"mailto:elefa44@gmail.com\" target=\"_blank\" rel=\"noopener noreferrer\"><em>lefa44@gmail.com<\/em><\/a><\/p>\n","protected":false},"excerpt":{"rendered":"<p><span style=\"color: #005497;\"><strong>Eleazar Flores<\/strong><\/span><\/p>\n","protected":false},"author":3,"featured_media":0,"comment_status":"open","ping_status":"open","sticky":false,"template":"","format":"standard","meta":{"_monsterinsights_skip_tracking":false,"_monsterinsights_sitenote_active":false,"_monsterinsights_sitenote_note":"","_monsterinsights_sitenote_category":0,"footnotes":""},"categories":[81743],"tags":[81744,81776,43674],"class_list":["post-472789","post","type-post","status-publish","format-standard","hentry","category-eleazar-flores","tag-eleazar-flores","tag-espacio-electoral","tag-opinion"],"_links":{"self":[{"href":"https:\/\/www.diarioimagen.net\/index.php?rest_route=\/wp\/v2\/posts\/472789","targetHints":{"allow":["GET"]}}],"collection":[{"href":"https:\/\/www.diarioimagen.net\/index.php?rest_route=\/wp\/v2\/posts"}],"about":[{"href":"https:\/\/www.diarioimagen.net\/index.php?rest_route=\/wp\/v2\/types\/post"}],"author":[{"embeddable":true,"href":"https:\/\/www.diarioimagen.net\/index.php?rest_route=\/wp\/v2\/users\/3"}],"replies":[{"embeddable":true,"href":"https:\/\/www.diarioimagen.net\/index.php?rest_route=%2Fwp%2Fv2%2Fcomments&post=472789"}],"version-history":[{"count":0,"href":"https:\/\/www.diarioimagen.net\/index.php?rest_route=\/wp\/v2\/posts\/472789\/revisions"}],"wp:attachment":[{"href":"https:\/\/www.diarioimagen.net\/index.php?rest_route=%2Fwp%2Fv2%2Fmedia&parent=472789"}],"wp:term":[{"taxonomy":"category","embeddable":true,"href":"https:\/\/www.diarioimagen.net\/index.php?rest_route=%2Fwp%2Fv2%2Fcategories&post=472789"},{"taxonomy":"post_tag","embeddable":true,"href":"https:\/\/www.diarioimagen.net\/index.php?rest_route=%2Fwp%2Fv2%2Ftags&post=472789"}],"curies":[{"name":"wp","href":"https:\/\/api.w.org\/{rel}","templated":true}]}}