{"id":472797,"date":"2020-07-02T00:08:02","date_gmt":"2020-07-02T05:08:02","guid":{"rendered":"https:\/\/www.diarioimagen.net\/?p=472797"},"modified":"2020-07-02T02:22:00","modified_gmt":"2020-07-02T07:22:00","slug":"la-realidad-se-empena-en-desmentir-a-amlo","status":"publish","type":"post","link":"https:\/\/www.diarioimagen.net\/?p=472797","title":{"rendered":"La realidad se empe\u00f1a en desmentir a AMLO"},"content":{"rendered":"<h2>Clase Pol\u00edtica<\/h2>\n<h5>Miguel \u00c1ngel Rivera<\/h5>\n<p>&nbsp;<\/p>\n<p>Ante la falta de novedades en el mensaje presidencial, lo m\u00e1s destacado del quinto informe al \u201cpueblo sabio\u201d del presidente Andr\u00e9s Manuel L\u00f3pez Obrador fue la sede elegida para la ceremonia.<\/p>\n<p>El sitio escogido fue sede del Poder Legislativo entre 1829 y 1872, durante el conflictivo periodo de lucha entre liberales y conservadores, que tanto gusta recordar en sus discursos el presidente L\u00f3pez Obrador.<\/p>\n<p>Al respecto, cabe recordar que el actual primer mandatario no pudo presentar ante el Congreso el informe de labores de su primer a\u00f1o de gobierno el pasado 1 de septiembre, porque a ra\u00edz de alborotos en el Palacio Legislativo de San L\u00e1zaro, los ex presidentes Vicente Fox y Felipe Calder\u00f3n (ambos del PAN), as\u00ed como Enrique Pe\u00f1a Nieto (PRI) ya no se presentaron en la sede de la C\u00e1mara de Diputados. La Constituci\u00f3n y leyes reglamentarias fueron cambiadas, por lo que actualmente el titular del Ejecutivo s\u00f3lo est\u00e1 obligado a enviar al Congreso un informe por escrito.<\/p>\n<p>El segundo aspecto, vinculado con la nostalgia presidencial por el informe presencial ante el Congreso, resulta m\u00e1s pol\u00e9mico, pues representantes de la oposici\u00f3n y de algunas agrupaciones de profesionales del Derecho han destacado que el presidente L\u00f3pez Obrador y sus seguidores de la llamada Cuarta Transformaci\u00f3n pretenden que el poder Legislativo se someta al Ejecutivo.<\/p>\n<p>Especulaciones aparte, lo cierto es que este nuevo informe de L\u00f3pez Obrador aport\u00f3 pocas evidencias de los logros presumidos y confirm\u00f3 las sospechas de que no se ha cumplido con las promesas de campa\u00f1a para satisfacer las principales demandas de la sociedad, que son mayor seguridad, mejor\u00eda econ\u00f3mica y preservaci\u00f3n de la salud.<\/p>\n<p>En cuesti\u00f3n de seguridad, el primer mandatario asegur\u00f3 que se ha logrado revertir la tendencia ascendente de las cifras de delitos graves, como el homicidio doloso.<\/p>\n<p>En su informe denominado \u201cSegundo A\u00f1o del Triunfo Hist\u00f3rico Democr\u00e1tico del Pueblo De M\u00e9xico\u201d, AMLO asegur\u00f3 que su pol\u00edtica de seguridad \u201cempieza a dar resultados y precis\u00f3 que \u201cdurante el tiempo que llevamos en el gobierno hemos podido mantener sin aumentos sensibles el delito de homicidio y hemos roto la tendencia hist\u00f3rica de su crecimiento\u201d.<\/p>\n<p>Sin recurrir a cifras oficiales acerca del aumento de muertes violentas durante 2019 y lo que va del presente a\u00f1o, la respuesta negativa del crimen organizado a lo que sostiene el primer mandatario se dio ayer mismo, al conocerse una nueva matanza, ocurrida en Irapuato, Guanajuato.<\/p>\n<p>De conformidad con los primeros reportes, 24 personas fueron asesinadas y siete m\u00e1s heridas dentro de un centro de rehabilitaci\u00f3n, ubicado en la colonia Jardines de Aranda. Seg\u00fan testigos, hombres armados ingresaron al lugar y dispararon contra los pacientes.<\/p>\n<p>Otro caso m\u00e1s sensible para la llamada Cuarta Transformaci\u00f3n es el de la desaparici\u00f3n de los normalistas de Ayotzinapa la noche del 26 de septiembre de 2014, conflictivo asunto que el presidente L\u00f3pez Obrador se ha comprometido a que ser\u00e1 solucionado durante su gobierno a satisfacci\u00f3n de los padres de los j\u00f3venes, que siempre han rechazado la \u201cverdad hist\u00f3rica\u201d expuesta por el ex procurador general de la Rep\u00fablica, Jes\u00fas Murillo Karam, en el sentido de que los estudiantes fueron asesinados y sus cuerpos incinerados por una banda de narcotraficantes que opera en la regi\u00f3n de Iguala, Guerrero.<\/p>\n<p>A inicios de la presente semana, el gobierno de la llamada Cuarta Transformaci\u00f3n, publicit\u00f3 profusamente la captura Jos\u00e9 \u00c1ngel Casarrubias Salgado, alias \u201cEl Barbas\u201d o \u201cEl Mochomo\u201d, presunto dirigente -junto con tres de sus hermanos, dos de los cuales est\u00e1n presos- de la banda Guerreros Unidos (GU), a la cual se hace responsable de la desaparici\u00f3n de los 43 estudiantes de la Normal Rural de Ayotzinapa y el asesinato de seis personas m\u00e1s.<\/p>\n<p>Con esta captura se esperaba pronto obtener informaci\u00f3n ver\u00eddica de lo ocurrido durante los ataques del 26 de septiembre de 2014 en Iguala. Pero el gusto para las autoridades dur\u00f3 muy poco.<\/p>\n<p>Como ocurre con frecuencia, cuando se trata de los jefes de la delincuencia organizada, la juez encargada del caso consider\u00f3 que los agentes del Ministerio P\u00fablico, dependientes de la Fiscal\u00eda General de la Rep\u00fablica (FGR) no hab\u00edan acreditado con suficientes pruebas la presunta responsabilidad del consignado, por lo cual orden\u00f3 su liberaci\u00f3n.<\/p>\n<p>Las autoridades recapturaron el presunto delincuente en cuanto sali\u00f3 del penal de alta seguridad a donde hab\u00eda sido remitido, con base en una acusaci\u00f3n por otro delito.<\/p>\n<p>As\u00ed, el supuesto criminal qued\u00f3 en prisi\u00f3n, pero lo relevante del caso es la falla de las autoridades, que no atinan a cumplir con lo prometido por AMLO de resolver este indignante crimen masivo, al que desgraciadamente se suman muchos otros ocurridos en fechas recientes.<\/p>\n<p style=\"text-align: center;\"><strong>\u201cPas\u00f3 lo peor de la crisis econ\u00f3mica\u201d, sostiene AMLO<\/strong><\/p>\n<p>Al hacer referencia a la crisis econ\u00f3mica del pa\u00eds, iniciada desde antes de la pandemia de Covid-19, pero agravada por este fen\u00f3meno, el presidente L\u00f3pez Obrador afirm\u00f3 que ya pas\u00f3 lo peor y que, adem\u00e1s, \u201cla p\u00e9rdida de empleos ya toc\u00f3 fondo\u201d.<\/p>\n<p>Inform\u00f3 que la recaudaci\u00f3n fiscal se mantuvo en t\u00e9rminos reales similares a 2019 y las remesas enviadas por paisanos desde Estados Unidos, se incrementaron en 10 por ciento.<\/p>\n<p>Como muestra de la recuperaci\u00f3n, coment\u00f3 que las ventas de las tiendas de autoservicio se incrementaron en 59 mil millones de pesos, esto es 8.8 por ciento m\u00e1s de ingresos que en 2019. Adem\u00e1s destac\u00f3 que paulatinamente el peso se ha apreciado por lo que la p\u00e9rdida de su valor, desde que se inici\u00f3 su gesti\u00f3n, ha sido de 12 por ciento, derivado de que en 2019 fue una de las monedas mas fuertes en el mundo.<\/p>\n<p>Desafortunadamente, el optimismo presidencial no es compartido por todos los especialistas.<\/p>\n<p>Un reporte del Fondo Monetario Internacional (FMI), pronostica una recesi\u00f3n m\u00e1s aguda para los pa\u00edses de Am\u00e9rica Latina y el Caribe, que la estimada antes de la pandemia, con una contracci\u00f3n del PIB regional de 9,4 por ciento frente al 4,2 por ciento previsto en abril.<\/p>\n<p>El organismo internacional destaca que dentro de esta regi\u00f3n, las dos econom\u00edas m\u00e1s grandes, Brasil y M\u00e9xico, se contraer\u00e1n 9.1 y 10.5 por ciento, respectivamente, en 2020.<\/p>\n<p>Al hablar de cuestiones econ\u00f3micas, el jefe del Ejecutivo Federal destac\u00f3 la entrada en vigor del nuevo Tratado de Libre Comercio (T-MEC) con los Estados Unidos y Canad\u00e1.<\/p>\n<p>\u201cHoy inici\u00f3 la aplicaci\u00f3n del T-MEC, en un momento por dem\u00e1s oportuno, pues nos ayudar\u00e1 a impulsar nuestras actividades productivas y crear nuevos empleos\u201d, expres\u00f3 el gobernante mexicano.<\/p>\n<p>\u201cEs un hecho que el tratado atraer\u00e1 m\u00e1s inversi\u00f3n extranjera para la industria de exportaci\u00f3n, se crear\u00e1n m\u00e1s oportunidades de negocios para empresarios y comerciantes, as\u00ed como puestos de trabajo mejor pagados en beneficio de t\u00e9cnicos y profesionales con altos niveles acad\u00e9micos. Ello, adem\u00e1s de la generaci\u00f3n de empleos para mujeres y hombres del Baj\u00edo y del norte del pa\u00eds, tambi\u00e9n de otras regiones de M\u00e9xico\u201d, explic\u00f3 L\u00f3pez Obrador, quien aqu\u00ed entr\u00f3 en otro tema conflictivo, su pr\u00f3xima reuni\u00f3n con el presidente de Estados Unidos, Donald Trump.<\/p>\n<p>\u00c9ste (el T-MEC) es el motivo principal de mi pr\u00f3ximo viaje a Estados Unidos de Norteam\u00e9rica.<\/p>\n<p>Adem\u00e1s de otros comentarios adversos, ayer se conoci\u00f3 una protesta de legisladores de origen latino contra esa visita del mandatario mexicano, por considerar que ser\u00e1 utilizada por Trump para levantar su popularidad.<\/p>\n<p>Tampoco tuvo el presidente L\u00f3pez Obrador respaldo de la realidad ante su declaraci\u00f3n del \u201c\u00e9xito\u201d de su campa\u00f1a contra la pandemia de Covid-19.<\/p>\n<p>\u201cLa pandemia precipit\u00f3, como todos sabemos, la crisis del modelo\u00a0neoliberal. Y a diferencia de otros tiempos y de lo que hacen y respetamos otros gobiernos y otras latitudes, nuestra estrategia para remontar la ca\u00edda de la econom\u00eda ha sido radicalmente distinta\u201d, asegur\u00f3.<\/p>\n<p>Pero ayer mismo, la Secretar\u00eda de Salud de su gobierno dio a conocer datos que no sostienen la versi\u00f3n de que ya se super\u00f3 lo peor de la pandemia.<\/p>\n<p>El n\u00famero de casos confirmados de coronavirus aument\u00f3 a 220,657 en M\u00e9xico. Los casos confirmados activos de Covid-19 llegaron a un total de 23,389 \u00a0y los sospechosos a 66,910. Otros 279,035 han dado negativo y 566,602 personas han sido estudiadas. La mayor cantidad de casos se registran en la Ciudad de M\u00e9xico y en los estados de M\u00e9xico, Tabasco, Puebla y Veracruz.<\/p>\n<p><em><a href=\"mailto:riverapaz@infinitummail.com\" target=\"_blank\" rel=\"noopener noreferrer\">riverapaz@infinitummail.com<\/a><\/em><\/p>\n","protected":false},"excerpt":{"rendered":"<p><span style=\"color: #005497;\"><strong>Miguel \u00c1ngel Rivera<\/strong><\/span><\/p>\n","protected":false},"author":3,"featured_media":0,"comment_status":"open","ping_status":"open","sticky":false,"template":"","format":"standard","meta":{"_monsterinsights_skip_tracking":false,"_monsterinsights_sitenote_active":false,"_monsterinsights_sitenote_note":"","_monsterinsights_sitenote_category":0,"footnotes":""},"categories":[84119],"tags":[84120,84121,43674],"class_list":["post-472797","post","type-post","status-publish","format-standard","hentry","category-miguel-angel-rivera","tag-clase-politica","tag-miguel-angel-rivera","tag-opinion"],"_links":{"self":[{"href":"https:\/\/www.diarioimagen.net\/index.php?rest_route=\/wp\/v2\/posts\/472797","targetHints":{"allow":["GET"]}}],"collection":[{"href":"https:\/\/www.diarioimagen.net\/index.php?rest_route=\/wp\/v2\/posts"}],"about":[{"href":"https:\/\/www.diarioimagen.net\/index.php?rest_route=\/wp\/v2\/types\/post"}],"author":[{"embeddable":true,"href":"https:\/\/www.diarioimagen.net\/index.php?rest_route=\/wp\/v2\/users\/3"}],"replies":[{"embeddable":true,"href":"https:\/\/www.diarioimagen.net\/index.php?rest_route=%2Fwp%2Fv2%2Fcomments&post=472797"}],"version-history":[{"count":0,"href":"https:\/\/www.diarioimagen.net\/index.php?rest_route=\/wp\/v2\/posts\/472797\/revisions"}],"wp:attachment":[{"href":"https:\/\/www.diarioimagen.net\/index.php?rest_route=%2Fwp%2Fv2%2Fmedia&parent=472797"}],"wp:term":[{"taxonomy":"category","embeddable":true,"href":"https:\/\/www.diarioimagen.net\/index.php?rest_route=%2Fwp%2Fv2%2Fcategories&post=472797"},{"taxonomy":"post_tag","embeddable":true,"href":"https:\/\/www.diarioimagen.net\/index.php?rest_route=%2Fwp%2Fv2%2Ftags&post=472797"}],"curies":[{"name":"wp","href":"https:\/\/api.w.org\/{rel}","templated":true}]}}