{"id":472840,"date":"2020-07-03T00:03:37","date_gmt":"2020-07-03T05:03:37","guid":{"rendered":"https:\/\/www.diarioimagen.net\/?p=472840"},"modified":"2020-07-03T01:51:15","modified_gmt":"2020-07-03T06:51:15","slug":"en-naucalpan-la-familia-es-pilar-para-asegurar-la-paz-afirma-patricia-duran","status":"publish","type":"post","link":"https:\/\/www.diarioimagen.net\/?p=472840","title":{"rendered":"En Naucalpan, la familia es pilar para\u00a0 asegurar la paz, afirma Patricia Dur\u00e1n"},"content":{"rendered":"<ul>\n<li><em><b>Papel fundamental para preservar el tejido social<\/b><\/em><\/li>\n<\/ul>\n<p>&nbsp;<\/p>\n<div id=\"attachment_472841\" style=\"width: 470px\" class=\"wp-caption aligncenter\"><a href=\"https:\/\/www.diarioimagen.net\/wp-content\/uploads\/2020\/07\/CAMACHO3-cpor.jpg\"><img loading=\"lazy\" decoding=\"async\" aria-describedby=\"caption-attachment-472841\" class=\"size-large wp-image-472841\" src=\"https:\/\/www.diarioimagen.net\/wp-content\/uploads\/2020\/07\/CAMACHO3-cpor-460x268.jpg\" alt=\"\" width=\"460\" height=\"268\" srcset=\"https:\/\/www.diarioimagen.net\/wp-content\/uploads\/2020\/07\/CAMACHO3-cpor-460x268.jpg 460w, https:\/\/www.diarioimagen.net\/wp-content\/uploads\/2020\/07\/CAMACHO3-cpor-240x140.jpg 240w, https:\/\/www.diarioimagen.net\/wp-content\/uploads\/2020\/07\/CAMACHO3-cpor.jpg 480w\" sizes=\"auto, (max-width: 460px) 100vw, 460px\" \/><\/a><p id=\"caption-attachment-472841\" class=\"wp-caption-text\">Participaci\u00f3n\u00a0de la alcaldesa Patricia Dur\u00e1n en el congreso virtual \u201cLa importancia de la libertad religiosa en la cultura democr\u00e1tica para la construcci\u00f3n\u00a0<br \/>de la paz\u201d.<\/p><\/div>\n<p>&nbsp;<\/p>\n<p><strong>Naucalpan, Estado de M\u00e9xico<\/strong>.- La presidenta municipal Patricia Dur\u00e1n Reveles refrend\u00f3 su compromiso en la construcci\u00f3n de la paz y destac\u00f3 el papel de la familia para preservar el tejido social.<\/p>\n<p>Lo anterior, durante su participaci\u00f3n en el congreso virtual \u201cLa importancia de la libertad religiosa en la cultura democr\u00e1tica para la construcci\u00f3n de la paz\u201d, del cual Naucalpan fue anfitri\u00f3n.<\/p>\n<p>\u201cCompartimos la responsabilidad de restablecer la paz en nuestro M\u00e9xico. Quiero ratificar mi plena disposici\u00f3n de trabajar por la reconstrucci\u00f3n del tejido social, a partir de cuidar a la familia, por ello seguir\u00e9 trabajando por las familias de mi querido Naucalpan\u201d, asever\u00f3 la Mun\u00edcipe.<\/p>\n<p>El simposio, encabezado por el Consejo Interreligioso del Estado de M\u00e9xico y el Gobierno de Naucalpan, se llevar\u00e1 a cabo de forma virtual durante julio, con sesiones en l\u00ednea cada martes y jueves, en las que expertos en la materia promover\u00e1n la libertad religiosa y la afirmaci\u00f3n de valores, a fin de contribuir a la consolidaci\u00f3n del tejido social. El pastor Reynaldo Rodr\u00edguez Mart\u00ednez, presidente del Consejo, resalt\u00f3 la colaboraci\u00f3n de los servidores p\u00fablicos, representantes religiosos, as\u00ed como ciudadan\u00eda, en el desarrollo del congreso.<\/p>\n<p>\u201cEs un momento hist\u00f3rico en el Estado de M\u00e9xico, el podernos reunir desde diferentes asociaciones y creencias en un marco de solidaridad y amistad es algo que no se hab\u00eda visto anteriormente\u201d, enfatiz\u00f3.<\/p>\n<p>En su intervenci\u00f3n, H\u00e9ctor Miranda Anz\u00e1, director general de Asociaciones Religiosas de la Secretar\u00eda de Gobernaci\u00f3n, coincidi\u00f3 en que la construcci\u00f3n de la paz solo es posible con la cooperaci\u00f3n de todos los actores sociales.<\/p>\n<p>\u201cA nombre de la doctora Olga S\u00e1nchez Cordero, estamos muy comprometidos en impulsar la libertad religiosa y la construcci\u00f3n de una cultura democr\u00e1tica. Este congreso se da en un marco de Estado laico, que respeta todas las denominaciones religiosas y reconoce los esfuerzos que suman al bienestar de la poblaci\u00f3n\u201d, declar\u00f3.<\/p>\n<p>Alejandro Ozuna Rivero, Secretario General del Gobierno del Estado de M\u00e9xico, expres\u00f3 su benepl\u00e1cito por la iniciativa y reconoci\u00f3 el actuar de la Alcaldesa durante la emergencia sanitaria por COVID-19.<\/p>\n<p>\u201cA nombre del Gobernador, Alfredo del Mazo Maza, les hago llegar su respetuoso saludo y su deseo de que el resultado de este Congreso, estamos seguros, contribuir\u00e1 a fortalecer la cohesi\u00f3n social.<\/p>\n<p>\u201cQuiero felicitar a Paty Dur\u00e1n por el gran esfuerzo que ha hecho en su Municipio, en su inter\u00e9s por salvaguardar la salud de los naucalpenses y mexiquenses\u201d, refiri\u00f3.<\/p>\n<p>En la ceremonia de inauguraci\u00f3n estuvo presente el Pastor Cirilo Cruz L\u00e1zaro, vicepresidente del Consejo Interreligioso del Estado de M\u00e9xico; Monse\u00f1or Daniel Alberto Medina Pech, Secretario del Consejo; Francisco Javier Chavolla Ramos, Arzobispo de la Di\u00f3cesis de Toluca, y Mauricio Aguirre Lozano, Secretario de Gobierno de Naucalpan. M\u00e1s de 500 participantes siguieron la transmisi\u00f3n en l\u00ednea. La pr\u00f3xima sesi\u00f3n se realizar\u00e1 el martes 7 de julio, a las 11:00 horas.<\/p>\n","protected":false},"excerpt":{"rendered":"<p>La presidenta municipal Patricia Dur\u00e1n Reveles refrend\u00f3 su compromiso en la construcci\u00f3n de la paz y destac\u00f3 el papel de la familia para preservar el tejido social.<\/p>\n","protected":false},"author":1,"featured_media":472841,"comment_status":"open","ping_status":"open","sticky":false,"template":"","format":"standard","meta":{"_monsterinsights_skip_tracking":false,"_monsterinsights_sitenote_active":false,"_monsterinsights_sitenote_note":"","_monsterinsights_sitenote_category":0,"footnotes":""},"categories":[5],"tags":[43675,970,86476],"class_list":["post-472840","post","type-post","status-publish","format-standard","has-post-thumbnail","hentry","category-estado-de-mexico","tag-estado-de-mexico","tag-naucalpan","tag-patricia-duran"],"_links":{"self":[{"href":"https:\/\/www.diarioimagen.net\/index.php?rest_route=\/wp\/v2\/posts\/472840","targetHints":{"allow":["GET"]}}],"collection":[{"href":"https:\/\/www.diarioimagen.net\/index.php?rest_route=\/wp\/v2\/posts"}],"about":[{"href":"https:\/\/www.diarioimagen.net\/index.php?rest_route=\/wp\/v2\/types\/post"}],"author":[{"embeddable":true,"href":"https:\/\/www.diarioimagen.net\/index.php?rest_route=\/wp\/v2\/users\/1"}],"replies":[{"embeddable":true,"href":"https:\/\/www.diarioimagen.net\/index.php?rest_route=%2Fwp%2Fv2%2Fcomments&post=472840"}],"version-history":[{"count":0,"href":"https:\/\/www.diarioimagen.net\/index.php?rest_route=\/wp\/v2\/posts\/472840\/revisions"}],"wp:featuredmedia":[{"embeddable":true,"href":"https:\/\/www.diarioimagen.net\/index.php?rest_route=\/wp\/v2\/media\/472841"}],"wp:attachment":[{"href":"https:\/\/www.diarioimagen.net\/index.php?rest_route=%2Fwp%2Fv2%2Fmedia&parent=472840"}],"wp:term":[{"taxonomy":"category","embeddable":true,"href":"https:\/\/www.diarioimagen.net\/index.php?rest_route=%2Fwp%2Fv2%2Fcategories&post=472840"},{"taxonomy":"post_tag","embeddable":true,"href":"https:\/\/www.diarioimagen.net\/index.php?rest_route=%2Fwp%2Fv2%2Ftags&post=472840"}],"curies":[{"name":"wp","href":"https:\/\/api.w.org\/{rel}","templated":true}]}}