{"id":472843,"date":"2020-07-03T00:04:43","date_gmt":"2020-07-03T05:04:43","guid":{"rendered":"https:\/\/www.diarioimagen.net\/?p=472843"},"modified":"2020-07-03T04:25:51","modified_gmt":"2020-07-03T09:25:51","slug":"en-tultepec-acatan-recomendacion-de-la-cdhem-sobre-uso-obligatorio-de-cubrebocas","status":"publish","type":"post","link":"https:\/\/www.diarioimagen.net\/?p=472843","title":{"rendered":"En Tultepec, acatan recomendaci\u00f3n de la CDHEM sobre uso obligatorio de cubrebocas"},"content":{"rendered":"<ul>\n<li><em><b>Ante m\u00e1xima alerta sanitaria<\/b><\/em><\/li>\n<\/ul>\n<p>&nbsp;<\/p>\n<div id=\"attachment_472844\" style=\"width: 470px\" class=\"wp-caption aligncenter\"><a href=\"https:\/\/www.diarioimagen.net\/wp-content\/uploads\/2020\/07\/CAMACHO3-por.jpg\"><img loading=\"lazy\" decoding=\"async\" aria-describedby=\"caption-attachment-472844\" class=\"size-large wp-image-472844\" src=\"https:\/\/www.diarioimagen.net\/wp-content\/uploads\/2020\/07\/CAMACHO3-por-460x268.jpg\" alt=\"\" width=\"460\" height=\"268\" srcset=\"https:\/\/www.diarioimagen.net\/wp-content\/uploads\/2020\/07\/CAMACHO3-por-460x268.jpg 460w, https:\/\/www.diarioimagen.net\/wp-content\/uploads\/2020\/07\/CAMACHO3-por-240x140.jpg 240w, https:\/\/www.diarioimagen.net\/wp-content\/uploads\/2020\/07\/CAMACHO3-por.jpg 480w\" sizes=\"auto, (max-width: 460px) 100vw, 460px\" \/><\/a><p id=\"caption-attachment-472844\" class=\"wp-caption-text\">El gobierno local prev\u00e9 la aplicaci\u00f3n obligatoria de cubrebocas en todo su territorio, en acatamiento a la recomendaci\u00f3n general 2\/2020, emitida por la CDHEM.<\/p><\/div>\n<p>&nbsp;<\/p>\n<p><strong>Tultepec, Estado de M\u00e9xico<\/strong>.- Ante la situaci\u00f3n de m\u00e1xima alerta sanitaria por la propagaci\u00f3n del Covid-19, el gobierno local prev\u00e9 la aplicaci\u00f3n obligatoria de cubrebocas en todo su territorio, en acatamiento a la recomendaci\u00f3n general 2\/2020, emitida por la Comisi\u00f3n de Derechos Humanos del Estado de M\u00e9xico (CDHEM) a los 125 alcaldes de la entidad, como una medida de protecci\u00f3n a la salud y la vida de las personas.<\/p>\n<p>Esta pol\u00edtica p\u00fablica es una acci\u00f3n complementaria a las que se aplican en el municipio desde el inicio de la emergencia sanitaria para prevenir y contener la epidemia por Covid-19, ante la inminente reanudaci\u00f3n de las actividades econ\u00f3micas y sociales dentro del municipio, con base en el sem\u00e1foro epidemiol\u00f3gico en la entidad, con el objetivo de que el regreso a la \u201cnueva normalidad\u201d sea lo m\u00e1s seguro posible.<\/p>\n<p>El alcalde Marco Antonio Cruz Cruz asegur\u00f3 que el llamado que se quiere enviar a la poblaci\u00f3n es a \u201cser conscientes de que podr\u00edamos ser asintom\u00e1ticos y aun as\u00ed transmitir el virus, la medida del uso obligatorio de cubrebocas es para cuidarme yo, cuidar a mi familia y cuidar a las dem\u00e1s personas, bajo la premisa de no ser parte del problema, sino de la soluci\u00f3n\u201d.<\/p>\n<p>De ah\u00ed, que ante la urgente necesidad de reducir y cortar el contagio y con ello el n\u00famero de fallecimientos lo antes posible, Tultepec se sume a la recomendaci\u00f3n general que hizo la CDHEM a los 125 presidentes municipales del estado, \u201cdonde m\u00e1s que aplicar sanciones, se trata m\u00e1s bien de un llamado a la ciudadan\u00eda a ser responsable de cuidarse, cuidar a su familia y de cuidarnos todos\u201d.<\/p>\n<p>La recomendaci\u00f3n es que las personas que se encuentren en espacios p\u00fablicos, establecimientos comerciales, transporte p\u00fablico y en lugares que impliquen la concentraci\u00f3n de personas, donde sea imposible mantener la distancia m\u00ednima recomendada entre s\u00ed, obligatoriamente utilicen el cubrebocas.<\/p>\n<p>Esta disposici\u00f3n se toma como una medida de concientizaci\u00f3n y protecci\u00f3n a la salud y la vida de las personas, m\u00e1s no con fines recaudatorios, por lo que las sanciones en primera instancia, consisten en un apercibimiento u amonestaci\u00f3n a los infractores y en caso de reincidencia, de una multa de una hasta cincuenta veces el valor diario de la unidad de medida y actualizaci\u00f3n, u arresto administrativo hasta por 36 horas, sanciones que aplicar\u00e1 la Oficial\u00eda Calificadora.<\/p>\n<p>Previamente a la aplicaci\u00f3n de esta medida, que se espera ser\u00e1 en 7 d\u00edas m\u00e1s, la Defensor\u00eda de Derechos Humanos Municipal (DDHM), brinda capacitaci\u00f3n a los elementos de la Comisar\u00eda de Seguridad Ciudadana local y de la Coordinaci\u00f3n Municipal de Protecci\u00f3n Civil y Bomberos, sobre la aplicaci\u00f3n de esta disposici\u00f3n oficial, a fin de garantizar los derechos ciudadanos y evitar abuso de autoridad.<\/p>\n<p>El alcalde asegur\u00f3 que la medida anunciada ha sido bien aceptada por el grueso de la poblaci\u00f3n, conscientes de que, de haberse aplicado esta pol\u00edtica p\u00fablica desde el inicio de la pandemia, la cifra de contagios y de fallecidos ser\u00eda mucho menor.<\/p>\n","protected":false},"excerpt":{"rendered":"<p>Ante la situaci\u00f3n de m\u00e1xima alerta sanitaria por la propagaci\u00f3n del Covid-19, el gobierno local prev\u00e9 la aplicaci\u00f3n obligatoria de cubrebocas en todo su territorio, en acatamiento a la recomendaci\u00f3n general 2\/2020, emitida por la Comisi\u00f3n de Derechos Humanos del Estado de M\u00e9xico (CDHEM) a los 125 alcaldes de la entidad, como una medida de protecci\u00f3n a la salud y la vida de las personas.<\/p>\n","protected":false},"author":1,"featured_media":472844,"comment_status":"open","ping_status":"open","sticky":false,"template":"","format":"standard","meta":{"_monsterinsights_skip_tracking":false,"_monsterinsights_sitenote_active":false,"_monsterinsights_sitenote_note":"","_monsterinsights_sitenote_category":0,"footnotes":""},"categories":[5],"tags":[91185,43675,3802],"class_list":["post-472843","post","type-post","status-publish","format-standard","has-post-thumbnail","hentry","category-estado-de-mexico","tag-cdhem","tag-estado-de-mexico","tag-tultepec"],"_links":{"self":[{"href":"https:\/\/www.diarioimagen.net\/index.php?rest_route=\/wp\/v2\/posts\/472843","targetHints":{"allow":["GET"]}}],"collection":[{"href":"https:\/\/www.diarioimagen.net\/index.php?rest_route=\/wp\/v2\/posts"}],"about":[{"href":"https:\/\/www.diarioimagen.net\/index.php?rest_route=\/wp\/v2\/types\/post"}],"author":[{"embeddable":true,"href":"https:\/\/www.diarioimagen.net\/index.php?rest_route=\/wp\/v2\/users\/1"}],"replies":[{"embeddable":true,"href":"https:\/\/www.diarioimagen.net\/index.php?rest_route=%2Fwp%2Fv2%2Fcomments&post=472843"}],"version-history":[{"count":0,"href":"https:\/\/www.diarioimagen.net\/index.php?rest_route=\/wp\/v2\/posts\/472843\/revisions"}],"wp:featuredmedia":[{"embeddable":true,"href":"https:\/\/www.diarioimagen.net\/index.php?rest_route=\/wp\/v2\/media\/472844"}],"wp:attachment":[{"href":"https:\/\/www.diarioimagen.net\/index.php?rest_route=%2Fwp%2Fv2%2Fmedia&parent=472843"}],"wp:term":[{"taxonomy":"category","embeddable":true,"href":"https:\/\/www.diarioimagen.net\/index.php?rest_route=%2Fwp%2Fv2%2Fcategories&post=472843"},{"taxonomy":"post_tag","embeddable":true,"href":"https:\/\/www.diarioimagen.net\/index.php?rest_route=%2Fwp%2Fv2%2Ftags&post=472843"}],"curies":[{"name":"wp","href":"https:\/\/api.w.org\/{rel}","templated":true}]}}