{"id":472846,"date":"2020-07-03T00:02:15","date_gmt":"2020-07-03T05:02:15","guid":{"rendered":"https:\/\/www.diarioimagen.net\/?p=472846"},"modified":"2020-07-03T01:44:59","modified_gmt":"2020-07-03T06:44:59","slug":"huixquilucan-esta-listo-para-el-cambio-de-semaforo-a-naranja-vargas-del-villar","status":"publish","type":"post","link":"https:\/\/www.diarioimagen.net\/?p=472846","title":{"rendered":"Huixquilucan est\u00e1 listo para el cambio\u00a0de sem\u00e1foro a naranja: Vargas del Villar"},"content":{"rendered":"<ul>\n<li><em><b>Encuentro virtual con el sector empresarial<\/b><\/em><\/li>\n<\/ul>\n<p>&nbsp;<\/p>\n<div id=\"attachment_472847\" style=\"width: 470px\" class=\"wp-caption aligncenter\"><a href=\"https:\/\/www.diarioimagen.net\/wp-content\/uploads\/2020\/07\/CAMACHO3-a-por.jpg\"><img loading=\"lazy\" decoding=\"async\" aria-describedby=\"caption-attachment-472847\" class=\"size-large wp-image-472847\" src=\"https:\/\/www.diarioimagen.net\/wp-content\/uploads\/2020\/07\/CAMACHO3-a-por-460x268.jpg\" alt=\"\" width=\"460\" height=\"268\" srcset=\"https:\/\/www.diarioimagen.net\/wp-content\/uploads\/2020\/07\/CAMACHO3-a-por-460x268.jpg 460w, https:\/\/www.diarioimagen.net\/wp-content\/uploads\/2020\/07\/CAMACHO3-a-por-240x140.jpg 240w, https:\/\/www.diarioimagen.net\/wp-content\/uploads\/2020\/07\/CAMACHO3-a-por.jpg 480w\" sizes=\"auto, (max-width: 460px) 100vw, 460px\" \/><\/a><p id=\"caption-attachment-472847\" class=\"wp-caption-text\">Enrique Vargas del Villar se\u00f1al\u00f3 que el Estado de M\u00e9xico tiene que salir adelante, por lo que asever\u00f3 que \u201cHuixquilucan va a ser punta de lanza en esta recuperaci\u00f3n econ\u00f3mica\u201d.<\/p><\/div>\n<p>&nbsp;<\/p>\n<p><strong>Huixquilucan, Estado de M\u00e9xico<\/strong>.- \u201cEn Huixquilucan ya estoy listo con todos los empresarios para que en los pr\u00f3ximos d\u00edas abran los negocios con todas las medidas de seguridad\u201d, asegur\u00f3 el presidente municipal, Enrique Vargas del Villar durante el encuentro virtual con el sector empresarial del Estado de M\u00e9xico.<\/p>\n<p>A la espera del cambio de color en el sem\u00e1foro epidemiol\u00f3gico, Vargas del Villar se\u00f1al\u00f3 que ante las complicaciones econ\u00f3micas que se avecinan, el estado de M\u00e9xico tiene que salir adelante, por lo que asever\u00f3 que \u201cHuixquilucan va a ser punta de lanza en esta recuperaci\u00f3n econ\u00f3mica\u201d.<\/p>\n<p>El edil de Huixquilucan se pronunci\u00f3 por la recuperaci\u00f3n de empleos y apoyar desde las micro hasta las grandes empresas; en este sentido, se\u00f1al\u00f3 que cuentan con Enrique Vargas y con su gobierno para salir adelante, al tiempo que se sum\u00f3 al pronunciamiento del sector empresarial para promocionar y consumir lo que se produce en la entidad.<\/p>\n<p>Invit\u00f3 a los empresarios a tener un contacto cercano con su administraci\u00f3n para acelerar la apertura de empresas y revisar si requieren apoyo jur\u00eddico, por multas, recargos o permisos, ya que este sector es donde se generan los empleos del pa\u00eds. \u201cLos empresarios son los que generan los empleos en M\u00e9xico, los que sacan adelante al pa\u00eds, por lo que se tiene que trabajar en equipo\u201d, afirm\u00f3.<\/p>\n<p>Vargas del Villar detall\u00f3, que se tiene un di\u00e1logo permanente con empresarios del municipio para la reapertura de establecimientos, respetando en todo momento las indicaciones marcadas por el color del sem\u00e1foro epidemiol\u00f3gico. Precis\u00f3 que la baja en los contagios de COVID-19, ha sido posible gracias al trabajo conjunto entre sociedad y gobierno, por lo que los comercios deber\u00e1n sumarse a estas directrices.<\/p>\n<p>Laura Gonz\u00e1lez, presidenta del Consejo Coordinador Empresarial del Estado de M\u00e9xico, reconoci\u00f3 que desde el inicio de la pandemia por Covid-19, el gobierno municipal de Huixquilucan ha sido un aliado permanente de los empresarios por lo que trabajar\u00e1n de manera coordinada para acelerar la recuperaci\u00f3n econ\u00f3mica del municipio y del estado de M\u00e9xico.<\/p>\n","protected":false},"excerpt":{"rendered":"<p>\u201cEn Huixquilucan ya estoy listo con todos los empresarios para que en los pr\u00f3ximos d\u00edas abran los negocios con todas las medidas de seguridad\u201d, asegur\u00f3 el presidente municipal, Enrique Vargas del Villar durante el encuentro virtual con el sector empresarial del Estado de M\u00e9xico.\u00a0<\/p>\n","protected":false},"author":1,"featured_media":472847,"comment_status":"open","ping_status":"open","sticky":false,"template":"","format":"standard","meta":{"_monsterinsights_skip_tracking":false,"_monsterinsights_sitenote_active":false,"_monsterinsights_sitenote_note":"","_monsterinsights_sitenote_category":0,"footnotes":""},"categories":[5],"tags":[47218,43675,1097,91186],"class_list":["post-472846","post","type-post","status-publish","format-standard","has-post-thumbnail","hentry","category-estado-de-mexico","tag-enrique-vargas-del-villar","tag-estado-de-mexico","tag-huixquilucan","tag-laura-gonzalez"],"_links":{"self":[{"href":"https:\/\/www.diarioimagen.net\/index.php?rest_route=\/wp\/v2\/posts\/472846","targetHints":{"allow":["GET"]}}],"collection":[{"href":"https:\/\/www.diarioimagen.net\/index.php?rest_route=\/wp\/v2\/posts"}],"about":[{"href":"https:\/\/www.diarioimagen.net\/index.php?rest_route=\/wp\/v2\/types\/post"}],"author":[{"embeddable":true,"href":"https:\/\/www.diarioimagen.net\/index.php?rest_route=\/wp\/v2\/users\/1"}],"replies":[{"embeddable":true,"href":"https:\/\/www.diarioimagen.net\/index.php?rest_route=%2Fwp%2Fv2%2Fcomments&post=472846"}],"version-history":[{"count":0,"href":"https:\/\/www.diarioimagen.net\/index.php?rest_route=\/wp\/v2\/posts\/472846\/revisions"}],"wp:featuredmedia":[{"embeddable":true,"href":"https:\/\/www.diarioimagen.net\/index.php?rest_route=\/wp\/v2\/media\/472847"}],"wp:attachment":[{"href":"https:\/\/www.diarioimagen.net\/index.php?rest_route=%2Fwp%2Fv2%2Fmedia&parent=472846"}],"wp:term":[{"taxonomy":"category","embeddable":true,"href":"https:\/\/www.diarioimagen.net\/index.php?rest_route=%2Fwp%2Fv2%2Fcategories&post=472846"},{"taxonomy":"post_tag","embeddable":true,"href":"https:\/\/www.diarioimagen.net\/index.php?rest_route=%2Fwp%2Fv2%2Ftags&post=472846"}],"curies":[{"name":"wp","href":"https:\/\/api.w.org\/{rel}","templated":true}]}}