{"id":472863,"date":"2020-07-03T00:05:39","date_gmt":"2020-07-03T05:05:39","guid":{"rendered":"https:\/\/www.diarioimagen.net\/?p=472863"},"modified":"2020-07-05T21:38:06","modified_gmt":"2020-07-06T02:38:06","slug":"redoblara-la-uaem-esfuerzo-por-la-equidad-de-genero-alfredo-barrera","status":"publish","type":"post","link":"https:\/\/www.diarioimagen.net\/?p=472863","title":{"rendered":"Redoblar\u00e1 la UAEM esfuerzo por la equidad de g\u00e9nero: Alfredo Barrera"},"content":{"rendered":"<ul>\n<li><em><strong>El rector inaugur\u00f3 Coloquio de Investigaci\u00f3n en Ciencia y Tecnolog\u00eda<\/strong><\/em><\/li>\n<\/ul>\n<p>&nbsp;<\/p>\n<p><a href=\"https:\/\/www.diarioimagen.net\/wp-content\/uploads\/2020\/07\/Rector-por.jpg\"><img loading=\"lazy\" decoding=\"async\" class=\"aligncenter size-large wp-image-472864\" src=\"https:\/\/www.diarioimagen.net\/wp-content\/uploads\/2020\/07\/Rector-por-460x268.jpg\" alt=\"\" width=\"460\" height=\"268\" srcset=\"https:\/\/www.diarioimagen.net\/wp-content\/uploads\/2020\/07\/Rector-por-460x268.jpg 460w, https:\/\/www.diarioimagen.net\/wp-content\/uploads\/2020\/07\/Rector-por-240x140.jpg 240w, https:\/\/www.diarioimagen.net\/wp-content\/uploads\/2020\/07\/Rector-por.jpg 480w\" sizes=\"auto, (max-width: 460px) 100vw, 460px\" \/><\/a><\/p>\n<p>&nbsp;<\/p>\n<p><strong>Atizap\u00e1n, Estado de M\u00e9xico<\/strong>.\u2013 En la nueva normalidad universitaria se redoblar\u00e1 el esfuerzo por la equidad de g\u00e9nero y el combate a la violencia contra las mujeres, afirm\u00f3 el rector de la Universidad Aut\u00f3noma del Estado de M\u00e9xico, Alfredo Barrera Baca, al inaugurar el 9\u00ba Coloquio de Investigaci\u00f3n en Ciencia y Tecnolog\u00eda.<\/p>\n<p>Este ejercicio acad\u00e9mico en l\u00ednea organizado por el Centro Universitario UAEM Valle de M\u00e9xico, refiri\u00f3, tuvo como eje la mujer que transforma: su importancia e impacto en el desarrollo cient\u00edfico y tecnol\u00f3gico.<\/p>\n<p>Asever\u00f3 que la escasa presencia de las mujeres en \u00e1reas de investigaci\u00f3n es resultado de los estereotipos y las carencias formativas que desalientan su pensamiento cient\u00edfico desde la infancia.<\/p>\n<p>\u201cLa comunidad de la UAEM est\u00e1 consciente del reto y trabajo para el acceso equitativo de hombres y mujeres a la educaci\u00f3n y el campo laboral, de que las sociedades resilientes superan los cataclismos cuando comparten esfuerzos sin discriminaci\u00f3n de g\u00e9neros\u201d.<\/p>\n<p>Alfredo Barrera Baca destac\u00f3 que las instituciones cient\u00edficas y acad\u00e9micas, a pesar de la pandemia, siguen de pie, pues son esenciales para impulsar la reflexi\u00f3n.<\/p>\n<p>El director del Centro Universitario UAEM Valle de M\u00e9xico, V\u00edctor Manuel Landassuri Moreno, subray\u00f3 la significativa participaci\u00f3n de las mujeres en la ciencia y la tecnolog\u00eda.<\/p>\n<p>Apunt\u00f3 que uno de los retos en este rubro es la equidad de g\u00e9nero. \u201cDe acuerdo con un reporte de 2019 de la Organizaci\u00f3n de las Naciones Unidas para la Educaci\u00f3n, la Ciencia y la Cultura (UNESCO), menos de 30 por ciento de quienes se dedican a la ciencia en todo el mundo son mujeres\u201d.<\/p>\n<p>En M\u00e9xico, puntualiz\u00f3, 33 por ciento son mujeres y solo 39 por ciento de quienes integran el Sistema Nacional de Investigadores (SNI) del Consejo Nacional de Ciencia y Tecnolog\u00eda son investigadoras.<\/p>\n<p>En el marco del 9\u00ba Coloquio de Investigaci\u00f3n en Ciencia y Tecnolog\u00eda se abordaron temas como las ciudades inteligentes, el rol de las mujeres en la ciencia y la ingenier\u00eda, as\u00ed como la tecnolog\u00eda de los alimentos, entre otros.<\/p>\n","protected":false},"excerpt":{"rendered":"<p>En la nueva normalidad universitaria se redoblar\u00e1 el esfuerzo por la equidad de g\u00e9nero y el combate a la violencia contra las mujeres, afirm\u00f3 el rector de la Universidad Aut\u00f3noma del Estado de M\u00e9xico, Alfredo Barrera Baca, al inaugurar el 9\u00ba Coloquio de Investigaci\u00f3n en Ciencia y Tecnolog\u00eda.<\/p>\n","protected":false},"author":1,"featured_media":472864,"comment_status":"open","ping_status":"open","sticky":false,"template":"","format":"standard","meta":{"_monsterinsights_skip_tracking":false,"_monsterinsights_sitenote_active":false,"_monsterinsights_sitenote_note":"","_monsterinsights_sitenote_category":0,"footnotes":""},"categories":[5],"tags":[969,43675,1491],"class_list":["post-472863","post","type-post","status-publish","format-standard","has-post-thumbnail","hentry","category-estado-de-mexico","tag-atizapan","tag-estado-de-mexico","tag-uaem"],"_links":{"self":[{"href":"https:\/\/www.diarioimagen.net\/index.php?rest_route=\/wp\/v2\/posts\/472863","targetHints":{"allow":["GET"]}}],"collection":[{"href":"https:\/\/www.diarioimagen.net\/index.php?rest_route=\/wp\/v2\/posts"}],"about":[{"href":"https:\/\/www.diarioimagen.net\/index.php?rest_route=\/wp\/v2\/types\/post"}],"author":[{"embeddable":true,"href":"https:\/\/www.diarioimagen.net\/index.php?rest_route=\/wp\/v2\/users\/1"}],"replies":[{"embeddable":true,"href":"https:\/\/www.diarioimagen.net\/index.php?rest_route=%2Fwp%2Fv2%2Fcomments&post=472863"}],"version-history":[{"count":0,"href":"https:\/\/www.diarioimagen.net\/index.php?rest_route=\/wp\/v2\/posts\/472863\/revisions"}],"wp:featuredmedia":[{"embeddable":true,"href":"https:\/\/www.diarioimagen.net\/index.php?rest_route=\/wp\/v2\/media\/472864"}],"wp:attachment":[{"href":"https:\/\/www.diarioimagen.net\/index.php?rest_route=%2Fwp%2Fv2%2Fmedia&parent=472863"}],"wp:term":[{"taxonomy":"category","embeddable":true,"href":"https:\/\/www.diarioimagen.net\/index.php?rest_route=%2Fwp%2Fv2%2Fcategories&post=472863"},{"taxonomy":"post_tag","embeddable":true,"href":"https:\/\/www.diarioimagen.net\/index.php?rest_route=%2Fwp%2Fv2%2Ftags&post=472863"}],"curies":[{"name":"wp","href":"https:\/\/api.w.org\/{rel}","templated":true}]}}