{"id":472919,"date":"2020-07-03T00:12:29","date_gmt":"2020-07-03T05:12:29","guid":{"rendered":"https:\/\/www.diarioimagen.net\/?p=472919"},"modified":"2020-07-03T03:32:11","modified_gmt":"2020-07-03T08:32:11","slug":"comienzan-licencias-de-senadores-aspirantes-a-cargos-para-2021","status":"publish","type":"post","link":"https:\/\/www.diarioimagen.net\/?p=472919","title":{"rendered":"Comienzan licencias de senadores aspirantes a cargos para 2021\u00a0"},"content":{"rendered":"<h2>Tras la puerta del poder<\/h2>\n<h5>Roberto Vizca\u00edno<\/h5>\n<p>&nbsp;<\/p>\n<div id=\"attachment_472956\" style=\"width: 470px\" class=\"wp-caption aligncenter\"><a href=\"https:\/\/www.diarioimagen.net\/?attachment_id=472956\" rel=\"attachment wp-att-472956\"><img loading=\"lazy\" decoding=\"async\" aria-describedby=\"caption-attachment-472956\" class=\"size-large wp-image-472956\" src=\"https:\/\/www.diarioimagen.net\/wp-content\/uploads\/2020\/07\/imagen-actual-Luis-Xavier-460x352.jpg\" alt=\"\" width=\"460\" height=\"352\" srcset=\"https:\/\/www.diarioimagen.net\/wp-content\/uploads\/2020\/07\/imagen-actual-Luis-Xavier-460x352.jpg 460w, https:\/\/www.diarioimagen.net\/wp-content\/uploads\/2020\/07\/imagen-actual-Luis-Xavier-240x183.jpg 240w, https:\/\/www.diarioimagen.net\/wp-content\/uploads\/2020\/07\/imagen-actual-Luis-Xavier.jpg 700w\" sizes=\"auto, (max-width: 460px) 100vw, 460px\" \/><\/a><p id=\"caption-attachment-472956\" class=\"wp-caption-text\">Imagen actual&#8230; | Luis Xavier<\/p><\/div>\n<p>&nbsp;<\/p>\n<p>El m\u00e9todo de la petici\u00f3n de licencia en tiempos de pandemia o de la 4T, es hoy el mismo que en la \u00e9poca del odiado neoliberalismo que dice <strong>AMLO<\/strong> ya no existe, pero que goza de plena salud, y por ello ya los primeros senadores se han separado de sus esca\u00f1os para ir a buscar una gubernatura de las 15 en juego o una alcald\u00eda o alguno de los otros cientos de cargos de elecci\u00f3n que estar\u00e1n en juego en el proceso de 2021.<\/p>\n<p>Y aun cuando falta cerca de un a\u00f1o para esas elecciones, ya <strong>Mauricio Kuri<\/strong>, l\u00edder de la bancada senatorial de Acci\u00f3n Nacional, no oculta sus deseos de ser el sucesor del gobernador <strong>Francisco Dom\u00ednguez<\/strong>, en Quer\u00e9taro.<\/p>\n<p>Aun cuando ha dicho que ella no aspira al mismo cargo que el secretario de Seguridad, <strong>Alfonso Durazo<\/strong>, apuntado ya para ir a la sucesi\u00f3n de la gobernadora sonorense, <strong>Claudia Pavlovich<\/strong>, la ex morenista y neopanista <strong>Lily T\u00e9llez<\/strong> ya pidi\u00f3 licencia y se fue del Senado.<\/p>\n<p>El pri\u00edsta <strong>Manuel A\u00f1orve<\/strong> quien sabe cu\u00e1ntas veces ha sido ya candidato a gobernador de Guerrero y en todas ha salido con la cola entre las patas y con una boleta de derrota. Ahora, va de nuevo.<\/p>\n<p>A ese mismo cargo est\u00e1 ya m\u00e1s que apuntada la senadora de Morena <strong>N\u00e9stora Salgado<\/strong>, quien hoy lucha contra el coronavirus en un hospital militar de la Ciudad de M\u00e9xico.<\/p>\n<p>Un precandidato fuerte por Morena a gobernador de Michoac\u00e1n es el senador <strong>Crist\u00f3bal Arias<\/strong>, un pol\u00edtico cardenista que goza de las simpat\u00edas de muchos de sus conciudadanos y el apoyo decidido de <strong>AMLO<\/strong>.<\/p>\n<p>La fuga de todos estos senadores no extra\u00f1a a nadie&#8230; \u201ces parte de la caracter\u00edstica historia del pa\u00eds\u201d, indica <strong>Ricardo Monreal<\/strong>, quien igual que los de ahora, en su tiempo sali\u00f3 de un cargo legislativo para ser gobernador de Zacatecas.<\/p>\n<p>Y revel\u00f3 que de15 senadores propietarios que han solicitado permiso, unos diez buscar\u00e1n contender por la gubernatura de sus estados.<\/p>\n<p>Entre ellos,<strong> F\u00e9lix Salgado Macedonio,<\/strong> tambi\u00e9n para Guerrero y <strong>Susana Harp<\/strong>, quien buscar\u00e1 acercarse a\u00fan m\u00e1s a ser en su momento una posible sucesora de <strong>Alejandro Murat,<\/strong> en Oaxaca.<\/p>\n<p>Por lo pronto, diez son las entidades federativas donde se ver\u00e1 la presencia aspiracional de los senadores por transformarse en mandatarios estatales, pronostic\u00f3 <strong>Monreal<\/strong>.<\/p>\n<p style=\"text-align: center;\"><strong>M\u00e9todo cubano-venezolano, pero con nuevas tecnolog\u00edas<\/strong><\/p>\n<p>La senadora panista <strong>Guadalupe Murgu\u00eda<\/strong> advirti\u00f3 el riesgo de que el <em>Sistema de Ciudadanos Alertadores Internos y Externos de la Corrupci\u00f3n<\/em> que implementar\u00e1 el gobierno federal v\u00eda la Secretar\u00eda de la Funci\u00f3n P\u00fablica, se convierta en un instrumento de terror y de presi\u00f3n en contra de los adversarios pol\u00edticos del r\u00e9gimen.<\/p>\n<p>El pasado 11 de junio el <em>Diario Oficial de la Federaci\u00f3n<\/em> public\u00f3 los lineamientos para la operaci\u00f3n de este sistema, en el cual, mediante una plataforma digital, la ciudadan\u00eda estar\u00e1 en posibilidad de emitir denuncias de hechos de corrupci\u00f3n que \u201cse hubieran ya cometido, que se est\u00e9n cometiendo o que pudieran cometerse\u201d, destac\u00f3.<\/p>\n<p>Sistemas similares de supuesta <em>denuncia ciudadana<\/em>, que es en realidad un m\u00e9todo de <strong>delaci\u00f3n<\/strong> contra opositores pol\u00edticos, han sido utilizados por reg\u00edmenes como el cubano y venezolano para crear redes de \u201csoplones\u201d en favor del r\u00e9gimen existente.<\/p>\n<p>Como en aquellos pa\u00edses y gobiernos populistas, aqu\u00ed el <em>Sistema de Ciudadanos Alertadores Internos y Externos de la Corrupci\u00f3n<\/em> operar\u00e1 bajo la protecci\u00f3n del gobierno a los alertadores, denunciantes o delatadores, <em>chivatos<\/em>, o como quiera que se les llame, indic\u00f3 la senadora.<\/p>\n<p>Su testimonio ser\u00e1 an\u00f3nimo y por cada denuncia se dar\u00eda una retribuci\u00f3n econ\u00f3mica, se indica.<\/p>\n<p>En Cuba y Venezuela, como antes en la Alemania Oriental y la URSSS, estos sistemas terminaron siendo instrumentos de terror, de presi\u00f3n pol\u00edtica en contra de los adversarios del r\u00e9gimen.<\/p>\n<p style=\"text-align: center;\"><strong>Q-ats, la guerra de las nanomol\u00e9culas contra Covid-19<\/strong><\/p>\n<p>El miedo al contagio del Covid-19 es sin duda casi una pandemia del tama\u00f1o de la del mismo virus.<\/p>\n<p>No hay quien en estos momentos en el mundo no sienta este miedo al Covid-19. Bueno, menos aquellos con fallas en sus neuronas que todav\u00eda deambulan por nuestros barrios creyendo que el coronavirus es un mito, una fantas\u00eda creada por <strong><em>Los Illuminati<\/em><\/strong>, que ya sabe usted, viven en los s\u00f3tanos m\u00e1s oscuros del gran poder universal con un \u00fanico objetivo: dominar con las peores argucias al mundo.<\/p>\n<p>Pero, bueno, de regreso a nuestra realidad donde el coronavirus es la peor de nuestras amenazas, les quiero informar que, desarrollado en la Universidad de Emory, en Atlanta, Georgia, Estados Unidos y avalado por la Agencia de Protecci\u00f3n Ambiental de Estados Unidos (EPA), la Food and Drug Administration (FDA) y por otros organismos similares en Europa y en M\u00e9xico por Salud y otras dependencias del \u00e1rea, con la Norma Oficial Mexicana NOM-045-SSA2-2005, lleg\u00f3 a M\u00e9xico <strong>Q-ats,<\/strong> un elemento que con nanomol\u00e9culas combate al coronavirus y lo erradica de espacios infectados hasta por 30 d\u00edas.<\/p>\n<p>Mire usted, dar este tipo de informaciones en realidad es importante porque este tipo de productos y sistemas salvan vidas.<\/p>\n<p>El <strong>Q-ats<\/strong> -aplicado por la empresa con el mismo nombre-, est\u00e1 ya siendo utilizado para sanitizar sitios como las amplias instalaciones del Senado en Paseo de la Reforma e Insurgentes, el hospital Covid Zaragoza, otros hospitales, hoteles, y algunas otras oficinas relacionadas, los C-4 y C-5 esenciales en los sistemas de Seguridad P\u00fablica, en instalaciones de la Secretar\u00eda de Seguridad P\u00fablica y en, restaurantes, industrias, aeropuertos, escuelas, oficinas, casas habitaci\u00f3n y sistemas de transporte.<\/p>\n<p>Este blindaje epidemiol\u00f3gico, de prevenci\u00f3n y control de las infecciones nosocomiales (con capacidad de prevenir y anular infecciones durante la estancia en un hospital, y que no estaban presentes ni en el periodo de incubaci\u00f3n ni en el momento del ingreso del paciente) opera con base en un amplio espectro antimicrobiano, que elimina bacterias, hongos, algas, levaduras y virus malignos (entre ellos el coronavirus) de las superficies con baja toxicidad y sin afectar al medio ambiente.<\/p>\n<p style=\"text-align: center;\"><strong>Apoyo no solicitado<\/strong><\/p>\n<p>El desplegado de ayer de 44 senadores de 60 que tiene Morena -encabezados por Ricardo Monreal-, pudiera ser lo contrario que buscan expresar.<\/p>\n<p>El desplegado es de apoyo al presidente <strong>Andr\u00e9s Manuel L\u00f3pez Obrador<\/strong>, quien anteayer en su informe a la naci\u00f3n a 2 a\u00f1os de ganar la Presidencia, se quej\u00f3 de ser el mandatario mexicano m\u00e1s insultado en los \u00faltimos 100 a\u00f1os.<\/p>\n<p>En este escrito, los 44 senadores encabezados por su l\u00edder expresan su respaldo a <strong>AMLO<\/strong> en contra de los \u201cconservadores\u201d a quienes acusaron de pretender desprestigiar ante el mundo a la 4T.<\/p>\n<p>\u00bfY quienes son los conservadores denunciados?<\/p>\n<p>Los senadores morenistas no lo explicitan y s\u00f3lo queda entonces voltear a ver a quienes el propio <strong>AMLO <\/strong>ha se\u00f1alado en sus <em>ma\u00f1aneras<\/em> y en sus actos en la plaza p\u00fablica, como conservadores y estos son: empresarios de todos los niveles, colores y \u00e1reas; calificadoras, instituciones financieras, periodistas y sus medios, gobernadores rebeldes, todos los panistas, de arriba a abajo; los ex presidentes de 1988 a 2018, m\u00e9dicos que s\u00f3lo buscan comercializar con su profesi\u00f3n, tooodos los economistas, ingenieros y arquitectos, cient\u00edficos e investigadores, deportistas, becarios del Conacyt, padres de ni\u00f1os con c\u00e1ncer, madres ex beneficiarias de instancias infantiles, los de FRENA y sus multitudinarias caravanas de claxonazos, miembros de organismos aut\u00f3nomos y quien quiera usted agregarle a la lista.<\/p>\n<p>Yo lo que s\u00e9, es que se apoya a quien se ve d\u00e9bil, fr\u00e1gil, expuesto, amenazado y se da respaldo normalmente de alguien con mayor fuerza a uno con menor presencia.<\/p>\n<p>\u00bfSer\u00e1 que eso perciben los senadores de Morena en <strong>AMLO<\/strong>?<\/p>\n<p><em><a href=\"mailto:rvizcainoa@gmail.com\" target=\"_blank\" rel=\"noopener noreferrer\">rvizcainoa@gmail.com<\/a><br \/>\n<u><a href=\"http:\/\/endirecto.mx\" target=\"_blank\" rel=\"noopener noreferrer\">www.endirecto.mx<\/a><br \/>\n<a href=\"https:\/\/twitter.com\/_rvizcaino\" target=\"_blank\" rel=\"noopener noreferrer\">@_RVizcaino<\/a><br \/>\n<a href=\"https:\/\/www.facebook.com\/rvizcainoa\" target=\"_blank\" rel=\"noopener noreferrer\">facebook.com\/rvizcainoa<\/a><\/u><\/em><\/p>\n","protected":false},"excerpt":{"rendered":"<p><span style=\"color: #005497;\"><strong>Roberto Vizca\u00edno<\/strong><\/span><br \/>\n<br \/>\nEl m\u00e9todo de la petici\u00f3n de licencia en tiempos de pandemia o de la 4T, es hoy el mismo que en la \u00e9poca del odiado neoliberalismo que dice <strong>AMLO<\/strong> ya no existe, pero que goza de plena salud, y por ello ya los primeros senadores se han separado de sus esca\u00f1os para ir a buscar una gubernatura de las 15 en juego o una alcald\u00eda o alguno de los otros cientos de cargos de elecci\u00f3n que estar\u00e1n en juego en el proceso de 2021.<\/p>\n","protected":false},"author":3,"featured_media":472956,"comment_status":"open","ping_status":"open","sticky":false,"template":"","format":"standard","meta":{"_monsterinsights_skip_tracking":false,"_monsterinsights_sitenote_active":false,"_monsterinsights_sitenote_note":"","_monsterinsights_sitenote_category":0,"footnotes":""},"categories":[136],"tags":[43674,93,94],"class_list":["post-472919","post","type-post","status-publish","format-standard","has-post-thumbnail","hentry","category-roberto-vizcaino-opinion","tag-opinion","tag-roberto-vizcaino","tag-tras-la-puerta-del-poder"],"_links":{"self":[{"href":"https:\/\/www.diarioimagen.net\/index.php?rest_route=\/wp\/v2\/posts\/472919","targetHints":{"allow":["GET"]}}],"collection":[{"href":"https:\/\/www.diarioimagen.net\/index.php?rest_route=\/wp\/v2\/posts"}],"about":[{"href":"https:\/\/www.diarioimagen.net\/index.php?rest_route=\/wp\/v2\/types\/post"}],"author":[{"embeddable":true,"href":"https:\/\/www.diarioimagen.net\/index.php?rest_route=\/wp\/v2\/users\/3"}],"replies":[{"embeddable":true,"href":"https:\/\/www.diarioimagen.net\/index.php?rest_route=%2Fwp%2Fv2%2Fcomments&post=472919"}],"version-history":[{"count":0,"href":"https:\/\/www.diarioimagen.net\/index.php?rest_route=\/wp\/v2\/posts\/472919\/revisions"}],"wp:featuredmedia":[{"embeddable":true,"href":"https:\/\/www.diarioimagen.net\/index.php?rest_route=\/wp\/v2\/media\/472956"}],"wp:attachment":[{"href":"https:\/\/www.diarioimagen.net\/index.php?rest_route=%2Fwp%2Fv2%2Fmedia&parent=472919"}],"wp:term":[{"taxonomy":"category","embeddable":true,"href":"https:\/\/www.diarioimagen.net\/index.php?rest_route=%2Fwp%2Fv2%2Fcategories&post=472919"},{"taxonomy":"post_tag","embeddable":true,"href":"https:\/\/www.diarioimagen.net\/index.php?rest_route=%2Fwp%2Fv2%2Ftags&post=472919"}],"curies":[{"name":"wp","href":"https:\/\/api.w.org\/{rel}","templated":true}]}}