{"id":472944,"date":"2020-07-03T00:08:06","date_gmt":"2020-07-03T05:08:06","guid":{"rendered":"https:\/\/www.diarioimagen.net\/?p=472944"},"modified":"2020-07-03T03:08:33","modified_gmt":"2020-07-03T08:08:33","slug":"medio-millon-de-empresas-pueden-desaparecer","status":"publish","type":"post","link":"https:\/\/www.diarioimagen.net\/?p=472944","title":{"rendered":"Medio mill\u00f3n de empresas pueden desaparecer"},"content":{"rendered":"<h2>Clase Pol\u00edtica<\/h2>\n<h5>Miguel \u00c1ngel Rivera<\/h5>\n<p>&nbsp;<\/p>\n<p>En contra del optimismo del presidente Andr\u00e9s Manuel L\u00f3pez Obrador en el sentido de que M\u00e9xico \u201cya toc\u00f3 fondo\u201d en la actual crisis, organismos especializados en el an\u00e1lisis de la situaci\u00f3n econ\u00f3mica mundial, sin pretender desmentir el mandatario, advierten que la situaci\u00f3n se pondr\u00e1 peor.<\/p>\n<p>Para entrar en una visi\u00f3n m\u00e1s realista, se deben tomar en cuenta, tambi\u00e9n, las advertencias de que el Tratado de Libre Comercio con los Estados Unidos y Canad\u00e1 (T-MEC) que el mandatario mexicano se propone celebrar en Washington \u2013su primera salida al extranjero\u2013 al lado de su hom\u00f3logo de Donald Trump, no representar\u00e1 una soluci\u00f3n m\u00e1gica.<\/p>\n<p>Por ejemplo, la Comisi\u00f3n Econ\u00f3mica para Am\u00e9rica Latina (CEPAL), encabezada por la mexicana Alicia B\u00e1rcena, advirti\u00f3 que son casi medio mill\u00f3n de empresas formales las que est\u00e1n en riesgo de desaparecer en nuestro pa\u00eds, en un plazo de seis meses, debido a la crisis disparada por la pandemia de Covid-19.<\/p>\n<p>Los especialistas de CEPAL estiman que, en toda la regi\u00f3n, un total de 2.7 millones de empresas formales \u2013una de cada cinco\u2013 est\u00e1n en riesgo. Del mencionado total, 2.6 millones son microempresas, que en caso de suspender actividades definitivamente representar\u00e1n la p\u00e9rdida de 8.5 millones de empleos formales.<\/p>\n<p>Los negocios en riesgo y que deber\u00e1n atenerse a sus propios recursos y capacidades \u2013pues el presidente L\u00f3pez Obrador ya advirti\u00f3 que no recibir\u00e1n ayuda oficial- se ubican en sectores tan importantes como el comercio al mayoreo, al menudeo, el turismo, la manufactura, automotriz, autopartes, construcci\u00f3n, servicios e industrias culturales.<\/p>\n<p>En videoconferencia, la secretaria ejecutiva de la CEPAL, se\u00f1al\u00f3 que la producci\u00f3n industrial retrocedi\u00f3 29.6 por ciento respecto a abril del a\u00f1o pasado y el descenso en la manufacturera fue del 35 por ciento. La industria automotriz ha sido de las m\u00e1s afectadas, con una producci\u00f3n de veh\u00edculos ligeros 93 por ciento menor, respecto al mismo mes de 2019.<\/p>\n<p>Un aspecto positivo para el gobierno de la llamada Cuarta Transformaci\u00f3n consiste en que la secretaria ejecutiva de la CEPAL calific\u00f3 de positiva la pol\u00edtica de cr\u00e9dito a la palabra y sembrando vida, entre otros, para peque\u00f1as empresas.<\/p>\n<p>Sin embargo, B\u00e1rcena indic\u00f3 que el apoyo econ\u00f3mico a las unidades econ\u00f3micas \u201ctiene que ser de gran escala. No sirve que sea parcial porque no va a alcanzar. Esto es para evitar la destrucci\u00f3n del empleo y de las empresas\u201d, dijo. Destac\u00f3 que las grandes empresas dan 39 por ciento del empleo formal y representan 90 por ciento de las exportaciones en Am\u00e9rica Latina.<\/p>\n<p>Indic\u00f3, que se debe \u201capoyar a empresas que generan empleos de calidad y en sectores estrat\u00e9gicos. Por ejemplo, dijo, Aerom\u00e9xico es una de las empresas que est\u00e1 pidiendo esos apoyos; hay sectores que van a ser muy afectados en el pa\u00eds, agreg\u00f3.<\/p>\n<p>Tambi\u00e9n pronostic\u00f3 que el turismo dom\u00e9stico ser\u00e1 clave para la recuperaci\u00f3n y que ser\u00e1 probable que haya una reactivaci\u00f3n pronta.<\/p>\n<p>En cuanto al T-MEC, asegur\u00f3 que dar\u00e1 certidumbre en un mercado de 490 millones de personas que representa alrededor de 18 por ciento del PIB global y que con ello, el pa\u00eds se posicionar\u00e1 bien respecto a los cuatro bloques comerciales del futuro.<\/p>\n<p>La secretaria ejecutiva de la CEPAL present\u00f3 el documento <em>Sectores y Empresas Frente al Covid 19: Emergencia Y Reactivaci\u00f3n<\/em>, en el cual se detalla que en la mayor\u00eda de los pa\u00edses de Am\u00e9rica Latina, los apoyos de cr\u00e9dito son menores a 4 por ciento. M\u00e9xico da 2.6 por ciento, mientras que algunas econom\u00edas similares, como Brasil, Colombia y Chile est\u00e1n dando 3.9, 8 y 11.4 por ciento, respectivamente.<\/p>\n<p>Recomend\u00f3, adem\u00e1s, reforzar una pol\u00edtica de extender los plazos de liquidez y acceso al cr\u00e9dito, cofinanciamiento de n\u00f3minas salariales, transferencias en efectivo a trabajadores aut\u00f3nomos (en M\u00e9xico el recurso a 15 millones costar\u00eda 0.4 por ciento del PIB) y apoyo a empresas de todo tama\u00f1o, todo bajo el entendido de que las empresas no generar\u00e1n utilidades de manera r\u00e1pida.<\/p>\n<p style=\"text-align: center;\"><strong>M\u00e1s inversi\u00f3n en educaci\u00f3n y salud, recomienda el FMI<\/strong><\/p>\n<p>Un organismo poco apreciado por el presidente L\u00f3pez Obrador, el Fondo Monetario Internacional (FMI), se\u00f1al\u00f3 que para sortear la crisis econ\u00f3mica global, el gasto p\u00fablico deber\u00e1 estar a\u00fan m\u00e1s enfocado a educaci\u00f3n y salud, para apoyar a los sectores de la poblaci\u00f3n con menores ingresos.<\/p>\n<p>El director del departamento del hemisferio occidental de ese organismo, Alejandro Werner, indic\u00f3 que los gobiernos deber\u00e1n gastar en un marco de sostenibilidad fiscal de mediano plazo, pues en los pr\u00f3ximos dos a\u00f1os podr\u00edan generarse procesos m\u00e1s profundos de reestructuraci\u00f3n de deuda.<\/p>\n<p>\u201cEn la medida de lo posible, creemos que \u00e9sta es una ocasi\u00f3n para que los gobiernos gasten. \u00bfEn qu\u00e9? Primero, en apoyar a su sector salud. Es dif\u00edcil encontrar el pa\u00eds que en sus pol\u00edticas del sector salud haya, de manera preventiva, invertido para hacerle frente a una pandemia. Entonces, hoy r\u00e1pidamente tenemos que compensar esas fallas, invertir en capacidad para hacer pruebas; en capacidad de terapia intensiva y respiradores, y tambi\u00e9n en esto que le dicen el rastreo de los enfermos y los contagiados\u201d, afirm\u00f3.<\/p>\n<p>Record\u00f3 que una de las acciones principales contra la pandemia es la de permanecer en casa para limitar el contacto con otras personas, muchas de estas familias van a perder su ingreso laboral, por lo que es deseable que el gobierno compense parcialmente la falta de estos ingresos.<\/p>\n<p>Indic\u00f3 que la ayuda debe enfocarse en aquellas familias m\u00e1s pobres y las m\u00e1s afectadas por la pandemia. Y lo mismo debe aplicar por el lado empresarial: en la medida que hay ciertas empresas y establecimientos comerciales que son viables, pero que no pueden sobrevivir cuatro o cinco meses de pandemia porque la ca\u00edda de sus ingresos es brutal, el tener ciertos apoyos que les permitan cruzar hasta el otro lado del r\u00edo y luego seguir con su actividad normal es bueno, para que la econom\u00eda est\u00e9 en una mejor posici\u00f3n a la hora que logremos contener el virus y eventualmente encontrar una vacuna\u201d, dijo.<\/p>\n<p>Mencion\u00f3 que en Latinoam\u00e9rica, varias naciones han optando por aumentar el gasto p\u00fablico, como es el caso de Brasil y Per\u00fa, que lo elevaron entre 4 y 6 por ciento del PIB; mientras que Chile y Colombia, entre 2 y 4 por ciento. Indic\u00f3 que M\u00e9xico se percibe como el pa\u00eds que gasta menos en estas pol\u00edticas de apoyo, pero -algo bueno- saldr\u00e1 de la crisis con menos deuda que sus pares de la regi\u00f3n.<\/p>\n<p style=\"text-align: center;\"><strong>Menores ingresos para seis de cada diez, por el confinamiento<\/strong><\/p>\n<p>Por otra parte, una encuesta realizada por el Instituto Nacional de Salud P\u00fablica (INSP) puso de manifiesto que seis de cada 10 entrevistados se\u00f1al\u00f3 que disminuyeron sus ingresos a partir del confinamiento, que inici\u00f3 en marzo.<\/p>\n<p>De acuerdo con la denominada Encuesta Nacional de las Caracter\u00edsticas de la Poblaci\u00f3n Durante la Pandemia de Covid-19, una tercera parte de las personas que aceptaron participar declar\u00f3 que alg\u00fan integrante del hogar perdi\u00f3 el empleo en este periodo y uno de cada tres encuestados tuvieron alguna experiencia de inseguridad alimentaria, entre otras cosas, debido a la preocupaci\u00f3n porque los alimentos se acaben, disminuci\u00f3n en la variedad de la dieta o consumieron menos alimentos de los que acostumbran por falta de dinero o recursos.<\/p>\n<p>En el estudio participaron mil 73 adultos mexicanos de 20 a\u00f1os y m\u00e1s a nivel nacional, con una media de edad de 54 a\u00f1os. De las 12 mil 850 llamadas, se obtuvo respuesta completa en del 8.4 por ciento, en tanto que, 11 mil 777 no contestaron o lo hicieron de manera incompleta.<\/p>\n<p>La directora del Centro de Investigaci\u00f3n en Evaluaci\u00f3n y Encuestas del INSP, Teresa Shamah Levy, indic\u00f3 que en el sondeo, una proporci\u00f3n importante de la poblaci\u00f3n (alrededor del 55 por ciento) respondi\u00f3 tener enfermedades cr\u00f3nicas que significan mayor vulnerabilidad ante el Covid-19.<\/p>\n<p>El jefe de la Unidad de Desarrollo Social sede subregional de la CEPAL en M\u00e9xico, Miguel del Castillo Negrete Rovira, coment\u00f3 que la crisis social y de salud ha puesto de manifiesto que la gran mayor\u00eda de la poblaci\u00f3n del pa\u00eds sufre del doble problema del hambre: desnutrici\u00f3n o mala nutrici\u00f3n. En particular, mencion\u00f3 que poco m\u00e1s del 20 por ciento de los ni\u00f1os menores de 5 a\u00f1os tienen anemia, al igual que una buena proporci\u00f3n de adultos mayores.<\/p>\n<p>\u201cDe acuerdo a un c\u00e1lculo propio, cerca del 80 por ciento, de los habitantes de M\u00e9xico sufre desnutrici\u00f3n o mala nutrici\u00f3n\u201d, destac\u00f3.<\/p>\n<p><em><a href=\"mailto:riverapaz@infinitummail.com\" target=\"_blank\" rel=\"noopener noreferrer\">riverapaz@infinitummail.com<\/a><\/em><\/p>\n","protected":false},"excerpt":{"rendered":"<p><span style=\"color: #005497;\"><strong>Miguel \u00c1ngel Rivera<\/strong><\/span><\/p>\n","protected":false},"author":3,"featured_media":0,"comment_status":"open","ping_status":"open","sticky":false,"template":"","format":"standard","meta":{"_monsterinsights_skip_tracking":false,"_monsterinsights_sitenote_active":false,"_monsterinsights_sitenote_note":"","_monsterinsights_sitenote_category":0,"footnotes":""},"categories":[84119],"tags":[84120,84121,43674],"class_list":["post-472944","post","type-post","status-publish","format-standard","hentry","category-miguel-angel-rivera","tag-clase-politica","tag-miguel-angel-rivera","tag-opinion"],"_links":{"self":[{"href":"https:\/\/www.diarioimagen.net\/index.php?rest_route=\/wp\/v2\/posts\/472944","targetHints":{"allow":["GET"]}}],"collection":[{"href":"https:\/\/www.diarioimagen.net\/index.php?rest_route=\/wp\/v2\/posts"}],"about":[{"href":"https:\/\/www.diarioimagen.net\/index.php?rest_route=\/wp\/v2\/types\/post"}],"author":[{"embeddable":true,"href":"https:\/\/www.diarioimagen.net\/index.php?rest_route=\/wp\/v2\/users\/3"}],"replies":[{"embeddable":true,"href":"https:\/\/www.diarioimagen.net\/index.php?rest_route=%2Fwp%2Fv2%2Fcomments&post=472944"}],"version-history":[{"count":0,"href":"https:\/\/www.diarioimagen.net\/index.php?rest_route=\/wp\/v2\/posts\/472944\/revisions"}],"wp:attachment":[{"href":"https:\/\/www.diarioimagen.net\/index.php?rest_route=%2Fwp%2Fv2%2Fmedia&parent=472944"}],"wp:term":[{"taxonomy":"category","embeddable":true,"href":"https:\/\/www.diarioimagen.net\/index.php?rest_route=%2Fwp%2Fv2%2Fcategories&post=472944"},{"taxonomy":"post_tag","embeddable":true,"href":"https:\/\/www.diarioimagen.net\/index.php?rest_route=%2Fwp%2Fv2%2Ftags&post=472944"}],"curies":[{"name":"wp","href":"https:\/\/api.w.org\/{rel}","templated":true}]}}