{"id":473039,"date":"2020-07-06T00:01:31","date_gmt":"2020-07-06T05:01:31","guid":{"rendered":"https:\/\/www.diarioimagen.net\/?p=473039"},"modified":"2020-07-06T00:38:11","modified_gmt":"2020-07-06T05:38:11","slug":"el-hotel-presidente-intercontinental-polanco-reanudo-actividades-operativas-y-administrativas","status":"publish","type":"post","link":"https:\/\/www.diarioimagen.net\/?p=473039","title":{"rendered":"El Hotel Presidente InterContinental Polanco reanud\u00f3 actividades operativas y administrativas"},"content":{"rendered":"<h2>De cinco estrellas<\/h2>\n<h5>Victoria Gonz\u00e1lez Prado<\/h5>\n<p>&nbsp;<\/p>\n<ul>\n<li><em><strong>Se reactiva el puerto de Acapulco y el binomio Ixtapa-Zihuatanejo con estrictas medidas de higiene<\/strong><\/em><\/li>\n<li><strong><em>Alfredo Del Mazo, gobernador del Estado de M\u00e9xico, exenta al sector tur\u00edstico del pago del Impuesto Sobre la Prestaci\u00f3n de Servicios y Hospedajes\u00a0<\/em> <\/strong><\/li>\n<\/ul>\n<p>&nbsp;<\/p>\n<p>&nbsp;<\/p>\n<div id=\"attachment_473139\" style=\"width: 310px\" class=\"wp-caption alignleft\"><a href=\"https:\/\/www.diarioimagen.net\/?attachment_id=473139\" rel=\"attachment wp-att-473139\"><img loading=\"lazy\" decoding=\"async\" aria-describedby=\"caption-attachment-473139\" class=\" wp-image-473139\" src=\"https:\/\/www.diarioimagen.net\/wp-content\/uploads\/2020\/07\/turismo-1-342x460.jpg\" alt=\"\" width=\"300\" height=\"404\" srcset=\"https:\/\/www.diarioimagen.net\/wp-content\/uploads\/2020\/07\/turismo-1-342x460.jpg 342w, https:\/\/www.diarioimagen.net\/wp-content\/uploads\/2020\/07\/turismo-1-178x240.jpg 178w, https:\/\/www.diarioimagen.net\/wp-content\/uploads\/2020\/07\/turismo-1.jpg 520w\" sizes=\"auto, (max-width: 300px) 100vw, 300px\" \/><\/a><p id=\"caption-attachment-473139\" class=\"wp-caption-text\">Abri\u00f3 sus puertas con estrictas medidas de higiene.<\/p><\/div>\n<p>El Hotel Presidente InterContinental Polanco reanud\u00f3 actividades operativas y administrativas bajo la implementaci\u00f3n de nuevos protocolos de servicio, protecci\u00f3n y limpieza dise\u00f1ados para ofrecer a hu\u00e9spedes, comensales y colaboradores, mayor seguridad y confianza.<\/p>\n<p>El grupo hotelero desarroll\u00f3 programa en conjunto con expertos de <em>Ecolab,<\/em> \u2014tecnolog\u00eda y servicios de limpieza\u2014, para brindar estancia segura en todas las propiedades. El programa se reforz\u00f3 con lineamientos y recomendaciones de las autoridades sanitarias globales y locales, as\u00ed como el respaldo y las mejores pr\u00e1cticas de las diferentes marcas internacionales que operan la empresa: <em>IHG, Marriott<\/em> y <em>Hyatt Hotels.<\/em><\/p>\n<p>Todos los hoteles y restaurantes de Grupo Presidente cuentan con certificaciones \u201c<em>Clean Promise\u201d<\/em> otorgado por <em>InterContinental Hoteles Group,<\/em> <em>\u201cSafe Travels\u201d<\/em> emitida por el <em>World Travel and Tourism Council<\/em> <em>(<\/em>WTTC<em>)<\/em>, as\u00ed como el sello \u201c<em>Safeguard <\/em>del <em>Bureau Veritas<\/em>, todas ellas garantizan el buen cumplimiento de las pr\u00e1cticas requeridas por las autoridades para controlar el riesgo de contaminaci\u00f3n con Covid-19.<\/p>\n<p>El objetivo primordial del Grupo es crear y mantener las acciones que garanticen espacios seguros para clientes y colaboradores de los hoteles y restaurantes, basado en: seguridad personal, distanciamiento f\u00edsico, higiene y seguridad, y control de multitudes.<\/p>\n<p>En todas las \u00e1reas de los hoteles se han reforzado los procedimientos de higiene incluyendo limpieza profunda con desinfectantes de grado hospitalario que cumplen con las disposiciones del CDC (<em>Centers for Disease Control and Prevention<\/em>) y la EPA (<em>Environmental Protection Agency<\/em>).<\/p>\n<p>Los restaurantes <em>Au Pied de Cochon<\/em> y <em>The Palm<\/em> dentro del hotel, tambi\u00e9n reiniciaron operaciones, implementando medidas que brindar\u00e1n a los comensales la seguridad de que sus alimentos est\u00e1n elaborados bajo estrictas normas de higiene, desde la manipulaci\u00f3n hasta el servicio de los mismos.<\/p>\n<p>La capacidad de cada restaurante se redujo respetando distancia social de 2 metros entre mesa y mesa, y el servicio ser\u00e1 a la carta.<\/p>\n<p>\u2730\u2730\u2730\u2730\u2730<strong> H\u00e9ctor Astudillo Flores<\/strong>, gobernador de Guerrero, anunci\u00f3 la reanudaci\u00f3n de actividades en la entidad, As\u00ed, Ixtapa-Zihuatanejo y el puerto de Acapulco \u00a0esperan a los visitantes para reactivar la econom\u00eda. Mientras que hoteles. restaurantes, espacios p\u00fablicos y playas, \u00e9stas \u00faltimas s\u00f3lo para actividades individuales han comenzado con actividades.<\/p>\n<p>El gobernador dijo: \u201cla estrategia se basa en las dos prioridades para el gobierno de Guerrero: proteger la salud de los guerrerenses y visitantes y la recuperaci\u00f3n de la econom\u00eda provocada por la pandemia. El proceso de reapertura se implementar\u00e1 de acuerdo con tres ejes principales: de forma gradual y ordenada, atender los protocolos t\u00e9cnicos y actuar siempre bajo los lineamientos de los protocolos de protecci\u00f3n a la salud\u201c.<\/p>\n<p>\u201cHacerlo bajo estos preceptos y apegados a los nuevos porcentajes de reapertura de acuerdo con el sem\u00e1foro de riesgo emitido por la Secretar\u00eda de Salud federal, permite controlar el regreso del turismo al mantener sana distancia y protocolos que contribuyan a tener un margen de blindaje sanitario para la poblaci\u00f3n de la entidad y para nuestros visitantes.\u201d, se\u00f1al\u00f3.<\/p>\n<p>El proyecto \u00abGuerrero Punto Limpio Covid-19\u00bb consiste en cursos gratuitos virtuales de higiene y bioseguridad en hoteler\u00eda, centros de consumo, industria tur\u00edstica y prestadores de servicios para proteger a los visitantes y trabajadores de la industria con base en las medidas sanitarias implementadas por la Secretar\u00eda de Salud federal.<\/p>\n<p>\u2730\u2730\u2730\u2730\u2730<strong> Alfredo Del Mazo<\/strong>, gobernador del Estado de M\u00e9xico, instruy\u00f3 exentar al sector tur\u00edstico del pago del Impuesto Sobre la Prestaci\u00f3n de Servicios y Hospedajes, desde el pasado mes de abril y hasta el pr\u00f3ximo agosto. La medida pretende apoyar dada la contingencia por el Covid-19.<\/p>\n<p>As\u00ed lo dio a conocer <strong>Evelyn Osornio Jim\u00e9nez<\/strong>, titular de la Secretar\u00eda de Turismo de esa entidad, quien agreg\u00f3 que por primera vez entrar\u00e1 en operaci\u00f3n el Fideicomiso para la Promoci\u00f3n Tur\u00edstica.<\/p>\n<p>\u201cLos proyectos presentados ante el fideicomiso fueron aprobados, y a trav\u00e9s de \u00e9stos se dar\u00e1 impulso al sector, se contribuir\u00e1 a la reactivaci\u00f3n econ\u00f3mica y a la recuperaci\u00f3n de la afluencia tur\u00edstica en la entidad\u201d, dijo la secretaria de Turismo y asegur\u00f3 se trabaja en herramienta innovadora que cambiar\u00e1 la forma de hacer turismo en la entidad, mediante la construcci\u00f3n de plataforma digital constituida por gestor de contenidos, p\u00e1gina web y\u00a0 aplicaci\u00f3n m\u00f3vil.<\/p>\n<p>La herramienta digital, cumple con est\u00e1ndares internacionales, \u201cse trata de un desarrollo similar a los que se utilizan en Londres o Nueva York, tiene componentes de programaci\u00f3n y bases de datos de \u00faltima generaci\u00f3n, sin costo de licenciamiento, ni pagos anuales de soporte y mantenimiento, lo que representa un ahorro significativo para el Estado de M\u00e9xico\u201d, indic\u00f3.<\/p>\n<p><strong>Osornio Jim\u00e9nez<\/strong> hizo hincapi\u00e9 en la constante capacitaci\u00f3n mediante cursos en redes sociales, talleres virtuales, <em>webinars<\/em>, y la vinculaci\u00f3n de Micro, Peque\u00f1as y Medianas Empresas (MIPyMES) con Nacional Financiera, para obtener acceso a cr\u00e9ditos preferentes que van desde los 300 mil pesos hasta 60 millones de pesos.<\/p>\n<p>En reuni\u00f3n de trabajo virtual, entre Consejo Coordinador Empresarial del Estado de M\u00e9xico (CCEM), que preside <strong>Laura Gonz\u00e1lez Hern\u00e1ndez<\/strong>, y la Secretar\u00eda de Turismo, en la que participaron m\u00e1s de 240 empresarios relacionados con el sector, se recordaron las acciones que implement\u00f3 la dependencia para apoyar al sector durante la contingencia, como acompa\u00f1amiento y asesor\u00eda t\u00e9cnica para los Turibonos mexiquenses, estrategia empresarial de ventas anticipadas que \u00a0\u00a0\u00a0\u00a0ha generado 238 productos o servicios a bajo costo para el turista y que pueden consultarse en: <a href=\"http:\/\/www.turibono-mexiquense.com\/\" target=\"_blank\" rel=\"noopener noreferrer\">http:\/\/www.turibono-mexiquense.com<\/a>.<\/p>\n<p>Por \u00faltimo, la titular de Turismo se sum\u00f3 al llamado que hicieron los empresarios para fortalecer el turismo dom\u00e9stico, que ser\u00e1 el que impulse la reactivaci\u00f3n del sector, promoci\u00f3n viajes locales o regionales, y redescubrir los destinos, nuevas experiencias, m\u00e1s vivenciales y de contacto con la naturaleza.<\/p>\n<p>&nbsp;<\/p>\n<blockquote>\n<p style=\"text-align: right;\"><strong>\u201cEl \u00e1ngel de la fama tiene sus alas hechas de papel&#8230; peri\u00f3dico\u201d.<\/strong><\/p>\n<\/blockquote>\n<p>&nbsp;<\/p>\n<p><em><span class=\"Apple-converted-space\"><a href=\"mailto:victoriagprado@gmail.com\" target=\"_blank\" rel=\"noopener noreferrer\">victoriagprado@gmail.com<\/a><br \/>\nTwitter: <a href=\"https:\/\/twitter.com\/victoriagprado\" target=\"_blank\" rel=\"noopener noreferrer\">@victoriagprado<\/a><\/span><\/em><\/p>\n","protected":false},"excerpt":{"rendered":"<p>El Hotel Presidente InterContinental Polanco reanud\u00f3 actividades operativas y administrativas bajo la implementaci\u00f3n de nuevos protocolos de servicio, protecci\u00f3n y limpieza dise\u00f1ados para ofrecer a hu\u00e9spedes, comensales y colaboradores, mayor seguridad y confianza.<\/p>\n","protected":false},"author":3,"featured_media":473141,"comment_status":"open","ping_status":"open","sticky":false,"template":"","format":"standard","meta":{"_monsterinsights_skip_tracking":false,"_monsterinsights_sitenote_active":false,"_monsterinsights_sitenote_note":"","_monsterinsights_sitenote_category":0,"footnotes":""},"categories":[11],"tags":[107,43674,43681,106],"class_list":["post-473039","post","type-post","status-publish","format-standard","has-post-thumbnail","hentry","category-turismo","tag-de-cinco-estrellas","tag-opinion","tag-turismo","tag-victoria-gonzalez-prado"],"_links":{"self":[{"href":"https:\/\/www.diarioimagen.net\/index.php?rest_route=\/wp\/v2\/posts\/473039","targetHints":{"allow":["GET"]}}],"collection":[{"href":"https:\/\/www.diarioimagen.net\/index.php?rest_route=\/wp\/v2\/posts"}],"about":[{"href":"https:\/\/www.diarioimagen.net\/index.php?rest_route=\/wp\/v2\/types\/post"}],"author":[{"embeddable":true,"href":"https:\/\/www.diarioimagen.net\/index.php?rest_route=\/wp\/v2\/users\/3"}],"replies":[{"embeddable":true,"href":"https:\/\/www.diarioimagen.net\/index.php?rest_route=%2Fwp%2Fv2%2Fcomments&post=473039"}],"version-history":[{"count":0,"href":"https:\/\/www.diarioimagen.net\/index.php?rest_route=\/wp\/v2\/posts\/473039\/revisions"}],"wp:featuredmedia":[{"embeddable":true,"href":"https:\/\/www.diarioimagen.net\/index.php?rest_route=\/wp\/v2\/media\/473141"}],"wp:attachment":[{"href":"https:\/\/www.diarioimagen.net\/index.php?rest_route=%2Fwp%2Fv2%2Fmedia&parent=473039"}],"wp:term":[{"taxonomy":"category","embeddable":true,"href":"https:\/\/www.diarioimagen.net\/index.php?rest_route=%2Fwp%2Fv2%2Fcategories&post=473039"},{"taxonomy":"post_tag","embeddable":true,"href":"https:\/\/www.diarioimagen.net\/index.php?rest_route=%2Fwp%2Fv2%2Ftags&post=473039"}],"curies":[{"name":"wp","href":"https:\/\/api.w.org\/{rel}","templated":true}]}}