{"id":473227,"date":"2020-07-07T00:12:12","date_gmt":"2020-07-07T05:12:12","guid":{"rendered":"https:\/\/www.diarioimagen.net\/?p=473227"},"modified":"2020-07-07T01:24:55","modified_gmt":"2020-07-07T06:24:55","slug":"scjn-fgr-y-senado-van-por-jueces-sin-cara-que-juzguen-a-jefes-del-crimen-organizado","status":"publish","type":"post","link":"https:\/\/www.diarioimagen.net\/?p=473227","title":{"rendered":"SCJN, FGR y Senado van por jueces sin cara que juzguen a jefes del crimen organizado"},"content":{"rendered":"<h2>Tras la puerta del poder<\/h2>\n<h5>Roberto Vizca\u00edno<\/h5>\n<p>&nbsp;<\/p>\n<div id=\"attachment_473282\" style=\"width: 470px\" class=\"wp-caption aligncenter\"><a href=\"https:\/\/www.diarioimagen.net\/?attachment_id=473282\" rel=\"attachment wp-att-473282\"><img loading=\"lazy\" decoding=\"async\" aria-describedby=\"caption-attachment-473282\" class=\"size-large wp-image-473282\" src=\"https:\/\/www.diarioimagen.net\/wp-content\/uploads\/2020\/07\/dictaduro-MARAL-460x250.jpg\" alt=\"\" width=\"460\" height=\"250\" srcset=\"https:\/\/www.diarioimagen.net\/wp-content\/uploads\/2020\/07\/dictaduro-MARAL-460x250.jpg 460w, https:\/\/www.diarioimagen.net\/wp-content\/uploads\/2020\/07\/dictaduro-MARAL-240x130.jpg 240w, https:\/\/www.diarioimagen.net\/wp-content\/uploads\/2020\/07\/dictaduro-MARAL.jpg 700w\" sizes=\"auto, (max-width: 460px) 100vw, 460px\" \/><\/a><p id=\"caption-attachment-473282\" class=\"wp-caption-text\">Dictaduro&#8230; | Maral<\/p><\/div>\n<p>&nbsp;<\/p>\n<p>Saben que no son la panacea para romper la cadena de la violencia e inseguridad en M\u00e9xico, que al final estos jueces son expuestos a graves riesgos y represalias, pero <strong>Ricardo Monreal<\/strong>, <strong>Alejandro Gertz Manero<\/strong> y el ministro <strong>Arturo Zald\u00edvar <\/strong>analizan hoy la viabilidad de crear la figura de jueces sin nombre o cara, que actuar\u00edan en el anonimato en juicios contra los altos criminales en M\u00e9xico<strong>.<\/strong><\/p>\n<p>Esta f\u00f3rmula es apoyada en forma creciente por gobernadores, senadores y diputados como un instrumento de cambio y seguridad dentro del sistema de impartici\u00f3n de justicia.<\/p>\n<p>El an\u00e1lisis se aceler\u00f3 con el cruel asesinato del Juez <strong>Uriel Villegas Ortiz<\/strong> y su esposa<strong>, Ver\u00f3nica Barajas Guerra<\/strong> en su casa en Colima.<\/p>\n<p>Hoy los juzgadores, dicen todos los anteriores, corren graves riesgos ya que la propia Constituci\u00f3n y las leyes penales los obligan a que deban estar presentes en cada juicio como obligaci\u00f3n del debido proceso.<\/p>\n<p>\u201c\u2026 eso implica que el juzgador est\u00e9 de frente a las personas imputadas en todas las audiencias, generando una exposici\u00f3n directa que debe tomarse en cuenta, especialmente en casos delincuencia organizada\u201d, explica <strong>Monreal<\/strong>.<\/p>\n<p>De ah\u00ed, que sea urgente la renovaci\u00f3n del sistema de justicia penal, mediante la creaci\u00f3n del C\u00f3digo Penal \u00danico.<\/p>\n<p>\u201cDebemos transitar de un sistema de justicia opaco, anacr\u00f3nico y poco efectivo, a uno din\u00e1mico, accesible y transparente\u201d, subraya el l\u00edder de la mayor\u00eda de Morena en el Senado.<\/p>\n<p>Ello incluye, necesariamente, dice, acudir a esquemas de protecci\u00f3n para juzgadores como lo es la figura del <strong>\u201cJuez sin nombre<\/strong>\u201d.<\/p>\n<p>Precisa:<\/p>\n<p>\u201cSe debe mantener el anonimato del juzgador cuando se trate de asuntos relacionados con delincuencia organizada y casos de corrupci\u00f3n de altos funcionarios y pol\u00edticos.<\/p>\n<p>\u201cAdicionalmente, se debe impulsar la capacitaci\u00f3n y profesionalizaci\u00f3n permanentes de polic\u00edas y elementos de la Fiscal\u00eda, y para el respeto a los derechos humanos dentro de la perspectiva de g\u00e9nero, como ejes fundamentales.<\/p>\n<p>\u201cEso comprende tambi\u00e9n a los sistemas periciales y as\u00ed logremos lo que por a\u00f1os ha parecido un ideal inalcanzable: paz y justicia social para todas y todos los mexicanos\u201d.<\/p>\n<p><strong>Monreal <\/strong>revela que esto es analizado con el presidente de la Suprema Corte de Justicia, el ministro <strong>Arturo Zald\u00edvar<\/strong>, con el Fiscal General de la Rep\u00fablica, <strong>Alejandro Gertz<\/strong>, y con gobernadores, senadoras y senadores preocupados y urgidos por este tema.<\/p>\n<p>\u201cNo podemos esperar m\u00e1s, pues al proteger la vida de los impartidores de justicia y sus familias se garantiza a todo el pueblo de M\u00e9xico una justicia independiente e imparcial\u201d, afirma el tambi\u00e9n presidente de la Junta de Coordinaci\u00f3n Pol\u00edtica de la c\u00e1mara alta.<\/p>\n<p>Experiencias similares se han aplicado en Italia en el caso del combate a la mafia siciliana, donde el hoy hist\u00f3rico juez <strong>Giovanni Falcone<\/strong> investig\u00f3 desde el anonimato al mafioso <strong>Rosario Spatola<\/strong>, vinculado al poder pol\u00edtico.<\/p>\n<p>Al final, el juez <strong>Falcone<\/strong> fue descubierto y asesinado junto al juez <strong>Paolo Borsellino<\/strong>, entre otros magistrados italianos. Sin embargo su actuaci\u00f3n llev\u00f3 a la c\u00e1rcel a varios jefes mafiosos y a la desarticulaci\u00f3n de sus grupos.<\/p>\n<p>En Colombia y Per\u00fa se dieron otros casos de jueces sin rostro.<\/p>\n<p>Colombia, bajo el Decreto 2970 (conocido como Estatuto para la Defensa de la Justicia), cre\u00f3 esta figura y en Per\u00fa, durante la administraci\u00f3n de <strong>Alberto Fujimori<\/strong> hubo jueces sin rostro en los procesos contra l\u00edderes de Sendero Luminoso.<\/p>\n<p><strong>Ricardo Monreal <\/strong>considera que el proceso de violencia e inseguridad que vive M\u00e9xico hace inaplazable una reforma integral en materia de procuraci\u00f3n y administraci\u00f3n de justicia.<\/p>\n<p>\u201cY esta reforma s\u00f3lo ser\u00e1 efectiva si la hacemos de la mano del propio Poder Judicial\u201d, apunt\u00f3.<\/p>\n<p>El Estado, afirma, debe garantizar la seguridad y protecci\u00f3n de magistrados, jueces y todos quienes intervienen en la impartici\u00f3n de justicia, es una m\u00e1xima constitucional y un compromiso establecido por tratados internacionales.<\/p>\n<p style=\"text-align: center;\">*****<\/p>\n<p>La visita oficial del Presidente de la Rep\u00fablica, <strong>Andr\u00e9s Manuel L\u00f3pez Obrador<\/strong>, a territorio de Estados Unidos, no requiere la autorizaci\u00f3n del Senado de la Rep\u00fablica, precis\u00f3 <strong>Ricardo Monreal \u00c1vila<\/strong>, presidente de la Junta de Coordinaci\u00f3n Pol\u00edtica.<\/p>\n<p>A trav\u00e9s de un mensaje emitido en redes sociales, el coordinador del Grupo Parlamentario en el Senado puntualiz\u00f3 que el mandatario saldr\u00e1 menos de dos d\u00edas, mientras que la autorizaci\u00f3n formal se solicita cuando el jefe del Ejecutivo federal se ausenta del territorio nacional por m\u00e1s de siete d\u00edas.<\/p>\n<p>Agreg\u00f3 que basta con que el Presidente, a trav\u00e9s de la Secretar\u00eda de Gobernaci\u00f3n o la de Relaciones Exteriores, se\u00f1ale el objeto de su visita y se d\u00e9 por enterado al Senado de la Rep\u00fablica o, en su caso, a la Comisi\u00f3n Permanente del Congreso de la Uni\u00f3n.<\/p>\n<p>Record\u00f3 que el pr\u00f3ximo 8 y 9 de julio, el Presidente de la Rep\u00fablica tendr\u00e1 su primera visita oficial, la cual ser\u00e1 a uno de los pa\u00edses m\u00e1s poderosos y socio comercial m\u00e1s importes de M\u00e9xico, Estados Unidos.<\/p>\n<p>Especific\u00f3 que esta gira se realiza con el prop\u00f3sito de revisar el inicio del Tratado entre M\u00e9xico, Estados Unidos y Canad\u00e1 (T-MEC), el cual entr\u00f3 en vigor el pasado 1 de julio.<\/p>\n<p>Monreal \u00c1vila destac\u00f3 que, por primera vez en la historia, el Presidente de M\u00e9xico va a caminar por los filtros usuales de migraci\u00f3n y aduanas, y viajar\u00e1 en avi\u00f3n comercial como cualquier ciudadano o visitante. Ins\u00f3lita ser\u00e1 la imagen, apunt\u00f3.<\/p>\n<p>\u201cEstamos muy claros de que la austeridad republicana se impone: eso se llama congruencia. Bien, por nuestro Presidente de la Rep\u00fablica\u201d, subray\u00f3.<\/p>\n<p style=\"text-align: center;\"><strong>Diputadas piden a Herrera respetar presupuestos<\/strong><\/p>\n<p>Un grupo de dirigentes y coordinadoras de la C\u00e1mara de Diputados le pidieron ayer formalmente al secretario de Hacienda, <strong>Arturo Herrera,<\/strong> no aplicar recortes presupuestales a las \u00e1reas establecidas en los rubros de \u201cerogaciones para la igualdad entre mujeres y hombres\u201d.<\/p>\n<p>En un comunicado firmado por las diputadas <strong>Laura Ang\u00e9lica Rojas<\/strong>, (PAN), presidenta de la Mesa Directiva; <strong>Ver\u00f3nica Ju\u00e1rez<\/strong>, Coordinadora del Grupo Parlamentario del PRD; <strong>Lorena Villavicencio, c<\/strong>oordinadora de la Subcomisi\u00f3n para la Atenci\u00f3n de los Feminicidios (Morena); <strong>Martha Tagle, de <\/strong>Movimiento Ciudadano, y <strong>Lourdes Erika S\u00e1nchez<\/strong>, del PRI, le recordaron que la emergencia sanitaria del SARS-CoV-2, ha derivado en un incremento de la violencia de g\u00e9nero en M\u00e9xico durante los meses recientes.<\/p>\n<p>Y le recordaron igual que en el Anexo 13 del Presupuesto de Egresos de la Federaci\u00f3n, en el rubro \u201cErogaciones para la Igualdad Sustantiva entre mujeres y hombres\u201d, concurren Programas Presupuestarios y Unidades Responsables, cuyos recursos son destinados a obras, acciones y servicios vinculados con la igualdad entre mujeres y hombres, la erradicaci\u00f3n de la violencia de g\u00e9nero y cualquier forma de discriminaci\u00f3n, estableciendo, adem\u00e1s, en el \u00faltimo p\u00e1rrafo del art\u00edculo 58 de dicha ley, (por lo) que:<\/p>\n<p>Desde que fue declarada la cuarentena el pasado mes de marzo, le dicen, se denunci\u00f3 que el confinamiento genera condiciones para que la violencia de g\u00e9nero se incremente de manera alarmante, ya que el aislamiento produce una limitaci\u00f3n de la movilidad que aumenta sustancialmente la violencia contra las mujeres y contribuye a la impunidad por parte de los agresores, incrementando las barreras para que las mujeres puedan salir de la violencia que se ejerce en su contra.<\/p>\n<p>Los datos recabados por diversas organizaciones dedicadas a erradicar la violencia de g\u00e9nero confirman el incremento de \u00e9sta durante los meses de la cuarentena, expuestos en el aumento significativo de n\u00famero de llamadas de auxilio a los servicios de emergencia y las cifras de homicidios dolosos adicionados a los feminicidios. En definitiva, el confinamiento ha atrapado a las mujeres en un c\u00edrculo de violencia que aparece actualmente como un flagelo imparable. Y atender toda esta problem\u00e1tica, requiere de recursos establecidos en el Presupuesto de Egresos, concluyen.<\/p>\n<p><em><a href=\"mailto:rvizcainoa@gmail.com\" target=\"_blank\" rel=\"noopener noreferrer\">rvizcainoa@gmail.com<\/a><br \/>\n<u><a href=\"http:\/\/endirecto.mx\" target=\"_blank\" rel=\"noopener noreferrer\">www.endirecto.mx<\/a><br \/>\n<a href=\"https:\/\/twitter.com\/_rvizcaino\" target=\"_blank\" rel=\"noopener noreferrer\">@_RVizcaino<\/a><br \/>\n<a href=\"https:\/\/www.facebook.com\/rvizcainoa\" target=\"_blank\" rel=\"noopener noreferrer\">facebook.com\/rvizcainoa<\/a><\/u><\/em><\/p>\n","protected":false},"excerpt":{"rendered":"<p><span style=\"color: #005497;\"><strong>Roberto Vizca\u00edno<\/strong><\/span><br \/>\n<br \/>\nSaben que no son la panacea para romper la cadena de la violencia e inseguridad en M\u00e9xico, que al final estos jueces son expuestos a graves riesgos y represalias, pero <strong>Ricardo Monreal<\/strong>, <strong>Alejandro Gertz Manero<\/strong> y el ministro <strong>Arturo Zald\u00edvar <\/strong>analizan hoy la viabilidad de crear la figura de jueces sin nombre o cara, que actuar\u00edan en el anonimato en juicios contra los altos criminales en M\u00e9xico<strong>.<\/strong><\/p>\n","protected":false},"author":3,"featured_media":473282,"comment_status":"open","ping_status":"open","sticky":false,"template":"","format":"standard","meta":{"_monsterinsights_skip_tracking":false,"_monsterinsights_sitenote_active":false,"_monsterinsights_sitenote_note":"","_monsterinsights_sitenote_category":0,"footnotes":""},"categories":[136],"tags":[43674,93,94],"class_list":["post-473227","post","type-post","status-publish","format-standard","has-post-thumbnail","hentry","category-roberto-vizcaino-opinion","tag-opinion","tag-roberto-vizcaino","tag-tras-la-puerta-del-poder"],"_links":{"self":[{"href":"https:\/\/www.diarioimagen.net\/index.php?rest_route=\/wp\/v2\/posts\/473227","targetHints":{"allow":["GET"]}}],"collection":[{"href":"https:\/\/www.diarioimagen.net\/index.php?rest_route=\/wp\/v2\/posts"}],"about":[{"href":"https:\/\/www.diarioimagen.net\/index.php?rest_route=\/wp\/v2\/types\/post"}],"author":[{"embeddable":true,"href":"https:\/\/www.diarioimagen.net\/index.php?rest_route=\/wp\/v2\/users\/3"}],"replies":[{"embeddable":true,"href":"https:\/\/www.diarioimagen.net\/index.php?rest_route=%2Fwp%2Fv2%2Fcomments&post=473227"}],"version-history":[{"count":0,"href":"https:\/\/www.diarioimagen.net\/index.php?rest_route=\/wp\/v2\/posts\/473227\/revisions"}],"wp:featuredmedia":[{"embeddable":true,"href":"https:\/\/www.diarioimagen.net\/index.php?rest_route=\/wp\/v2\/media\/473282"}],"wp:attachment":[{"href":"https:\/\/www.diarioimagen.net\/index.php?rest_route=%2Fwp%2Fv2%2Fmedia&parent=473227"}],"wp:term":[{"taxonomy":"category","embeddable":true,"href":"https:\/\/www.diarioimagen.net\/index.php?rest_route=%2Fwp%2Fv2%2Fcategories&post=473227"},{"taxonomy":"post_tag","embeddable":true,"href":"https:\/\/www.diarioimagen.net\/index.php?rest_route=%2Fwp%2Fv2%2Ftags&post=473227"}],"curies":[{"name":"wp","href":"https:\/\/api.w.org\/{rel}","templated":true}]}}