{"id":473250,"date":"2020-07-07T00:06:57","date_gmt":"2020-07-07T05:06:57","guid":{"rendered":"https:\/\/www.diarioimagen.net\/?p=473250"},"modified":"2020-07-07T01:21:18","modified_gmt":"2020-07-07T06:21:18","slug":"dos-anos-3","status":"publish","type":"post","link":"https:\/\/www.diarioimagen.net\/?p=473250","title":{"rendered":"Dos a\u00f1os"},"content":{"rendered":"<h2>Con mi mano izquierda&#8230;<\/h2>\n<h5>Edgar G\u00f3mez Flores<\/h5>\n<p>&nbsp;<\/p>\n<p>Se cumplieron dos a\u00f1os del triunfo sorprendente del ahora Presidente de la Rep\u00fablica Mexicana, Andr\u00e9s Manuel L\u00f3pez Obrador. A partir de ah\u00ed, la vida pol\u00edtica y me atrever\u00eda a decir, la din\u00e1mica social se han transformado. Dentro de los detalles positivos que podemos destacar de esta administraci\u00f3n es el intento de recaudaci\u00f3n en el Servicio de Administraci\u00f3n Tributaria (SAT), donde se han alcanzado acuerdos con ciertas empresas y se intenta evitar el fraude en una de las funciones vitales para el estado, la recaudaci\u00f3n de tributos. Por otro lado, tambi\u00e9n se han dado muestras de eficiencia en la Unidad de Inteligencia Financiera, de la Secretar\u00eda de Hacienda, aunque con sesgo en los personajes vigilados por esta instituci\u00f3n. Quiz\u00e1s veamos con mejores ojos el resultado de las investigaciones a los personajes cercanos al Presidente, que a la fecha son cuestionados; como, entre varios, la secretaria de la Funci\u00f3n P\u00fablica, Irma Er\u00e9ndira Sandoval, o el l\u00edder del Sindicato Minero, Nepole\u00f3n G\u00f3mez Urrutia o el titular del Instituto Mexicano del Seguro Social, Zo\u00e9 Robledo. Adicionalmente, podemos resaltar la valent\u00eda del presidente para d\u00eda a d\u00eda, de lunes a viernes, estar frente a los medios de comunicaci\u00f3n. Aun cuando esta rutina tiene un fin pol\u00edtico, controlar la agenda p\u00fablica, es un buen ejercicio de transparencia; \u00fanicamente faltar\u00eda entregar informaci\u00f3n confiable al Presidente, para no exponer su reputaci\u00f3n y evitar las preguntas y periodistas ama\u00f1ados que han demeritado este ejercicio.<\/p>\n<p>Por otro lado, tenemos que hacer un recuento de los \u201ceventos desafortunados\u201d que la mal llamada \u201cCuarta Transformaci\u00f3n\u201d ha sufrido o generado. Y, sobre esto, empezar\u00eda con el gran error de desplazar al gobierno saliente de Enrique Pe\u00f1a Nieto. El \u00edmpetu transformador hizo que los funcionarios de salida abandonaran el barco y se convirtieran as\u00ed en tramit\u00f3logos de la entrega. Por otro lado, los reci\u00e9n llegados tomaron el per\u00edodo de entrega como su inicio de actividades. De esta forma abordaron al \u201cpueblo sabio\u201d con una absurda consulta, con el fin de cancelar el Nuevo Aeropuerto Internacional de la Ciudad de M\u00e9xico. Con esto, el Presidente realiz\u00f3 un tiro de tres bandas con efecto contrario a su gobierno; gener\u00f3 desconfianza en los inversionistas, apalanc\u00f3 a su administraci\u00f3n por el pago de los avances de obra y de su manga tuvo que sacar un proyecto alternativo, el aeropuerto de Santa Luc\u00eda.<\/p>\n<p>Las ocurrencias de campa\u00f1a o las del gobierno han servido para distraer a la opni\u00f3n p\u00fablica. Sin embargo, se ha vuelto en contra del Presidente y su equipo. La poblaci\u00f3n piensa (las encuestas no me dejar\u00e1n mentir) que el gobierno es ocurrente y por momentos mentiroso. De esta forma, quedaron en el olvido los planes de decentralizar el gobierno federal; SEP, a Puebla, CFE, a Tuxtla Guti\u00e9rrez, Cultura, a Tlaxcala, fueron sue\u00f1os ocurrentes incumplidos. Pero no tan da\u00f1inos como la buena idea, convertida en mala y chusca, de vender el avi\u00f3n presidencial. Pero, estos temas pasar\u00e1n al anecdotario hist\u00f3rico de nuestro pa\u00eds, no as\u00ed lo que nos ha heredado esta administraci\u00f3n en materia de seguridad. Con 35 mil muertes violentas en 2019, el gobierno federal actual se ha convertido en el m\u00e1s ineficiente para otorgar seguridad a nuestras familias, mientras Andr\u00e9s Manuel se saluda de mano con la mam\u00e1 del afamado nacotraficante mexicano Joaqu\u00edn Guzm\u00e1n Loera \u201cEl Chapo\u201d o peor a\u00fan, decide soltar a su hijo, Ovidio Guzm\u00e1n L\u00f3pez, de un operativo planeado por las fuerzas armadas mexicanas.<\/p>\n<p>Los pol\u00edticos deben llegar al poder con una ideolog\u00eda, pero deben gobernar con la praxis en el manejo de la administraci\u00f3n p\u00fablica. La Cuatrot\u00e9 ha llevado al extremo lo que ellos creen es su ideolog\u00eda. Por ejemplo, frente a la pandemia del Covid-19, que golpea con fuerza a nuestro pa\u00eds en este momento, se ha puesto como discusi\u00f3n p\u00fablica el uso del cubrebocas, los postulados matem\u00e1ticos de cuando una curva se aplana, o la confianza infinita en un servido p\u00fablico (el doctor L\u00f3pez-Gatell) quien se ha encargado de realizar, como lo dir\u00eda Gabriel Garc\u00eda M\u00e1rquez la \u201cCr\u00f3nica de una muerte anunciada\u201d, no m\u00e1s.<\/p>\n<p>Pasan los d\u00edas y las ocurrencias. Sin embargo, los ciudadanos esperan los resultados prometidos y los necesarios para seguir una vida cotidiana, trabajar, comer y recrearse. Me temo que en v\u00edsperas de las elecciones intermedias federales, lo \u00fanico que nos llegar\u00e1 son nuevas promesas, nuevos enemigos y un gobierno preocupado para instaurar su ideolog\u00eda, mientras los resultados podr\u00e1n esperar.<\/p>\n<p><a href=\"mailto:edgargomez_cide@yahoo.com.mx\"><em>edgargomez_cide@yahoo.com.mx<\/em><\/a><\/p>\n","protected":false},"excerpt":{"rendered":"<p><span style=\"color: #005497;\"><strong>Edgar G\u00f3mez Flores<\/strong><\/span><\/p>\n","protected":false},"author":3,"featured_media":0,"comment_status":"open","ping_status":"open","sticky":false,"template":"","format":"standard","meta":{"_monsterinsights_skip_tracking":false,"_monsterinsights_sitenote_active":false,"_monsterinsights_sitenote_note":"","_monsterinsights_sitenote_category":0,"footnotes":""},"categories":[3819],"tags":[85911,85912,43674],"class_list":["post-473250","post","type-post","status-publish","format-standard","hentry","category-edgar-gomez-flores","tag-con-mi-mano-izquierda","tag-edgar-gomez-flores","tag-opinion"],"_links":{"self":[{"href":"https:\/\/www.diarioimagen.net\/index.php?rest_route=\/wp\/v2\/posts\/473250","targetHints":{"allow":["GET"]}}],"collection":[{"href":"https:\/\/www.diarioimagen.net\/index.php?rest_route=\/wp\/v2\/posts"}],"about":[{"href":"https:\/\/www.diarioimagen.net\/index.php?rest_route=\/wp\/v2\/types\/post"}],"author":[{"embeddable":true,"href":"https:\/\/www.diarioimagen.net\/index.php?rest_route=\/wp\/v2\/users\/3"}],"replies":[{"embeddable":true,"href":"https:\/\/www.diarioimagen.net\/index.php?rest_route=%2Fwp%2Fv2%2Fcomments&post=473250"}],"version-history":[{"count":0,"href":"https:\/\/www.diarioimagen.net\/index.php?rest_route=\/wp\/v2\/posts\/473250\/revisions"}],"wp:attachment":[{"href":"https:\/\/www.diarioimagen.net\/index.php?rest_route=%2Fwp%2Fv2%2Fmedia&parent=473250"}],"wp:term":[{"taxonomy":"category","embeddable":true,"href":"https:\/\/www.diarioimagen.net\/index.php?rest_route=%2Fwp%2Fv2%2Fcategories&post=473250"},{"taxonomy":"post_tag","embeddable":true,"href":"https:\/\/www.diarioimagen.net\/index.php?rest_route=%2Fwp%2Fv2%2Ftags&post=473250"}],"curies":[{"name":"wp","href":"https:\/\/api.w.org\/{rel}","templated":true}]}}