{"id":473313,"date":"2020-07-08T00:04:40","date_gmt":"2020-07-08T05:04:40","guid":{"rendered":"https:\/\/www.diarioimagen.net\/?p=473313"},"modified":"2020-07-07T22:20:11","modified_gmt":"2020-07-08T03:20:11","slug":"firman-convenio-consejo-ciudadano-para-la-seguridad-ciudadana-de-cdmx-y-tultitlan","status":"publish","type":"post","link":"https:\/\/www.diarioimagen.net\/?p=473313","title":{"rendered":"Firman convenio Consejo Ciudadano para la Seguridad Ciudadana de CDMX y Tultitl\u00e1n"},"content":{"rendered":"<ul>\n<li><em><strong>Prevenci\u00f3n de la violencia contra infantes y mujeres<\/strong><\/em><\/li>\n<\/ul>\n<p>&nbsp;<\/p>\n<div id=\"attachment_473314\" style=\"width: 470px\" class=\"wp-caption aligncenter\"><a href=\"https:\/\/www.diarioimagen.net\/wp-content\/uploads\/2020\/07\/CAMACHO8-cpor.jpg\"><img loading=\"lazy\" decoding=\"async\" aria-describedby=\"caption-attachment-473314\" class=\"size-large wp-image-473314\" src=\"https:\/\/www.diarioimagen.net\/wp-content\/uploads\/2020\/07\/CAMACHO8-cpor-460x268.jpg\" alt=\"\" width=\"460\" height=\"268\" srcset=\"https:\/\/www.diarioimagen.net\/wp-content\/uploads\/2020\/07\/CAMACHO8-cpor-460x268.jpg 460w, https:\/\/www.diarioimagen.net\/wp-content\/uploads\/2020\/07\/CAMACHO8-cpor-240x140.jpg 240w, https:\/\/www.diarioimagen.net\/wp-content\/uploads\/2020\/07\/CAMACHO8-cpor.jpg 480w\" sizes=\"auto, (max-width: 460px) 100vw, 460px\" \/><\/a><p id=\"caption-attachment-473314\" class=\"wp-caption-text\">La alcaldesa Elena Garc\u00eda Mart\u00ednez y el Consejo Ciudadano para la Seguridad Ciudadana y Procuraci\u00f3n de Justicia de la Ciudad de M\u00e9xico firmaron un convenio.<\/p><\/div>\n<p>&nbsp;<\/p>\n<p><strong>Tultitl\u00e1n, Estado de M\u00e9xico.<\/strong>&#8211; Como parte de las estrategias para la disminuci\u00f3n y prevenci\u00f3n de la violencia hacia ni\u00f1as, ni\u00f1os, adolescentes y mujeres, as\u00ed como la violencia intrafamiliar, en este municipio, Elena Garc\u00eda Mart\u00ednez, Presidenta Constitucional del Ayuntamiento local, junto al Consejo Ciudadano para la Seguridad Ciudadana y Procuraci\u00f3n de Justicia de la Ciudad de M\u00e9xico, encabezado por Jos\u00e9 Salvador Guerrero Chypres, firmaron un convenio que, en palabras de la alcaldesa refiere: \u201cestas estrategias nos van a permitir construir factores de protecci\u00f3n aplicables desde los niveles educativos b\u00e1sicos, a trabajar de manera directa con docentes, padres de familia y alumnos, facilitando la obtenci\u00f3n de habilidades para la vida que generen resiliencia en nuestro activo m\u00e1s importante que son los j\u00f3venes de Tultitl\u00e1n\u201d.<\/p>\n<p>Concluida la intervenci\u00f3n de la alcaldesa Elena Garc\u00eda Mart\u00ednez, Jos\u00e9 Salvador Guerrero Chypres, menciona al personal que compone el Consejo Ciudadano para la Seguridad Ciudadana y Procuraci\u00f3n de Justicia para la Ciudad de M\u00e9xico, y que est\u00e1 integrado por 25 consejeros honorarios y un equipo de 230 psic\u00f3logos y psic\u00f3logas, abogadas y abogados que est\u00e1n atendiendo la l\u00ednea Mujer y Familia (55 55 33 55 3) 24\/7 de manera gratuita.<\/p>\n<p>En palabras de Guerrero Chypres se menciona que: \u201chay una enorme oportunidad de actuar desde la familia para evitar desde ah\u00ed, en la medida de lo posible, con instituciones, con empresas, con organismos de la sociedad civil, para intervenir tempranamente y evitar lo que podr\u00eda ser, con los a\u00f1os, temas de violencia y de inseguridad.<\/p>\n<p>Hay estudios nacionales, y sobre todo internacionales, que se\u00f1alan que existe una correlaci\u00f3n directa entre las familias que no funcionan bien, quiere decir, b\u00e1sicamente, que no tienen felicidad suficiente ni bienestar suficiente y los factores crimin\u00f3genos que posteriormente pueden vincularse a la deserci\u00f3n escolar y que pueden vincularse tambi\u00e9n a la violencia temprana\u201d, refiere.<\/p>\n<p>Acto seguido se firma el convenio v\u00eda video conferencia, teniendo como testigos al Profe. Andr\u00e9s Sosa Menera, S\u00edndico Municipal y Presidente de la Comisi\u00f3n Edilicia para poner fin a la Violencia contra Ni\u00f1as, Ni\u00f1os y Adolescentes; y Anah\u00ed Beltr\u00e1n Reyes, secretaria del Ayuntamiento.<\/p>\n","protected":false},"excerpt":{"rendered":"<p>Como parte de las estrategias para la disminuci\u00f3n y prevenci\u00f3n de la violencia hacia ni\u00f1as, ni\u00f1os, adolescentes y mujeres, as\u00ed como la violencia intrafamiliar, en este municipio, Elena Garc\u00eda Mart\u00ednez, Presidenta Constitucional del Ayuntamiento local, junto al Consejo Ciudadano para la Seguridad Ciudadana y Procuraci\u00f3n de Justicia de la Ciudad de M\u00e9xico, encabezado por Jos\u00e9 Salvador Guerrero Chypres.<\/p>\n","protected":false},"author":1,"featured_media":473314,"comment_status":"open","ping_status":"open","sticky":false,"template":"","format":"standard","meta":{"_monsterinsights_skip_tracking":false,"_monsterinsights_sitenote_active":false,"_monsterinsights_sitenote_note":"","_monsterinsights_sitenote_category":0,"footnotes":""},"categories":[5],"tags":[91219,81656,43675,578],"class_list":["post-473313","post","type-post","status-publish","format-standard","has-post-thumbnail","hentry","category-estado-de-mexico","tag-consejo-ciudadano-para-la-seguridad-ciudadana-y-procuracion-de-justicia-de-la-ciudad-de-mexico","tag-elena-garcia-martinez","tag-estado-de-mexico","tag-tultitlan"],"_links":{"self":[{"href":"https:\/\/www.diarioimagen.net\/index.php?rest_route=\/wp\/v2\/posts\/473313","targetHints":{"allow":["GET"]}}],"collection":[{"href":"https:\/\/www.diarioimagen.net\/index.php?rest_route=\/wp\/v2\/posts"}],"about":[{"href":"https:\/\/www.diarioimagen.net\/index.php?rest_route=\/wp\/v2\/types\/post"}],"author":[{"embeddable":true,"href":"https:\/\/www.diarioimagen.net\/index.php?rest_route=\/wp\/v2\/users\/1"}],"replies":[{"embeddable":true,"href":"https:\/\/www.diarioimagen.net\/index.php?rest_route=%2Fwp%2Fv2%2Fcomments&post=473313"}],"version-history":[{"count":0,"href":"https:\/\/www.diarioimagen.net\/index.php?rest_route=\/wp\/v2\/posts\/473313\/revisions"}],"wp:featuredmedia":[{"embeddable":true,"href":"https:\/\/www.diarioimagen.net\/index.php?rest_route=\/wp\/v2\/media\/473314"}],"wp:attachment":[{"href":"https:\/\/www.diarioimagen.net\/index.php?rest_route=%2Fwp%2Fv2%2Fmedia&parent=473313"}],"wp:term":[{"taxonomy":"category","embeddable":true,"href":"https:\/\/www.diarioimagen.net\/index.php?rest_route=%2Fwp%2Fv2%2Fcategories&post=473313"},{"taxonomy":"post_tag","embeddable":true,"href":"https:\/\/www.diarioimagen.net\/index.php?rest_route=%2Fwp%2Fv2%2Ftags&post=473313"}],"curies":[{"name":"wp","href":"https:\/\/api.w.org\/{rel}","templated":true}]}}