{"id":473346,"date":"2020-07-08T00:01:24","date_gmt":"2020-07-08T05:01:24","guid":{"rendered":"https:\/\/www.diarioimagen.net\/?p=473346"},"modified":"2020-07-08T01:04:19","modified_gmt":"2020-07-08T06:04:19","slug":"hoy-se-reune-lopez-obrador-con-donald-trump-en-la-casa-blanca","status":"publish","type":"post","link":"https:\/\/www.diarioimagen.net\/?p=473346","title":{"rendered":"Hoy se re\u00fane L\u00f3pez Obrador con Donald Trump en la Casa Blanca"},"content":{"rendered":"<ul>\n<li><strong><em>Los temas del encuentro ser\u00e1n sobre el nuevo tratado comercial, salud y otros asuntos centrales para la regi\u00f3n<\/em><\/strong><\/li>\n<\/ul>\n<p>&nbsp;<\/p>\n<div id=\"attachment_473430\" style=\"width: 470px\" class=\"wp-caption aligncenter\"><a href=\"https:\/\/www.diarioimagen.net\/?attachment_id=473430\" rel=\"attachment wp-att-473430\"><img loading=\"lazy\" decoding=\"async\" aria-describedby=\"caption-attachment-473430\" class=\"size-large wp-image-473430\" src=\"https:\/\/www.diarioimagen.net\/wp-content\/uploads\/2020\/07\/AMLO8-460x259.jpg\" alt=\"\" width=\"460\" height=\"259\" srcset=\"https:\/\/www.diarioimagen.net\/wp-content\/uploads\/2020\/07\/AMLO8-460x259.jpg 460w, https:\/\/www.diarioimagen.net\/wp-content\/uploads\/2020\/07\/AMLO8-240x135.jpg 240w, https:\/\/www.diarioimagen.net\/wp-content\/uploads\/2020\/07\/AMLO8-235x132.jpg 235w, https:\/\/www.diarioimagen.net\/wp-content\/uploads\/2020\/07\/AMLO8-202x114.jpg 202w, https:\/\/www.diarioimagen.net\/wp-content\/uploads\/2020\/07\/AMLO8-350x196.jpg 350w, https:\/\/www.diarioimagen.net\/wp-content\/uploads\/2020\/07\/AMLO8-220x123.jpg 220w, https:\/\/www.diarioimagen.net\/wp-content\/uploads\/2020\/07\/AMLO8-237x132.jpg 237w, https:\/\/www.diarioimagen.net\/wp-content\/uploads\/2020\/07\/AMLO8.jpg 480w\" sizes=\"auto, (max-width: 460px) 100vw, 460px\" \/><\/a><p id=\"caption-attachment-473430\" class=\"wp-caption-text\">El presiente Andr\u00e9s Manuel L\u00f3pez Obrador se re\u00fane este mi\u00e9rcoles con Donald Trump, en la Casa Blanca.<\/p><\/div>\n<p>&nbsp;<\/p>\n<p>En su primer viaje internacional desde que asumi\u00f3 la Presidencia, Andr\u00e9s Manuel L\u00f3pez Obrador, viaj\u00f3 este martes a Estados Unidos para reunirse con su hom\u00f3logo Donald Trump, en la Casa Blanca, lo hizo en un vuelo comercial con escala en Atlanta, Georgia, por lo que lleg\u00f3 a Washington D.C. por la noche.<\/p>\n<p>El equipo de Trump delimit\u00f3 los temas del encuentro al tratado comercial, salud y otros asuntos centrales para la regi\u00f3n.<\/p>\n<p>El mandatario mexicano viaj\u00f3 acompa\u00f1ado por el secretario de Relaciones Exteriores, Marcelo Ebrard Casaub\u00f3n; la secretaria de Econom\u00eda, Graciela M\u00e1rquez; el jefe de la Oficina de la Presidencia, Alfonso Romo; y el jefe de la Ayudant\u00eda que lo cuida, Daniel Asaf. En la comitiva de empresarios mexicanos que lo acompa\u00f1an est\u00e1n Ricardo Salinas Pliego, del grupo Salinas; Carlos Hank Gonz\u00e1lez, del grupo financiero Banorte; Bernardo G\u00f3mez, del grupo Televisa; Olegario V\u00e1zquez Aldir, del grupo empresarial \u00c1ngeles y Daniel Ch\u00e1vez, del grupo Vidanta.<\/p>\n<p style=\"text-align: center;\"><strong>Agenda de AMLO para este mi\u00e9rcoles<\/strong><\/p>\n<p>Por la ma\u00f1ana, el primer mandatario mexicano depositar\u00e1 sendas ofrendas ante el monumento a Abraham Lincoln y el monumento al Benem\u00e9rito de las Am\u00e9ricas, Benito Ju\u00e1rez.<\/p>\n<p>Despu\u00e9s, por la tarde, el presidente L\u00f3pez Obrador se trasladar\u00e1 a la Casa Blanca, en donde despu\u00e9s de los saludos protocolarios, presentaci\u00f3n de comitivas y firma del Libro de Invitados, sostendr\u00e1 un encuentro privado con su hom\u00f3logo estadounidense.<\/p>\n<p>Al t\u00e9rmino de \u00e9ste, se celebrar\u00e1 una segunda reuni\u00f3n entre ambos mandatarios con sus respectivas comitivas.<\/p>\n<p>Los presidentes de M\u00e9xico y Estados Unidos tienen previsto firmar un comunicado conjunto.<\/p>\n<p>Las actividades de trabajo del d\u00eda concluir\u00e1 con una cena que ofrece el presidente Trump a L\u00f3pez Obrador y a su comitiva, as\u00ed como a un grupo de empresarios de ambos pa\u00edses.<\/p>\n<p>El jueves, el mandatario mexicano regresar\u00e1a M\u00e9xico a temprana hora.<\/p>\n","protected":false},"excerpt":{"rendered":"<p>En su primer viaje internacional desde que asumi\u00f3 la Presidencia, Andr\u00e9s Manuel L\u00f3pez Obrador, viaj\u00f3 este martes a Estados Unidos para reunirse con su hom\u00f3logo Donald Trump, en la Casa Blanca, lo hizo en un vuelo comercial con escala en Atlanta, Georgia, por lo que lleg\u00f3 a Washington D.C. por la noche.<\/p>\n","protected":false},"author":3,"featured_media":473430,"comment_status":"open","ping_status":"open","sticky":false,"template":"","format":"standard","meta":{"_monsterinsights_skip_tracking":false,"_monsterinsights_sitenote_active":false,"_monsterinsights_sitenote_note":"","_monsterinsights_sitenote_category":0,"footnotes":""},"categories":[3],"tags":[2545,909,41813,43673],"class_list":["post-473346","post","type-post","status-publish","format-standard","has-post-thumbnail","hentry","category-nacional","tag-amlo","tag-casa-blanca","tag-donald-trump","tag-nacional"],"_links":{"self":[{"href":"https:\/\/www.diarioimagen.net\/index.php?rest_route=\/wp\/v2\/posts\/473346","targetHints":{"allow":["GET"]}}],"collection":[{"href":"https:\/\/www.diarioimagen.net\/index.php?rest_route=\/wp\/v2\/posts"}],"about":[{"href":"https:\/\/www.diarioimagen.net\/index.php?rest_route=\/wp\/v2\/types\/post"}],"author":[{"embeddable":true,"href":"https:\/\/www.diarioimagen.net\/index.php?rest_route=\/wp\/v2\/users\/3"}],"replies":[{"embeddable":true,"href":"https:\/\/www.diarioimagen.net\/index.php?rest_route=%2Fwp%2Fv2%2Fcomments&post=473346"}],"version-history":[{"count":0,"href":"https:\/\/www.diarioimagen.net\/index.php?rest_route=\/wp\/v2\/posts\/473346\/revisions"}],"wp:featuredmedia":[{"embeddable":true,"href":"https:\/\/www.diarioimagen.net\/index.php?rest_route=\/wp\/v2\/media\/473430"}],"wp:attachment":[{"href":"https:\/\/www.diarioimagen.net\/index.php?rest_route=%2Fwp%2Fv2%2Fmedia&parent=473346"}],"wp:term":[{"taxonomy":"category","embeddable":true,"href":"https:\/\/www.diarioimagen.net\/index.php?rest_route=%2Fwp%2Fv2%2Fcategories&post=473346"},{"taxonomy":"post_tag","embeddable":true,"href":"https:\/\/www.diarioimagen.net\/index.php?rest_route=%2Fwp%2Fv2%2Ftags&post=473346"}],"curies":[{"name":"wp","href":"https:\/\/api.w.org\/{rel}","templated":true}]}}