{"id":473378,"date":"2020-07-08T00:02:58","date_gmt":"2020-07-08T05:02:58","guid":{"rendered":"https:\/\/www.diarioimagen.net\/?p=473378"},"modified":"2020-07-09T01:22:23","modified_gmt":"2020-07-09T06:22:23","slug":"trudeau-no-le-hizo-el-caldo-gordo-a-donald-trump-ni-a-lopez-obrador","status":"publish","type":"post","link":"https:\/\/www.diarioimagen.net\/?p=473378","title":{"rendered":"Trudeau no le hizo el \u201ccaldo gordo\u201d a Donald Trump ni a L\u00f3pez Obrador"},"content":{"rendered":"<h2>La Retaguardia<\/h2>\n<h5>Adriana Moreno Cordero<\/h5>\n<p>&nbsp;<\/p>\n<p>Qu\u00e9 contrastes tiene la vida y m\u00e1s a\u00fan, en esta \u00e9poca de pandemia de Covid-19. As\u00ed, mientras el presidente de Brasil, <strong>Jair Bolsonaro<\/strong>, dio positivo a esta enfermedad, por otra parte, el presidente de M\u00e9xico, <strong>Andr\u00e9s Manuel L\u00f3pez Obrador<\/strong>, a rega\u00f1adientes, tuvo que usar cubrebocas porque, -tan humilde como suele ser-, abord\u00f3 un vuelo comercial para viajar a su encuentro con su ahora mejor amigo, <strong>Donald Trump<\/strong>, con una reducida comitiva que, igual de humildes -y por qu\u00e9 no, hasta con mansedumbre-, como por ejemplo la flamante secretaria de Econom\u00eda, <strong>Graciela M\u00e1rquez<\/strong>, esperaron al mandatario en la Terminal 2 del Aeropuerto Internacional de la Ciudad de M\u00e9xico.<\/p>\n<p>La imagen m\u00e1s difundida fue la del presidente L\u00f3pez Obrador ya en el avi\u00f3n, donde pudo, para su goce, hacer campa\u00f1a, tomarse fotos y saludar a algunos de los pasajeros que son sus seguidores. \u00a1Vaya ejemplo de humildad!<\/p>\n<p>Y ante los ataques que se han generado en torno a que el presidente mexicano va a reforzar la campa\u00f1a de Trump, se difundi\u00f3 que 19 reuniones entre mandatarios de Estados Unidos y M\u00e9xico, que se han registrado desde principios del siglo pasado, se han dado en \u00e9poca electoral.<\/p>\n<p>Desafortunadamente para el tabasque\u00f1o, de \u00faltima hora, el primer ministro de Canad\u00e1, <strong>Justin Trudeau<\/strong>, declin\u00f3 la invitaci\u00f3n que le hiciera el Presidente de M\u00e9xico para celebrar en Estados Unidos la entrada en vigor del famos\u00edsimo T-MEC. Qu\u00e9 bueno, porque de alguna manera, L\u00f3pez Obrador subestim\u00f3 al canadiense, que era el pretexto perfecto para argumentar que su viaje a Estados Unidos, no era para \u201chacerle el caldo gordo\u201d a Trump, de cara a las elecciones que tendr\u00e1 el poderoso vecino del norte en noviembre pr\u00f3ximo. Evidentemente, Trudeau no se presta a esos juegos tan elementales.<\/p>\n<p>Cuando el tabasque\u00f1o se encontraba ya a miles de pies de altura en direcci\u00f3n a Estados Unidos, el inquilino de la Casa Blanca todav\u00eda se dio el lujo de defenderlo, ante los reclamos de miembros del Partido Dem\u00f3crata por esa visita.<\/p>\n<p>Trump argument\u00f3 que el tabasque\u00f1o, al que seguir\u00e1 viendo por encima del hombro y considerando a los mexicanos como \u201cbad hombres\u201d, es su muy querido amigo y de esas minucias de que L\u00f3pez Obrador, en sus tiempos de candidato, pondr\u00eda en su lugar al mandatario estadunidense, ni quien se acuerde porque ahora est\u00e1 totalmente alineado a los deseos y \u00f3rdenes de Trump.<\/p>\n<p>Prueba de lo anterior es la manera en la que el tabasque\u00f1o esquiv\u00f3, en la gustad\u00edsima conferencia, stand-up ma\u00f1anero, todas las preguntas que los reporteros le preguntaron sobre qu\u00e9 opinaba de que Trump hubiera enviado im\u00e1genes posando orgulloso en una parte de su muro fronterizo.<\/p>\n<p>L\u00f3pez Obrador se aferr\u00f3 a que el tema a tratar era el T-MEC. Se le olvida al mandatario mexicano que hay otros importantes pendientes como la inseguridad en M\u00e9xico y la situaci\u00f3n de la delincuencia organizada, en casos como: <strong>Jos\u00e9 Antonio Y\u00e9pez, \u201cel Marro\u201d<\/strong>, l\u00edder del C\u00e1rtel de Santa Rosa de Lima, cuya disputa por terrenos, tiene azolado a Guanajuato; <strong>Jos\u00e9 Angel Casarrubias, \u201cEl Mochomo\u201d, <\/strong>l\u00edder de \u201cGuerreros Unidos\u201d \u00a0y los sobornos para salir libre, asunto en el que el Consejo de la Judicatura Federal (CJF) suspendi\u00f3 por seis meses a <strong>Marco Aurelio Gonz\u00e1lez Romero<\/strong>, secretario de acuerdos de un juzgado de distrito del Estado de M\u00e9xico, para sujetarlo a investigaci\u00f3n, precisamente, por un presunto soborno.<\/p>\n<p>Y sin duda, el atentado en contra del secretario de Seguridad Ciudadana de la Ciudad de M\u00e9xico, <strong>Omar Garc\u00eda Harfuch<\/strong>, orquestado por el C\u00e1rtel de Jalisco Nueva Generaci\u00f3n, que comanda <strong>Nemesio Oseguera, \u201cEl Mencho\u201d<\/strong>.<\/p>\n<p>\u00bfYa se le olvid\u00f3 acaso al Presidente que el embajador de Estados Unidos en M\u00e9xico, <strong>Christopher Landau<\/strong> pidi\u00f3 que se revisara en qu\u00e9 forma su naci\u00f3n puede ayudar al combate contra los c\u00e1rteles en M\u00e9xico?, \u00bfqu\u00e9 cuentas va a entregar el presidente L\u00f3pez Obrador a su tan querido amigo?, porque estamos hablando de tres c\u00e1rteles que desafortunadamente, han ganado bastante peso en nuestro pa\u00eds.<\/p>\n<p>Finalmente, y lejos de estos temas, \u00bfle preguntar\u00e1 acaso el presidente L\u00f3pez Obrador a su hom\u00f3logo Donald Trump, si quiere boletos para la rifa del avi\u00f3n-no avi\u00f3n presidencial que, por lo menos hasta el momento, sigue en pie la fecha de su realizaci\u00f3n para el 15 de septiembre<\/p>\n<p style=\"text-align: center;\"><strong>Municiones<\/strong><\/p>\n<p>*** La Comisi\u00f3n para la Igualdad de G\u00e9nero, que preside la senadora morenista <strong>Martha Luc\u00eda M\u00edcher<\/strong> <strong>Camarena<\/strong>, solicit\u00f3 al gobernador de Baja California, <strong>Jaime Bonilla<\/strong>, ofrecer una disculpa p\u00fablica por las declaraciones que hiciera en contra de la alcaldesa de Tecate, <strong>Zulema Adams Pereyra<\/strong>, quien present\u00f3 la denuncia correspondiente ante la FGR. Dicha Comisi\u00f3n legislativa tambi\u00e9n pidi\u00f3 al gobierno estatal, evitar el uso de expresiones discriminatorias, prejuiciosas o estereotipadas, as\u00ed como respetar en el debate p\u00fablico, los derechos humanos, la vida privada y la dignidad de las personas y sobre todo, garantizar en todo momento el derecho de las mujeres a vivir una vida libre de violencia. Pero, \u00a1\u00a1oh sorpresa!!, que el gobernador Bonilla Valdez dijo enf\u00e1tico que eso de ofrecer disculpas, ni hablar. Textualmente se\u00f1al\u00f3: \u201ceso no es cierto, no la vamos a atacar por el g\u00e9nero, y no le vamos a pedir disculpas a una persona que no trabaja, no importa que g\u00e9nero sea, no hay vacas sagradas\u00bb. \u00a1Qu\u00e9 tal!<\/p>\n<p>*** <strong>Omar G\u00f3mez Trejo<\/strong>, titular de la Unidad para el caso<strong>\u00a0Ayotzinapa<\/strong>, de la Fiscal\u00eda General de la Rep\u00fablica, dio a conocer que uno de los\u00a0restos \u00f3seos\u00a0enviado a la Universidad de Innsbruck, en Viena, corresponden a uno de los 43 estudiantes normalistas desaparecidos aquella tr\u00e1gica noche de septiembre de 2014:\u00a0<strong>Christian Alfonso Rodr\u00edguez Telumbre<\/strong>. Por cierto, ser\u00e1 el pr\u00f3ximo viernes cuando el presidente L\u00f3pez Obrador se re\u00fana con los padres de los 43 desaparecidos. El caso sigue abierto y faltan por analizar alrededor de 15 mil evidencias.<\/p>\n<p>*** Sin duda, excelente noticia que El Segundo Tribunal Colegiado Especializado en Competencia Econ\u00f3mica concediera una suspensi\u00f3n provisional a la empresa E\u00f3lica El Retiro contra el aumento de tarifas autorizado por la Comisi\u00f3n Reguladora de Energ\u00eda (CRE), al revocar la negativa dictada el pasado mes de junio por el juez de Distrito <strong>Juan Pablo G\u00f3mez Fierro<\/strong>. Cabe destacar que la sentencia del Tribunal Colegiado es inapelable. Y luego por qu\u00e9 se enoja L\u00f3pez Obrador, quien antes de partir a Estados Unidos, visiblemente molesto, ante este tremendo rev\u00e9s, dijo: \u201cMe da hasta pena, y ojal\u00e1 y entendieran que ya es tiempo de un cambio y que no est\u00e9n defendiendo lo indefendible, porque adem\u00e1s puede ser que enga\u00f1en a algunos pero no van a enga\u00f1ar a todo el pueblo\u201d. Aqu\u00ed hay que recordarle al mandatario mexicano que el \u00fanico empe\u00f1ado, obstinado y vehemente en defender lo indefendible, es \u00e9l.<\/p>\n<p><u><a href=\"mailto:morcora@gmail.com\" target=\"_blank\" rel=\"noopener noreferrer\"><em>morcora@gmail.com<\/em><\/a><\/u><\/p>\n","protected":false},"excerpt":{"rendered":"<p><span style=\"color: #005497;\"><strong>Adriana Moreno Cordero<\/strong><\/span><\/p>\n","protected":false},"author":3,"featured_media":0,"comment_status":"open","ping_status":"open","sticky":false,"template":"","format":"standard","meta":{"_monsterinsights_skip_tracking":false,"_monsterinsights_sitenote_active":false,"_monsterinsights_sitenote_note":"","_monsterinsights_sitenote_category":0,"footnotes":""},"categories":[69370],"tags":[69369,69368,43674],"class_list":["post-473378","post","type-post","status-publish","format-standard","hentry","category-adriana-moreno-cordero","tag-adriana-moreno-cordero","tag-la-retaguardia","tag-opinion"],"_links":{"self":[{"href":"https:\/\/www.diarioimagen.net\/index.php?rest_route=\/wp\/v2\/posts\/473378","targetHints":{"allow":["GET"]}}],"collection":[{"href":"https:\/\/www.diarioimagen.net\/index.php?rest_route=\/wp\/v2\/posts"}],"about":[{"href":"https:\/\/www.diarioimagen.net\/index.php?rest_route=\/wp\/v2\/types\/post"}],"author":[{"embeddable":true,"href":"https:\/\/www.diarioimagen.net\/index.php?rest_route=\/wp\/v2\/users\/3"}],"replies":[{"embeddable":true,"href":"https:\/\/www.diarioimagen.net\/index.php?rest_route=%2Fwp%2Fv2%2Fcomments&post=473378"}],"version-history":[{"count":0,"href":"https:\/\/www.diarioimagen.net\/index.php?rest_route=\/wp\/v2\/posts\/473378\/revisions"}],"wp:attachment":[{"href":"https:\/\/www.diarioimagen.net\/index.php?rest_route=%2Fwp%2Fv2%2Fmedia&parent=473378"}],"wp:term":[{"taxonomy":"category","embeddable":true,"href":"https:\/\/www.diarioimagen.net\/index.php?rest_route=%2Fwp%2Fv2%2Fcategories&post=473378"},{"taxonomy":"post_tag","embeddable":true,"href":"https:\/\/www.diarioimagen.net\/index.php?rest_route=%2Fwp%2Fv2%2Ftags&post=473378"}],"curies":[{"name":"wp","href":"https:\/\/api.w.org\/{rel}","templated":true}]}}