{"id":473457,"date":"2020-07-09T00:02:48","date_gmt":"2020-07-09T05:02:48","guid":{"rendered":"https:\/\/www.diarioimagen.net\/?p=473457"},"modified":"2020-07-09T00:20:12","modified_gmt":"2020-07-09T05:20:12","slug":"gobierno-de-huixquilucan-primer-lugar-de-57-ciudades-del-pais-en-desempeno","status":"publish","type":"post","link":"https:\/\/www.diarioimagen.net\/?p=473457","title":{"rendered":"Gobierno de Huixquilucan, primer lugar de 57 ciudades del pa\u00eds en desempe\u00f1o"},"content":{"rendered":"<p>&nbsp;<\/p>\n<p><a href=\"https:\/\/www.diarioimagen.net\/wp-content\/uploads\/2020\/07\/CAMACHO9-d-por.jpg\"><img loading=\"lazy\" decoding=\"async\" class=\"aligncenter size-large wp-image-473458\" src=\"https:\/\/www.diarioimagen.net\/wp-content\/uploads\/2020\/07\/CAMACHO9-d-por-460x460.jpg\" alt=\"\" width=\"460\" height=\"460\" srcset=\"https:\/\/www.diarioimagen.net\/wp-content\/uploads\/2020\/07\/CAMACHO9-d-por-460x460.jpg 460w, https:\/\/www.diarioimagen.net\/wp-content\/uploads\/2020\/07\/CAMACHO9-d-por-240x240.jpg 240w, https:\/\/www.diarioimagen.net\/wp-content\/uploads\/2020\/07\/CAMACHO9-d-por-150x150.jpg 150w, https:\/\/www.diarioimagen.net\/wp-content\/uploads\/2020\/07\/CAMACHO9-d-por-768x768.jpg 768w, https:\/\/www.diarioimagen.net\/wp-content\/uploads\/2020\/07\/CAMACHO9-d-por-50x50.jpg 50w, https:\/\/www.diarioimagen.net\/wp-content\/uploads\/2020\/07\/CAMACHO9-d-por-75x75.jpg 75w, https:\/\/www.diarioimagen.net\/wp-content\/uploads\/2020\/07\/CAMACHO9-d-por-70x70.jpg 70w, https:\/\/www.diarioimagen.net\/wp-content\/uploads\/2020\/07\/CAMACHO9-d-por.jpg 1200w\" sizes=\"auto, (max-width: 460px) 100vw, 460px\" \/><\/a><\/p>\n<p><strong> Huixquilucan, Estado de M\u00e9xico<\/strong>.<b>&#8211;<\/b> El gobierno que encabeza Enrique Vargas del Villar se coloca en el primer lugar en el Estado de M\u00e9xico y primero de las 57 ciudades m\u00e1s importantes del pa\u00eds en el \u00edndice de Desempe\u00f1o.<\/p>\n<p>En el 5to. Ranking de Alcaldes de Campaigns and Elections Mexico C&amp;E que realiz\u00f3 entre la poblaci\u00f3n, la administraci\u00f3n de Vargas del Villar, se ubic\u00f3 en el primer lugar en aprobaci\u00f3n por Desempe\u00f1o con el 66.6 por ciento.<\/p>\n<p>\u201cAgradezco la confianza de los huixquiluquenses en mi trabajo. Estos datos nos comprometen a redoblar esfuerzos y seguir dando los mejores resultados para beneficio de las familias\u201d.<\/p>\n","protected":false},"excerpt":{"rendered":"<p>El gobierno que encabeza Enrique Vargas del Villar se coloca en el primer lugar en el Estado de M\u00e9xico y primero de las 57 ciudades m\u00e1s importantes del pa\u00eds en el \u00edndice de Desempe\u00f1o.<\/p>\n","protected":false},"author":1,"featured_media":473459,"comment_status":"open","ping_status":"open","sticky":false,"template":"","format":"standard","meta":{"_monsterinsights_skip_tracking":false,"_monsterinsights_sitenote_active":false,"_monsterinsights_sitenote_note":"","_monsterinsights_sitenote_category":0,"footnotes":""},"categories":[5],"tags":[47218,43675,1097],"class_list":["post-473457","post","type-post","status-publish","format-standard","has-post-thumbnail","hentry","category-estado-de-mexico","tag-enrique-vargas-del-villar","tag-estado-de-mexico","tag-huixquilucan"],"_links":{"self":[{"href":"https:\/\/www.diarioimagen.net\/index.php?rest_route=\/wp\/v2\/posts\/473457","targetHints":{"allow":["GET"]}}],"collection":[{"href":"https:\/\/www.diarioimagen.net\/index.php?rest_route=\/wp\/v2\/posts"}],"about":[{"href":"https:\/\/www.diarioimagen.net\/index.php?rest_route=\/wp\/v2\/types\/post"}],"author":[{"embeddable":true,"href":"https:\/\/www.diarioimagen.net\/index.php?rest_route=\/wp\/v2\/users\/1"}],"replies":[{"embeddable":true,"href":"https:\/\/www.diarioimagen.net\/index.php?rest_route=%2Fwp%2Fv2%2Fcomments&post=473457"}],"version-history":[{"count":0,"href":"https:\/\/www.diarioimagen.net\/index.php?rest_route=\/wp\/v2\/posts\/473457\/revisions"}],"wp:featuredmedia":[{"embeddable":true,"href":"https:\/\/www.diarioimagen.net\/index.php?rest_route=\/wp\/v2\/media\/473459"}],"wp:attachment":[{"href":"https:\/\/www.diarioimagen.net\/index.php?rest_route=%2Fwp%2Fv2%2Fmedia&parent=473457"}],"wp:term":[{"taxonomy":"category","embeddable":true,"href":"https:\/\/www.diarioimagen.net\/index.php?rest_route=%2Fwp%2Fv2%2Fcategories&post=473457"},{"taxonomy":"post_tag","embeddable":true,"href":"https:\/\/www.diarioimagen.net\/index.php?rest_route=%2Fwp%2Fv2%2Ftags&post=473457"}],"curies":[{"name":"wp","href":"https:\/\/api.w.org\/{rel}","templated":true}]}}