{"id":473464,"date":"2020-07-09T00:03:57","date_gmt":"2020-07-09T05:03:57","guid":{"rendered":"https:\/\/www.diarioimagen.net\/?p=473464"},"modified":"2020-07-09T00:21:03","modified_gmt":"2020-07-09T05:21:03","slug":"en-proceso-escalonado-comienza-la-reactivacion-economica-en-atizapan","status":"publish","type":"post","link":"https:\/\/www.diarioimagen.net\/?p=473464","title":{"rendered":"En proceso escalonado, comienza la  reactivaci\u00f3n econ\u00f3mica en Atizap\u00e1n"},"content":{"rendered":"<ul>\n<li><em><b>Estricto apego a las medidas sanitarias<\/b><\/em><\/li>\n<\/ul>\n<p>&nbsp;<\/p>\n<div id=\"attachment_473465\" style=\"width: 470px\" class=\"wp-caption aligncenter\"><a href=\"https:\/\/www.diarioimagen.net\/wp-content\/uploads\/2020\/07\/CAMACHO9-b-por.jpg\"><img loading=\"lazy\" decoding=\"async\" aria-describedby=\"caption-attachment-473465\" class=\"size-large wp-image-473465\" src=\"https:\/\/www.diarioimagen.net\/wp-content\/uploads\/2020\/07\/CAMACHO9-b-por-460x268.jpg\" alt=\"\" width=\"460\" height=\"268\" srcset=\"https:\/\/www.diarioimagen.net\/wp-content\/uploads\/2020\/07\/CAMACHO9-b-por-460x268.jpg 460w, https:\/\/www.diarioimagen.net\/wp-content\/uploads\/2020\/07\/CAMACHO9-b-por-240x140.jpg 240w, https:\/\/www.diarioimagen.net\/wp-content\/uploads\/2020\/07\/CAMACHO9-b-por.jpg 480w\" sizes=\"auto, (max-width: 460px) 100vw, 460px\" \/><\/a><p id=\"caption-attachment-473465\" class=\"wp-caption-text\">El gobierno de Atizap\u00e1n de Zaragoza, encabezado por la alcaldesa Ruth Olvera Nieto, invit\u00f3 a los ciudadanos a realizar sus compras en comercios locales.<\/p><\/div>\n<p>&nbsp;<\/p>\n<p><strong>Atizap\u00e1n, Estado de M\u00e9xico<\/strong>.- A partir de este lunes y en estricto apego a las medidas sanitarias para prevenir el Covid-19, Atizap\u00e1n de Zaragoza inicii\u00f3 la reactivaci\u00f3n de algunas actividades econ\u00f3micas en un proceso escalonado.<\/p>\n<p>Podr\u00e1n abrir refaccionarias y los negocios de bajo impacto tales como pasteler\u00edas, tiendas de ropa, jugueter\u00edas, papeler\u00edas, muebler\u00edas, est\u00e9ticas, tintorer\u00edas, entre otros, cuidando que no se generen aglomeraciones en los establecimientos. El horario de servicio se mantiene 7 a 19 horas.<\/p>\n<p>Atizap\u00e1n de Zaragoza contin\u00faa en sem\u00e1foro epidemiol\u00f3gico color rojo, por ello no debemos bajar la guardia y seguir las recomendaciones de las autoridades sanitarias para evitar contagios.<\/p>\n<p>Debemos respetar la sana distancia, usar cubrebocas y gel antibacterial, adem\u00e1s de lavar continuamente las manos.<\/p>\n<p>El gobierno de Atizap\u00e1n de Zaragoza, encabezado por la alcaldesa Ruth Olvera Nieto, invita a los ciudadanos a realizar sus compras en comercios locales para que juntos fortalezcamos la econom\u00eda municipal.<\/p>\n","protected":false},"excerpt":{"rendered":"<p>A partir de este lunes y en estricto apego a las medidas sanitarias para prevenir el Covid-19, Atizap\u00e1n de Zaragoza inicii\u00f3 la reactivaci\u00f3n de algunas actividades econ\u00f3micas en un proceso escalonado.<\/p>\n","protected":false},"author":1,"featured_media":473465,"comment_status":"open","ping_status":"open","sticky":false,"template":"","format":"standard","meta":{"_monsterinsights_skip_tracking":false,"_monsterinsights_sitenote_active":false,"_monsterinsights_sitenote_note":"","_monsterinsights_sitenote_category":0,"footnotes":""},"categories":[5],"tags":[969,3561,43675,91053,80963],"class_list":["post-473464","post","type-post","status-publish","format-standard","has-post-thumbnail","hentry","category-estado-de-mexico","tag-atizapan","tag-atizapan-de-zaragoza","tag-estado-de-mexico","tag-reactivacion-economica","tag-ruth-olvera-nieto"],"_links":{"self":[{"href":"https:\/\/www.diarioimagen.net\/index.php?rest_route=\/wp\/v2\/posts\/473464","targetHints":{"allow":["GET"]}}],"collection":[{"href":"https:\/\/www.diarioimagen.net\/index.php?rest_route=\/wp\/v2\/posts"}],"about":[{"href":"https:\/\/www.diarioimagen.net\/index.php?rest_route=\/wp\/v2\/types\/post"}],"author":[{"embeddable":true,"href":"https:\/\/www.diarioimagen.net\/index.php?rest_route=\/wp\/v2\/users\/1"}],"replies":[{"embeddable":true,"href":"https:\/\/www.diarioimagen.net\/index.php?rest_route=%2Fwp%2Fv2%2Fcomments&post=473464"}],"version-history":[{"count":0,"href":"https:\/\/www.diarioimagen.net\/index.php?rest_route=\/wp\/v2\/posts\/473464\/revisions"}],"wp:featuredmedia":[{"embeddable":true,"href":"https:\/\/www.diarioimagen.net\/index.php?rest_route=\/wp\/v2\/media\/473465"}],"wp:attachment":[{"href":"https:\/\/www.diarioimagen.net\/index.php?rest_route=%2Fwp%2Fv2%2Fmedia&parent=473464"}],"wp:term":[{"taxonomy":"category","embeddable":true,"href":"https:\/\/www.diarioimagen.net\/index.php?rest_route=%2Fwp%2Fv2%2Fcategories&post=473464"},{"taxonomy":"post_tag","embeddable":true,"href":"https:\/\/www.diarioimagen.net\/index.php?rest_route=%2Fwp%2Fv2%2Ftags&post=473464"}],"curies":[{"name":"wp","href":"https:\/\/api.w.org\/{rel}","templated":true}]}}