{"id":473467,"date":"2020-07-09T00:04:36","date_gmt":"2020-07-09T05:04:36","guid":{"rendered":"https:\/\/www.diarioimagen.net\/?p=473467"},"modified":"2020-07-09T00:24:05","modified_gmt":"2020-07-09T05:24:05","slug":"verifican-cumplimiento-de-protocolos-sanitarios-para-mitigar-riesgo-de-contagios","status":"publish","type":"post","link":"https:\/\/www.diarioimagen.net\/?p=473467","title":{"rendered":"Verifican cumplimiento de protocolos sanitarios para mitigar riesgo de contagios"},"content":{"rendered":"<ul>\n<li><em><b>Retorno a las actividades comerciales en Naucalpan<\/b><\/em><\/li>\n<\/ul>\n<p>&nbsp;<\/p>\n<p><a href=\"https:\/\/www.diarioimagen.net\/wp-content\/uploads\/2020\/07\/CAMACHO9-a-por.jpg\"><img loading=\"lazy\" decoding=\"async\" class=\"aligncenter size-large wp-image-473468\" src=\"https:\/\/www.diarioimagen.net\/wp-content\/uploads\/2020\/07\/CAMACHO9-a-por-460x268.jpg\" alt=\"\" width=\"460\" height=\"268\" srcset=\"https:\/\/www.diarioimagen.net\/wp-content\/uploads\/2020\/07\/CAMACHO9-a-por-460x268.jpg 460w, https:\/\/www.diarioimagen.net\/wp-content\/uploads\/2020\/07\/CAMACHO9-a-por-240x140.jpg 240w, https:\/\/www.diarioimagen.net\/wp-content\/uploads\/2020\/07\/CAMACHO9-a-por.jpg 480w\" sizes=\"auto, (max-width: 460px) 100vw, 460px\" \/><\/a><\/p>\n<p><strong>Naucalpan, Estado de M\u00e9xico<\/strong>.- En el retorno progresivo a las actividades comerciales, el gobierno local, a trav\u00e9s de la Secretar\u00eda de Desarrollo Econ\u00f3mico, verifica el cumplimiento de los protocolos para mitigar el riesgo de contagios por Covid-19.<\/p>\n<p>El Secretario de Desarrollo Econ\u00f3mico, Alfredo Vinalay Mora, inform\u00f3 que a partir de esta semana, alrededor de 25 mil establecimientos comenzaron a ofrecer sus productos a la poblaci\u00f3n con las medidas sanitarias pertinentes. \u201cLas instrucciones de la Presidenta Municipal, Patricia Dur\u00e1n, es que verifiquemos que los establecimientos cuiden las normas y protocolos que el sector salud, tanto federal como estatal, han elaborado para la reapertura\u201d, dijo Vinalay Mora.<\/p>\n<p>Sin embargo, record\u00f3 a la poblaci\u00f3n que el hecho de que los negocios comiencen a operar, no indica que se haya superado el sem\u00e1foro epidemiol\u00f3gico rojo.<\/p>\n<p>\u201cQue se hayan abierto algunos negocios como restaurantes y centros comerciales, entre otros, no quiere decir que estemos en el mejor momento. La apertura se est\u00e1 llevando a cabo para contribuir a la reactivaci\u00f3n econ\u00f3mica\u201d, indic\u00f3.<\/p>\n<p>Llam\u00f3 a la responsabilidad de las personas para concentrarse el menor tiempo posible en lugares concurridos, como plazas comerciales, que pueden operar con un aforo m\u00e1ximo del 30 por ciento y con ello disminuir los riesgos de contagios.<\/p>\n<p>\u201cEn algunos lugares se hace la invitaci\u00f3n a que la gente permanezca no m\u00e1s de 60 minutos, que asistan, compren y se retiren para cuidar la salud de la gente\u201d, expuso el funcionario. Destac\u00f3 la respuesta del sector comercial, empresarial y restaurantero, cuyos representantes se han comprometido a cuidar las medidas de higiene.<\/p>\n<p>Entre las medidas m\u00e1s importantes que se deben acatar en los establecimientos comerciales para un retorno seguro destaca la toma de temperatura al ingresar, usar protecci\u00f3n personal como cubrebocas y caretas, as\u00ed como la aplicaci\u00f3n de gel antibacterial.<\/p>\n<p>Tambi\u00e9n, respetar la sana distancia, usar charolas sanitizantes para calzado, evitar aglomeraciones y tener el menor contacto posible con superficies de uso com\u00fan.<\/p>\n","protected":false},"excerpt":{"rendered":"<p>En el retorno progresivo a las actividades comerciales, el gobierno local, a trav\u00e9s de la Secretar\u00eda de Desarrollo Econ\u00f3mico, verifica el cumplimiento de los protocolos para mitigar el riesgo de contagios por Covid-19.<\/p>\n","protected":false},"author":1,"featured_media":473468,"comment_status":"open","ping_status":"open","sticky":false,"template":"","format":"standard","meta":{"_monsterinsights_skip_tracking":false,"_monsterinsights_sitenote_active":false,"_monsterinsights_sitenote_note":"","_monsterinsights_sitenote_category":0,"footnotes":""},"categories":[5],"tags":[90021,43675,970,91233,67525],"class_list":["post-473467","post","type-post","status-publish","format-standard","has-post-thumbnail","hentry","category-estado-de-mexico","tag-covid-19","tag-estado-de-mexico","tag-naucalpan","tag-protocolos-sanitarios","tag-secretaria-de-desarrollo-economico"],"_links":{"self":[{"href":"https:\/\/www.diarioimagen.net\/index.php?rest_route=\/wp\/v2\/posts\/473467","targetHints":{"allow":["GET"]}}],"collection":[{"href":"https:\/\/www.diarioimagen.net\/index.php?rest_route=\/wp\/v2\/posts"}],"about":[{"href":"https:\/\/www.diarioimagen.net\/index.php?rest_route=\/wp\/v2\/types\/post"}],"author":[{"embeddable":true,"href":"https:\/\/www.diarioimagen.net\/index.php?rest_route=\/wp\/v2\/users\/1"}],"replies":[{"embeddable":true,"href":"https:\/\/www.diarioimagen.net\/index.php?rest_route=%2Fwp%2Fv2%2Fcomments&post=473467"}],"version-history":[{"count":0,"href":"https:\/\/www.diarioimagen.net\/index.php?rest_route=\/wp\/v2\/posts\/473467\/revisions"}],"wp:featuredmedia":[{"embeddable":true,"href":"https:\/\/www.diarioimagen.net\/index.php?rest_route=\/wp\/v2\/media\/473468"}],"wp:attachment":[{"href":"https:\/\/www.diarioimagen.net\/index.php?rest_route=%2Fwp%2Fv2%2Fmedia&parent=473467"}],"wp:term":[{"taxonomy":"category","embeddable":true,"href":"https:\/\/www.diarioimagen.net\/index.php?rest_route=%2Fwp%2Fv2%2Fcategories&post=473467"},{"taxonomy":"post_tag","embeddable":true,"href":"https:\/\/www.diarioimagen.net\/index.php?rest_route=%2Fwp%2Fv2%2Ftags&post=473467"}],"curies":[{"name":"wp","href":"https:\/\/api.w.org\/{rel}","templated":true}]}}