{"id":473490,"date":"2020-07-10T00:06:45","date_gmt":"2020-07-10T05:06:45","guid":{"rendered":"https:\/\/www.diarioimagen.net\/?p=473490"},"modified":"2020-07-10T04:17:28","modified_gmt":"2020-07-10T09:17:28","slug":"hipersensibilidad-padecimiento-recurrente-en-pacientes-de-odontologia","status":"publish","type":"post","link":"https:\/\/www.diarioimagen.net\/?p=473490","title":{"rendered":"Hipersensibilidad, padecimiento recurrente en pacientes de Odontolog\u00eda de la UAEM"},"content":{"rendered":"<ul>\n<li><strong><em>Por el consumo abundante de jugos y frutas c\u00edtricas<\/em><\/strong><\/li>\n<\/ul>\n<p><strong>\u00a0<\/strong><\/p>\n<div id=\"attachment_473491\" style=\"width: 470px\" class=\"wp-caption aligncenter\"><a href=\"https:\/\/www.diarioimagen.net\/wp-content\/uploads\/2020\/07\/UAEM9-BUENA-BIS-por.jpg\"><img loading=\"lazy\" decoding=\"async\" aria-describedby=\"caption-attachment-473491\" class=\"wp-image-473491 size-large\" src=\"https:\/\/www.diarioimagen.net\/wp-content\/uploads\/2020\/07\/UAEM9-BUENA-BIS-por-460x460.jpg\" alt=\"\" width=\"460\" height=\"460\" srcset=\"https:\/\/www.diarioimagen.net\/wp-content\/uploads\/2020\/07\/UAEM9-BUENA-BIS-por-460x460.jpg 460w, https:\/\/www.diarioimagen.net\/wp-content\/uploads\/2020\/07\/UAEM9-BUENA-BIS-por-240x240.jpg 240w, https:\/\/www.diarioimagen.net\/wp-content\/uploads\/2020\/07\/UAEM9-BUENA-BIS-por-150x150.jpg 150w, https:\/\/www.diarioimagen.net\/wp-content\/uploads\/2020\/07\/UAEM9-BUENA-BIS-por-768x768.jpg 768w, https:\/\/www.diarioimagen.net\/wp-content\/uploads\/2020\/07\/UAEM9-BUENA-BIS-por-50x50.jpg 50w, https:\/\/www.diarioimagen.net\/wp-content\/uploads\/2020\/07\/UAEM9-BUENA-BIS-por-75x75.jpg 75w, https:\/\/www.diarioimagen.net\/wp-content\/uploads\/2020\/07\/UAEM9-BUENA-BIS-por-70x70.jpg 70w, https:\/\/www.diarioimagen.net\/wp-content\/uploads\/2020\/07\/UAEM9-BUENA-BIS-por.jpg 1024w\" sizes=\"auto, (max-width: 460px) 100vw, 460px\" \/><\/a><p id=\"caption-attachment-473491\" class=\"wp-caption-text\">Diversos factores provocan o potencializan la hipersensibilidad dental, entre ellos, los atribuidos a \u00e1cidos no bacterianos por el consumo abundante de jugos y frutas c\u00edtricas.<\/p><\/div>\n<p>&nbsp;<\/p>\n<p>&nbsp;<\/p>\n<p>&nbsp;<\/p>\n<p><strong>Toluca, Estado de M\u00e9xico.\u2013<\/strong> La hipersensibilidad en los dientes es uno de los padecimientos m\u00e1s recurrentes en los pacientes de odontolog\u00eda, asegur\u00f3 la especialista Ana Fr\u00edas Castilleja, al dictar la conferencia virtual \u201cHipersensibilidad dental\u201d a estudiantes de la Facultad de Odontolog\u00eda de la Universidad Aut\u00f3noma del Estado de M\u00e9xico.<\/p>\n<p>Detall\u00f3 que diversos factores provocan o potencializan la hipersensibilidad dental, entre ellos, los atribuidos a \u00e1cidos no bacterianos por el consumo abundante de jugos y frutas c\u00edtricas, as\u00ed como el vino o reflujo gastrointestinal.<\/p>\n<p>Asimismo, precis\u00f3 que la hipersensibilidad, es decir, un dolor corto y agudo que surge en la enc\u00eda y corre hacia el diente ante un est\u00edmulo externo, por ejemplo, bebidas fr\u00edas o calientes o el tacto, puede atribuirse al desgaste de las piezas dentales por su propia fricci\u00f3n, lo que se conoce como bruxismo.<\/p>\n<p>Tambi\u00e9n se\u00f1al\u00f3 que un paciente que sufre abrasi\u00f3n, es decir, un desgaste del diente causado por objetos diferentes al diente como un cepillado excesivamente agresivo, los piercings o abrir objetos con los dientes, es m\u00e1s propenso a padecer hipersensibilidad.<\/p>\n<p>La experta invit\u00f3 a los futuros odont\u00f3logos a diagnosticar adecuadamente a los pacientes para reconocer cu\u00e1l es el motivo del dolor de los dientes y, de esta manera, aportar el mejor tratamiento posible.<\/p>\n<p>Indic\u00f3 que para prevenir la hipersensibilidad el mejor tratamiento recomendado es el uso de pastas dentales que contengan acetato de estroncio y nitrato de potasio, qu\u00edmicos que act\u00faan como una capa protectora para los dientes.<\/p>\n<p>Las pastas para hipersensibilidad, refiri\u00f3 Ana Fr\u00edas Castilleja, deben usarse por lo menos dos veces al d\u00eda y no mezclarse con pastas de uso cotidiano. \u201cLa pasta es la primera l\u00ednea de tratamiento y es recomendable para personas mayores de 12 a\u00f1os\u201d.<\/p>\n","protected":false},"excerpt":{"rendered":"<p>La hipersensibilidad en los dientes es uno de los padecimientos m\u00e1s recurrentes en los pacientes de odontolog\u00eda, asegur\u00f3 la especialista Ana Fr\u00edas Castilleja, al dictar la conferencia virtual \u201cHipersensibilidad dental\u201d a estudiantes de la Facultad de Odontolog\u00eda de la Universidad Aut\u00f3noma del Estado de M\u00e9xico.<\/p>\n","protected":false},"author":1,"featured_media":473492,"comment_status":"open","ping_status":"open","sticky":false,"template":"","format":"standard","meta":{"_monsterinsights_skip_tracking":false,"_monsterinsights_sitenote_active":false,"_monsterinsights_sitenote_note":"","_monsterinsights_sitenote_category":0,"footnotes":""},"categories":[5],"tags":[43675,91235,452,1491],"class_list":["post-473490","post","type-post","status-publish","format-standard","has-post-thumbnail","hentry","category-estado-de-mexico","tag-estado-de-mexico","tag-odontologia","tag-toluca","tag-uaem"],"_links":{"self":[{"href":"https:\/\/www.diarioimagen.net\/index.php?rest_route=\/wp\/v2\/posts\/473490","targetHints":{"allow":["GET"]}}],"collection":[{"href":"https:\/\/www.diarioimagen.net\/index.php?rest_route=\/wp\/v2\/posts"}],"about":[{"href":"https:\/\/www.diarioimagen.net\/index.php?rest_route=\/wp\/v2\/types\/post"}],"author":[{"embeddable":true,"href":"https:\/\/www.diarioimagen.net\/index.php?rest_route=\/wp\/v2\/users\/1"}],"replies":[{"embeddable":true,"href":"https:\/\/www.diarioimagen.net\/index.php?rest_route=%2Fwp%2Fv2%2Fcomments&post=473490"}],"version-history":[{"count":0,"href":"https:\/\/www.diarioimagen.net\/index.php?rest_route=\/wp\/v2\/posts\/473490\/revisions"}],"wp:featuredmedia":[{"embeddable":true,"href":"https:\/\/www.diarioimagen.net\/index.php?rest_route=\/wp\/v2\/media\/473492"}],"wp:attachment":[{"href":"https:\/\/www.diarioimagen.net\/index.php?rest_route=%2Fwp%2Fv2%2Fmedia&parent=473490"}],"wp:term":[{"taxonomy":"category","embeddable":true,"href":"https:\/\/www.diarioimagen.net\/index.php?rest_route=%2Fwp%2Fv2%2Fcategories&post=473490"},{"taxonomy":"post_tag","embeddable":true,"href":"https:\/\/www.diarioimagen.net\/index.php?rest_route=%2Fwp%2Fv2%2Ftags&post=473490"}],"curies":[{"name":"wp","href":"https:\/\/api.w.org\/{rel}","templated":true}]}}