{"id":473691,"date":"2020-07-10T00:03:36","date_gmt":"2020-07-10T05:03:36","guid":{"rendered":"https:\/\/www.diarioimagen.net\/?p=473691"},"modified":"2020-07-09T23:00:09","modified_gmt":"2020-07-10T04:00:09","slug":"buen-viaje","status":"publish","type":"post","link":"https:\/\/www.diarioimagen.net\/?p=473691","title":{"rendered":"\u00a0\u00bfBuen viaje?"},"content":{"rendered":"<h2>Espacio Electoral<\/h2>\n<h5>Eleazar Flores<\/h5>\n<p>&nbsp;<\/p>\n<p><strong>\u00bfY LOS PROBLEMAS?<\/strong>.- Ahora resulta que fue \u201ctodo un \u00e9xito\u201d la visita del padre de la Cuarta Transformaci\u00f3n al presidente Donald Trump, por la simple y sencilla raz\u00f3n que \u201cno nos peleamos\u201d como muchos tem\u00edan. Lo que pasa es que fue un encuentro de florilegio, sin fondo.<\/p>\n<p>Ese fondo pudo haber sido tratar ante gobernados y medios de comunicaci\u00f3n de ambos pa\u00edses, asuntos como inmigraci\u00f3n, el \u201cmuro militar\u201d mexicano en las fronteras norte y sur, con la finalidad de detener a centroamericanos que tomaban a M\u00e9xico como pa\u00eds de paso para ir o regresar de la Uni\u00f3n Americana. Ese bimuro militar lo forman m\u00e1s de 50 mil elementos de la Guardia Nacional.<\/p>\n<p><strong>DOBLE FONDO<\/strong>.- El viaje de casi 48 horas por parte de nuestro presidente Andr\u00e9s Manuel L\u00f3pez Obrador, de las cuales escasamente 8 horas estuvo con su hom\u00f3logo norteamericano, Donald Trump, el mi\u00e9rcoles entre tarde y noche, realmente tiene doble fondo, uno para el tabasque\u00f1o que sinceramente necesita de poco apoyo, pero a quien le urge es a Tump. Aqu\u00ed est\u00e1 el doble fondo.<\/p>\n<p><strong>SUBIR\u00c1<\/strong>-. El m\u00e1s urgido de apoyo medi\u00e1tico lo era y lo sigue siendo el presidente-candidato republicano Donald Trump, pues la semana pasada iba 14 puntos abajo de las preferencias electorales en relaci\u00f3n al virtual candidato dem\u00f3crata Joe Biden, quien fue vicepresidente en el cuatrienio \u00faltimo del presidente Barak Obama.<\/p>\n<p>No se necesita el apoyo del \u201cbrujo mayor\u201d para enterarnos la semana pr\u00f3xima del levant\u00f3n que tendr\u00e1 el presidente Trump en las encuestas. Su buen comportamiento ante el presidente L\u00f3pez Obrador el mi\u00e9rcoles pasado ten\u00eda esa intenci\u00f3n y seguramente lo logar\u00e1. Porque eso de que ahora si Andr\u00e9s Manuel es su \u201camigou\u201d espero que no se la crea nadie.<\/p>\n<p>De refrescarnos la memoria se encarg\u00f3 justamente el candidato dem\u00f3crata Joe Biden quien en redes sociales record\u00f3 que hace cuatro a\u00f1os, Trump calific\u00f3 a los mexicanos de \u201cdelincuentes, violadores, drogadictos\u201d y muchas linduras m\u00e1s. Y eso que no record\u00f3 discursos anti-Trump del entonces candidato presidencial mexicano, Andr\u00e9s Manuel, que lo calific\u00f3 de racista, supremacista.<\/p>\n<p><strong>EDOMEX<\/strong>.- En suelo mexiquense todo sigue rojo intenso, no s\u00f3lo el sem\u00e1foro por la pandemia del coronavirus; tambi\u00e9n por el alto \u00edndice delincuencial, predominando entre las v\u00edctimas a mujeres y menores de edad. Tambi\u00e9n en un asalto en carreteras del sur en el que fueron v\u00edctimas vecinos y uniformados, tema del que se habla poco.<\/p>\n<p>Por si fuera poco, se difundi\u00f3 poco la colocaci\u00f3n de mantas amenazadoras en distintos puentes de las principales carreteras mexiquenses, firmadas por el crimen organizado que pelea el territorio.<\/p>\n<p>Sin menosprecio a los mensajes televisivos grabados del gobernador por el coronavirus, deber\u00eda dar el gobierno una explicaci\u00f3n\u00a0 del alto \u00edndice delincuencial.<\/p>\n<p><a href=\"mailto:elefa44@gmail.com\" target=\"_blank\" rel=\"noopener noreferrer\"><em>lefa44@gmail.com<\/em><\/a><\/p>\n","protected":false},"excerpt":{"rendered":"<p><span style=\"color: #005497;\"><strong>Eleazar Flores<\/strong><\/span><\/p>\n","protected":false},"author":3,"featured_media":0,"comment_status":"open","ping_status":"open","sticky":false,"template":"","format":"standard","meta":{"_monsterinsights_skip_tracking":false,"_monsterinsights_sitenote_active":false,"_monsterinsights_sitenote_note":"","_monsterinsights_sitenote_category":0,"footnotes":""},"categories":[81743],"tags":[81744,81776,43674],"class_list":["post-473691","post","type-post","status-publish","format-standard","hentry","category-eleazar-flores","tag-eleazar-flores","tag-espacio-electoral","tag-opinion"],"_links":{"self":[{"href":"https:\/\/www.diarioimagen.net\/index.php?rest_route=\/wp\/v2\/posts\/473691","targetHints":{"allow":["GET"]}}],"collection":[{"href":"https:\/\/www.diarioimagen.net\/index.php?rest_route=\/wp\/v2\/posts"}],"about":[{"href":"https:\/\/www.diarioimagen.net\/index.php?rest_route=\/wp\/v2\/types\/post"}],"author":[{"embeddable":true,"href":"https:\/\/www.diarioimagen.net\/index.php?rest_route=\/wp\/v2\/users\/3"}],"replies":[{"embeddable":true,"href":"https:\/\/www.diarioimagen.net\/index.php?rest_route=%2Fwp%2Fv2%2Fcomments&post=473691"}],"version-history":[{"count":0,"href":"https:\/\/www.diarioimagen.net\/index.php?rest_route=\/wp\/v2\/posts\/473691\/revisions"}],"wp:attachment":[{"href":"https:\/\/www.diarioimagen.net\/index.php?rest_route=%2Fwp%2Fv2%2Fmedia&parent=473691"}],"wp:term":[{"taxonomy":"category","embeddable":true,"href":"https:\/\/www.diarioimagen.net\/index.php?rest_route=%2Fwp%2Fv2%2Fcategories&post=473691"},{"taxonomy":"post_tag","embeddable":true,"href":"https:\/\/www.diarioimagen.net\/index.php?rest_route=%2Fwp%2Fv2%2Ftags&post=473691"}],"curies":[{"name":"wp","href":"https:\/\/api.w.org\/{rel}","templated":true}]}}