{"id":473755,"date":"2020-07-13T00:04:10","date_gmt":"2020-07-13T05:04:10","guid":{"rendered":"https:\/\/www.diarioimagen.net\/?p=473755"},"modified":"2020-07-13T03:10:56","modified_gmt":"2020-07-13T08:10:56","slug":"recorridos-en-tultitlan-para-dar-informacion-sobre-medidas-de-prevencion-sanitaria","status":"publish","type":"post","link":"https:\/\/www.diarioimagen.net\/?p=473755","title":{"rendered":"Recorridos en Tultitl\u00e1n para dar informaci\u00f3n sobre medidas de prevenci\u00f3n sanitaria"},"content":{"rendered":"<p>&nbsp;<\/p>\n<p><a href=\"https:\/\/www.diarioimagen.net\/wp-content\/uploads\/2020\/07\/CAMACHO13-d-por.jpg\"><img loading=\"lazy\" decoding=\"async\" class=\"aligncenter wp-image-473756 size-large\" src=\"https:\/\/www.diarioimagen.net\/wp-content\/uploads\/2020\/07\/CAMACHO13-d-por-460x268.jpg\" alt=\"\" width=\"460\" height=\"268\" srcset=\"https:\/\/www.diarioimagen.net\/wp-content\/uploads\/2020\/07\/CAMACHO13-d-por-460x268.jpg 460w, https:\/\/www.diarioimagen.net\/wp-content\/uploads\/2020\/07\/CAMACHO13-d-por-240x140.jpg 240w, https:\/\/www.diarioimagen.net\/wp-content\/uploads\/2020\/07\/CAMACHO13-d-por.jpg 480w\" sizes=\"auto, (max-width: 460px) 100vw, 460px\" \/><\/a><\/p>\n<p>&nbsp;<\/p>\n<p><b>Tultitl\u00e1n, Estado de M\u00e9xico.- <\/b>La Direcci\u00f3n de Desarrollo Econ\u00f3mico, a cargo de Jos\u00e9 Manuel Bonilla, realizaron un recorrido por las distintas colonias de la zona sur de este municipio con el objetivo de difundir informaci\u00f3n acerca de las medidas de prevenci\u00f3n establecidas para los comercios que podr\u00e1n volver a operar en esta nueva normalidad, y as\u00ed conseguir un regreso seguro a las diferentes actividades econ\u00f3micas.<\/p>\n","protected":false},"excerpt":{"rendered":"<p>La Direcci\u00f3n de Desarrollo Econ\u00f3mico, a cargo de Jos\u00e9 Manuel Bonilla, realizaron un recorrido por las distintas colonias de la zona sur de este municipio con el objetivo de difundir informaci\u00f3n acerca de las medidas de prevenci\u00f3n establecidas para los comercios que podr\u00e1n volver a operar en esta nueva normalidad, y as\u00ed conseguir un regreso seguro a las diferentes actividades econ\u00f3micas.<\/p>\n","protected":false},"author":1,"featured_media":473756,"comment_status":"open","ping_status":"open","sticky":false,"template":"","format":"standard","meta":{"_monsterinsights_skip_tracking":false,"_monsterinsights_sitenote_active":false,"_monsterinsights_sitenote_note":"","_monsterinsights_sitenote_category":0,"footnotes":""},"categories":[5],"tags":[91256,578],"class_list":["post-473755","post","type-post","status-publish","format-standard","has-post-thumbnail","hentry","category-estado-de-mexico","tag-jose-manuel-bonilla","tag-tultitlan"],"_links":{"self":[{"href":"https:\/\/www.diarioimagen.net\/index.php?rest_route=\/wp\/v2\/posts\/473755","targetHints":{"allow":["GET"]}}],"collection":[{"href":"https:\/\/www.diarioimagen.net\/index.php?rest_route=\/wp\/v2\/posts"}],"about":[{"href":"https:\/\/www.diarioimagen.net\/index.php?rest_route=\/wp\/v2\/types\/post"}],"author":[{"embeddable":true,"href":"https:\/\/www.diarioimagen.net\/index.php?rest_route=\/wp\/v2\/users\/1"}],"replies":[{"embeddable":true,"href":"https:\/\/www.diarioimagen.net\/index.php?rest_route=%2Fwp%2Fv2%2Fcomments&post=473755"}],"version-history":[{"count":0,"href":"https:\/\/www.diarioimagen.net\/index.php?rest_route=\/wp\/v2\/posts\/473755\/revisions"}],"wp:featuredmedia":[{"embeddable":true,"href":"https:\/\/www.diarioimagen.net\/index.php?rest_route=\/wp\/v2\/media\/473756"}],"wp:attachment":[{"href":"https:\/\/www.diarioimagen.net\/index.php?rest_route=%2Fwp%2Fv2%2Fmedia&parent=473755"}],"wp:term":[{"taxonomy":"category","embeddable":true,"href":"https:\/\/www.diarioimagen.net\/index.php?rest_route=%2Fwp%2Fv2%2Fcategories&post=473755"},{"taxonomy":"post_tag","embeddable":true,"href":"https:\/\/www.diarioimagen.net\/index.php?rest_route=%2Fwp%2Fv2%2Ftags&post=473755"}],"curies":[{"name":"wp","href":"https:\/\/api.w.org\/{rel}","templated":true}]}}