{"id":473758,"date":"2020-07-13T00:03:13","date_gmt":"2020-07-13T05:03:13","guid":{"rendered":"https:\/\/www.diarioimagen.net\/?p=473758"},"modified":"2020-07-13T00:26:17","modified_gmt":"2020-07-13T05:26:17","slug":"aplican-comercios-de-naucalpan-protocolos-para-un-retorno-seguro-tras-la-cuarentena","status":"publish","type":"post","link":"https:\/\/www.diarioimagen.net\/?p=473758","title":{"rendered":"Aplican comercios de Naucalpan protocolos\u00a0 para un retorno seguro, tras la cuarentena"},"content":{"rendered":"<ul>\n<li><em><b>Medidas para clientes y personal<\/b><\/em><\/li>\n<\/ul>\n<p>&nbsp;<\/p>\n<p><a href=\"https:\/\/www.diarioimagen.net\/wp-content\/uploads\/2020\/07\/CAMACHO13-c-por.jpg\"><img loading=\"lazy\" decoding=\"async\" class=\"aligncenter size-large wp-image-473759\" src=\"https:\/\/www.diarioimagen.net\/wp-content\/uploads\/2020\/07\/CAMACHO13-c-por-460x460.jpg\" alt=\"\" width=\"460\" height=\"460\" srcset=\"https:\/\/www.diarioimagen.net\/wp-content\/uploads\/2020\/07\/CAMACHO13-c-por-460x460.jpg 460w, https:\/\/www.diarioimagen.net\/wp-content\/uploads\/2020\/07\/CAMACHO13-c-por-240x240.jpg 240w, https:\/\/www.diarioimagen.net\/wp-content\/uploads\/2020\/07\/CAMACHO13-c-por-150x150.jpg 150w, https:\/\/www.diarioimagen.net\/wp-content\/uploads\/2020\/07\/CAMACHO13-c-por-50x50.jpg 50w, https:\/\/www.diarioimagen.net\/wp-content\/uploads\/2020\/07\/CAMACHO13-c-por-75x75.jpg 75w, https:\/\/www.diarioimagen.net\/wp-content\/uploads\/2020\/07\/CAMACHO13-c-por-70x70.jpg 70w, https:\/\/www.diarioimagen.net\/wp-content\/uploads\/2020\/07\/CAMACHO13-c-por.jpg 640w\" sizes=\"auto, (max-width: 460px) 100vw, 460px\" \/><\/a><\/p>\n<p>&nbsp;<\/p>\n<p><strong>Naucalpan, Estado de M\u00e9xico<\/strong>.- El gobierno local, en coordinaci\u00f3n con la iniciativa privada, defini\u00f3 protocolos para el retorno ordenado y seguro a las actividades econ\u00f3micas que estuvieron suspendidas por la emergencia sanitaria por Covid-19.<\/p>\n<p>En el caso de restaurantes, el gobierno municipal estableci\u00f3 el uso de tapetes sanitizantes en los accesos, lavado de manos, aplicaci\u00f3n de gel antibacterial y toma de temperatura. Asimismo, si el lugar ha llegado al cupo m\u00e1ximo permitido, que es del 30 por ciento, las personas deber\u00e1n esperar afuera, respetando la sana distancia.<\/p>\n<p>Para el caso de las plazas comerciales, los clientes deber\u00e1n seguir las indicaciones antes mencionadas y adicionalmente acatar los se\u00f1alamientos para el desplazamiento marcados en el suelo, evitar aglomeraciones en cajas de pago y elevadores, cederles el paso a personas en situaci\u00f3n de vulnerabilidad, no tocar objetos que no vayan a comprar y no manipular alimentos. Tanto en restaurantes como en centros comerciales se deben respetar las indicaciones de sana distancia, as\u00ed como el uso de cubrebocas.Estos protocolos no aplican \u00fanicamente para la clientela, pues el personal laboral tambi\u00e9n deber\u00e1 seguirlos, adem\u00e1s de desinfectar sus \u00e1reas de trabajo y manejar con precauci\u00f3n los alimentos.<\/p>\n<p>El Gobierno de Naucalpan recuerda a la poblaci\u00f3n que estamos en Sem\u00e1foro Rojo, con apertura de restaurantes, centros comerciales y peque\u00f1os comercios con un aforo m\u00e1ximo del 30 por ciento.<\/p>\n<p>La Administraci\u00f3n municipal cuenta con un plan de regreso seguro a las actividades, sin embargo, recomienda a las personas permanecer en casa y solo salir para realizar compras necesarias. La forma m\u00e1s efectiva de prevenir contagios es mediante el resguardo en los hogares.<\/p>\n<p>En la elaboraci\u00f3n de los protocolos han participado organizaciones industriales y comerciales como el Consejo Coordinador Empresarial Estado de M\u00e9xico (CCEM), la C\u00e1mara Nacional de la Industria de Restaurantes y Alimentos Condimentados (Canirac) Valle de M\u00e9xico, y la C\u00e1mara Nacional de la Industria de Transformaci\u00f3n (Canacintra).<\/p>\n<p>Para mantener informada a la poblaci\u00f3n, el Gobierno de Naucalpan habilit\u00f3 el micrositiohttps:\/\/naucalpan.gob.mx\/covid-19. Tambi\u00e9n se pone a disposici\u00f3n los tel\u00e9fonos 800 004 4800, de la Unidad de Inteligencia Epidemiol\u00f3gica y Sanitaria; 800 900 3200, tel\u00e9fono de asesor\u00eda COVID-19 del Estado de M\u00e9xico; as\u00ed como 5371 2250, del C4 Municipal, que podr\u00e1 canalizar al Instituto Municipal de Atenci\u00f3n a la Salud.<\/p>\n","protected":false},"excerpt":{"rendered":"<p>El gobierno local, en coordinaci\u00f3n con la iniciativa privada, defini\u00f3 protocolos para el retorno ordenado y seguro a las actividades econ\u00f3micas que estuvieron suspendidas por la emergencia sanitaria por Covid-19.<\/p>\n","protected":false},"author":1,"featured_media":473760,"comment_status":"open","ping_status":"open","sticky":false,"template":"","format":"standard","meta":{"_monsterinsights_skip_tracking":false,"_monsterinsights_sitenote_active":false,"_monsterinsights_sitenote_note":"","_monsterinsights_sitenote_category":0,"footnotes":""},"categories":[5],"tags":[90751,90021,43675,970],"class_list":["post-473758","post","type-post","status-publish","format-standard","has-post-thumbnail","hentry","category-estado-de-mexico","tag-centros-comerciales","tag-covid-19","tag-estado-de-mexico","tag-naucalpan"],"_links":{"self":[{"href":"https:\/\/www.diarioimagen.net\/index.php?rest_route=\/wp\/v2\/posts\/473758","targetHints":{"allow":["GET"]}}],"collection":[{"href":"https:\/\/www.diarioimagen.net\/index.php?rest_route=\/wp\/v2\/posts"}],"about":[{"href":"https:\/\/www.diarioimagen.net\/index.php?rest_route=\/wp\/v2\/types\/post"}],"author":[{"embeddable":true,"href":"https:\/\/www.diarioimagen.net\/index.php?rest_route=\/wp\/v2\/users\/1"}],"replies":[{"embeddable":true,"href":"https:\/\/www.diarioimagen.net\/index.php?rest_route=%2Fwp%2Fv2%2Fcomments&post=473758"}],"version-history":[{"count":0,"href":"https:\/\/www.diarioimagen.net\/index.php?rest_route=\/wp\/v2\/posts\/473758\/revisions"}],"wp:featuredmedia":[{"embeddable":true,"href":"https:\/\/www.diarioimagen.net\/index.php?rest_route=\/wp\/v2\/media\/473760"}],"wp:attachment":[{"href":"https:\/\/www.diarioimagen.net\/index.php?rest_route=%2Fwp%2Fv2%2Fmedia&parent=473758"}],"wp:term":[{"taxonomy":"category","embeddable":true,"href":"https:\/\/www.diarioimagen.net\/index.php?rest_route=%2Fwp%2Fv2%2Fcategories&post=473758"},{"taxonomy":"post_tag","embeddable":true,"href":"https:\/\/www.diarioimagen.net\/index.php?rest_route=%2Fwp%2Fv2%2Ftags&post=473758"}],"curies":[{"name":"wp","href":"https:\/\/api.w.org\/{rel}","templated":true}]}}